{"id":8300,"date":"2013-10-23T02:00:00","date_gmt":"2013-10-23T02:00:00","guid":{"rendered":"http:\/\/a-desk.org\/2013\/10\/23\/fan-mal-les-exhibicions\/"},"modified":"2013-10-23T02:00:00","modified_gmt":"2013-10-23T02:00:00","slug":"fan-mal-les-exhibicions","status":"publish","type":"post","link":"https:\/\/a-desk.org\/ca\/magazine\/fan-mal-les-exhibicions\/","title":{"rendered":"Fan mal les exhibicions?"},"content":{"rendered":"<p><img decoding=\"async\" class=\" alignleft size-full wp-image-8226\" src=\"http:\/\/a-desk.org\/wp-content\/uploads\/2013\/10\/Vandalismo_Virgen.jpg\" alt=\"Vandalismo_Virgen.jpg\" align=\"left\" width=\"670\" height=\"542\" srcset=\"https:\/\/a-desk.org\/wp-content\/uploads\/2013\/10\/Vandalismo_Virgen.jpg 670w, https:\/\/a-desk.org\/wp-content\/uploads\/2013\/10\/Vandalismo_Virgen-494x400.jpg 494w\" sizes=\"(max-width: 670px) 100vw, 670px\" \/><br \/>\nQuan es diu que una exhibici\u00f3 fa mal o pertorba un espectador o un sistema, es fa el comentari des de cert benepl\u00e0cit humanista, i per dir-ho aix\u00ed, cl\u00ednic: suposem que sacsejar els prejudicis del p\u00fablic o enfrontar-lo amb els seus traumes o colpejar seves convencions arrossega alguna possibilitat d\u2019engrandiment o elaboraci\u00f3 de part del, diguem-ne, subjecte. Demanem aix\u00f2: volem exhibicions que facin mal, per\u00f2 no seriosament. Ning\u00fa vol que massacrin al p\u00fablic de veritat. Torturar, s\u00ed, per\u00f2 dins de certs l\u00edmits fixats, ni m\u00e9s ni menys que per Arist\u00f2til per al teatre.<\/p>\n<p>I no obstant aix\u00f2, els danys severs, la veritable carnisseria, \u00e9s donen m\u00e9s aviat en la mat\u00e8ria de tots els dies en el treball de les exhibicions: obres mal triades, mal historitzades, pol\u00edtiques culturals imprudents, textos que no diuen res&#8230; Demanem aix\u00f2, tamb\u00e9: una mica de pietat, almenys; visitar una mostra en una instituci\u00f3 sense la sensaci\u00f3 que estem anant a veure el lloc d&#8217;un accident automobil\u00edstic.<\/p>\n<p>Els cr\u00edtics, particularment, patim el tema d&#8217;haver de distingir entre diferents tipus d&#8217;iconocl\u00e0stia: una cosa \u00e9s la forma com els compositors sovi\u00e8tics maltractaven el piano i una altra \u00e9s certa manera de penjar exhibicions d&#8217;art dels anys &#8217;60&#8230; Per\u00f2 la principal difer\u00e8ncia \u00e9s que qui pateix tots aquests danys, per\u00f2, no \u00e9s un espectador amb un f\u00f2rum intern dotat dels recursos necessaris per debatre els seus propis prejudicis, sin\u00f3 un objecte privat de mitjans per defensar-se, que amb prou feines aconsegueix despertar l&#8217;empatia d&#8217;un compassiu cr\u00edtic. Aqu\u00ed \u00e9s on els advocats del diable es converteixen en advocats de pobres.<\/p>\n","protected":false},"excerpt":{"rendered":"<p>Quan es diu que una exhibici\u00f3 fa mal o pertorba un espectador o un sistema, es fa el comentari des de cert benepl\u00e0cit humanista, i per dir-ho aix\u00ed, cl\u00ednic: suposem&#8230;<\/p>\n","protected":false},"author":1258,"featured_media":8226,"comment_status":"open","ping_status":"open","sticky":false,"template":"","format":"standard","meta":{"_relevanssi_hide_post":"","_relevanssi_hide_content":"","_relevanssi_pin_for_all":"","_relevanssi_pin_keywords":"","_relevanssi_unpin_keywords":"","_relevanssi_related_keywords":"","_relevanssi_related_include_ids":"","_relevanssi_related_exclude_ids":"","_relevanssi_related_no_append":"","_relevanssi_related_not_related":"","_relevanssi_related_posts":"","_relevanssi_noindex_reason":"","footnotes":""},"categories":[6782],"tags":[],"coauthors":[],"acf":[],"yoast_head":"<!-- This site is optimized with the Yoast SEO plugin v22.6 - https:\/\/yoast.com\/wordpress\/plugins\/seo\/ -->\n<title>Fan mal les exhibicions? &#8211; A*Desk<\/title>\n<meta name=\"robots\" content=\"index, follow, max-snippet:-1, max-image-preview:large, max-video-preview:-1\" \/>\n<link rel=\"canonical\" href=\"https:\/\/a-desk.org\/ca\/magazine\/fan-mal-les-exhibicions\/\" \/>\n<meta property=\"og:locale\" content=\"ca_ES\" \/>\n<meta property=\"og:type\" content=\"article\" \/>\n<meta property=\"og:title\" content=\"Fan mal les exhibicions? &#8211; A*Desk\" \/>\n<meta property=\"og:description\" content=\"Quan es diu que una exhibici\u00f3 fa mal o pertorba un espectador o un sistema, es fa el comentari des de cert benepl\u00e0cit humanista, i per dir-ho aix\u00ed, cl\u00ednic: suposem...\" \/>\n<meta property=\"og:url\" content=\"https:\/\/a-desk.org\/ca\/magazine\/fan-mal-les-exhibicions\/\" \/>\n<meta property=\"og:site_name\" content=\"A*Desk\" \/>\n<meta property=\"article:published_time\" content=\"2013-10-23T02:00:00+00:00\" \/>\n<meta property=\"og:image\" content=\"https:\/\/a-desk.org\/wp-content\/uploads\/2013\/10\/Vandalismo_Virgen.jpg\" \/>\n\t<meta property=\"og:image:width\" content=\"670\" \/>\n\t<meta property=\"og:image:height\" content=\"542\" \/>\n\t<meta property=\"og:image:type\" content=\"image\/jpeg\" \/>\n<meta name=\"author\" content=\"Claudio M Iglesias\" \/>\n<meta name=\"twitter:card\" content=\"summary_large_image\" \/>\n<meta name=\"twitter:label1\" content=\"Escrit per\" \/>\n\t<meta name=\"twitter:data1\" content=\"Claudio M Iglesias\" \/>\n\t<meta name=\"twitter:label2\" content=\"Temps estimat de lectura\" \/>\n\t<meta name=\"twitter:data2\" content=\"1 minut\" \/>\n\t<meta name=\"twitter:label3\" content=\"Written by\" \/>\n\t<meta name=\"twitter:data3\" content=\"Claudio M Iglesias\" \/>\n<script type=\"application\/ld+json\" class=\"yoast-schema-graph\">{\"@context\":\"https:\/\/schema.org\",\"@graph\":[{\"@type\":\"WebPage\",\"@id\":\"https:\/\/a-desk.org\/ca\/magazine\/fan-mal-les-exhibicions\/\",\"url\":\"https:\/\/a-desk.org\/ca\/magazine\/fan-mal-les-exhibicions\/\",\"name\":\"Fan mal les exhibicions? &#8211; A*Desk\",\"isPartOf\":{\"@id\":\"https:\/\/a-desk.org\/#website\"},\"primaryImageOfPage\":{\"@id\":\"https:\/\/a-desk.org\/ca\/magazine\/fan-mal-les-exhibicions\/#primaryimage\"},\"image\":{\"@id\":\"https:\/\/a-desk.org\/ca\/magazine\/fan-mal-les-exhibicions\/#primaryimage\"},\"thumbnailUrl\":\"https:\/\/a-desk.org\/wp-content\/uploads\/2013\/10\/Vandalismo_Virgen.jpg\",\"datePublished\":\"2013-10-23T02:00:00+00:00\",\"dateModified\":\"2013-10-23T02:00:00+00:00\",\"author\":{\"@id\":\"https:\/\/a-desk.org\/#\/schema\/person\/08e388c7b314f2d2be2fc3c81c63af02\"},\"breadcrumb\":{\"@id\":\"https:\/\/a-desk.org\/ca\/magazine\/fan-mal-les-exhibicions\/#breadcrumb\"},\"inLanguage\":\"ca\",\"potentialAction\":[{\"@type\":\"ReadAction\",\"target\":[\"https:\/\/a-desk.org\/ca\/magazine\/fan-mal-les-exhibicions\/\"]}]},{\"@type\":\"ImageObject\",\"inLanguage\":\"ca\",\"@id\":\"https:\/\/a-desk.org\/ca\/magazine\/fan-mal-les-exhibicions\/#primaryimage\",\"url\":\"https:\/\/a-desk.org\/wp-content\/uploads\/2013\/10\/Vandalismo_Virgen.jpg\",\"contentUrl\":\"https:\/\/a-desk.org\/wp-content\/uploads\/2013\/10\/Vandalismo_Virgen.jpg\",\"width\":670,\"height\":542,\"caption\":\"Vandalismo_Virgen.jpg\"},{\"@type\":\"BreadcrumbList\",\"@id\":\"https:\/\/a-desk.org\/ca\/magazine\/fan-mal-les-exhibicions\/#breadcrumb\",\"itemListElement\":[{\"@type\":\"ListItem\",\"position\":1,\"name\":\"Portada\",\"item\":\"https:\/\/a-desk.org\/ca\/\"},{\"@type\":\"ListItem\",\"position\":2,\"name\":\"Fan mal les exhibicions?\"}]},{\"@type\":\"WebSite\",\"@id\":\"https:\/\/a-desk.org\/#website\",\"url\":\"https:\/\/a-desk.org\/\",\"name\":\"A*Desk\",\"description\":\"A*Desk Critical Thinking\",\"potentialAction\":[{\"@type\":\"SearchAction\",\"target\":{\"@type\":\"EntryPoint\",\"urlTemplate\":\"https:\/\/a-desk.org\/?s={search_term_string}\"},\"query-input\":\"required name=search_term_string\"}],\"inLanguage\":\"ca\"},{\"@type\":\"Person\",\"@id\":\"https:\/\/a-desk.org\/#\/schema\/person\/08e388c7b314f2d2be2fc3c81c63af02\",\"name\":\"Claudio M Iglesias\",\"image\":{\"@type\":\"ImageObject\",\"inLanguage\":\"ca\",\"@id\":\"https:\/\/a-desk.org\/#\/schema\/person\/image\/41616e70089c6e7a485787f1d4d6ac09\",\"url\":\"https:\/\/secure.gravatar.com\/avatar\/24e239b83af4a68fbf49e5b0385373ef?s=96&d=mm&r=g\",\"contentUrl\":\"https:\/\/secure.gravatar.com\/avatar\/24e239b83af4a68fbf49e5b0385373ef?s=96&d=mm&r=g\",\"caption\":\"Claudio M Iglesias\"},\"url\":\"https:\/\/a-desk.org\/ca\/autor\/claudio\/\"}]}<\/script>\n<!-- \/ Yoast SEO plugin. -->","yoast_head_json":{"title":"Fan mal les exhibicions? &#8211; A*Desk","robots":{"index":"index","follow":"follow","max-snippet":"max-snippet:-1","max-image-preview":"max-image-preview:large","max-video-preview":"max-video-preview:-1"},"canonical":"https:\/\/a-desk.org\/ca\/magazine\/fan-mal-les-exhibicions\/","og_locale":"ca_ES","og_type":"article","og_title":"Fan mal les exhibicions? &#8211; A*Desk","og_description":"Quan es diu que una exhibici\u00f3 fa mal o pertorba un espectador o un sistema, es fa el comentari des de cert benepl\u00e0cit humanista, i per dir-ho aix\u00ed, cl\u00ednic: suposem...","og_url":"https:\/\/a-desk.org\/ca\/magazine\/fan-mal-les-exhibicions\/","og_site_name":"A*Desk","article_published_time":"2013-10-23T02:00:00+00:00","og_image":[{"width":670,"height":542,"url":"https:\/\/a-desk.org\/wp-content\/uploads\/2013\/10\/Vandalismo_Virgen.jpg","type":"image\/jpeg"}],"author":"Claudio M Iglesias","twitter_card":"summary_large_image","twitter_misc":{"Escrit per":"Claudio M Iglesias","Temps estimat de lectura":"1 minut","Written by":"Claudio M Iglesias"},"schema":{"@context":"https:\/\/schema.org","@graph":[{"@type":"WebPage","@id":"https:\/\/a-desk.org\/ca\/magazine\/fan-mal-les-exhibicions\/","url":"https:\/\/a-desk.org\/ca\/magazine\/fan-mal-les-exhibicions\/","name":"Fan mal les exhibicions? &#8211; A*Desk","isPartOf":{"@id":"https:\/\/a-desk.org\/#website"},"primaryImageOfPage":{"@id":"https:\/\/a-desk.org\/ca\/magazine\/fan-mal-les-exhibicions\/#primaryimage"},"image":{"@id":"https:\/\/a-desk.org\/ca\/magazine\/fan-mal-les-exhibicions\/#primaryimage"},"thumbnailUrl":"https:\/\/a-desk.org\/wp-content\/uploads\/2013\/10\/Vandalismo_Virgen.jpg","datePublished":"2013-10-23T02:00:00+00:00","dateModified":"2013-10-23T02:00:00+00:00","author":{"@id":"https:\/\/a-desk.org\/#\/schema\/person\/08e388c7b314f2d2be2fc3c81c63af02"},"breadcrumb":{"@id":"https:\/\/a-desk.org\/ca\/magazine\/fan-mal-les-exhibicions\/#breadcrumb"},"inLanguage":"ca","potentialAction":[{"@type":"ReadAction","target":["https:\/\/a-desk.org\/ca\/magazine\/fan-mal-les-exhibicions\/"]}]},{"@type":"ImageObject","inLanguage":"ca","@id":"https:\/\/a-desk.org\/ca\/magazine\/fan-mal-les-exhibicions\/#primaryimage","url":"https:\/\/a-desk.org\/wp-content\/uploads\/2013\/10\/Vandalismo_Virgen.jpg","contentUrl":"https:\/\/a-desk.org\/wp-content\/uploads\/2013\/10\/Vandalismo_Virgen.jpg","width":670,"height":542,"caption":"Vandalismo_Virgen.jpg"},{"@type":"BreadcrumbList","@id":"https:\/\/a-desk.org\/ca\/magazine\/fan-mal-les-exhibicions\/#breadcrumb","itemListElement":[{"@type":"ListItem","position":1,"name":"Portada","item":"https:\/\/a-desk.org\/ca\/"},{"@type":"ListItem","position":2,"name":"Fan mal les exhibicions?"}]},{"@type":"WebSite","@id":"https:\/\/a-desk.org\/#website","url":"https:\/\/a-desk.org\/","name":"A*Desk","description":"A*Desk Critical Thinking","potentialAction":[{"@type":"SearchAction","target":{"@type":"EntryPoint","urlTemplate":"https:\/\/a-desk.org\/?s={search_term_string}"},"query-input":"required name=search_term_string"}],"inLanguage":"ca"},{"@type":"Person","@id":"https:\/\/a-desk.org\/#\/schema\/person\/08e388c7b314f2d2be2fc3c81c63af02","name":"Claudio M Iglesias","image":{"@type":"ImageObject","inLanguage":"ca","@id":"https:\/\/a-desk.org\/#\/schema\/person\/image\/41616e70089c6e7a485787f1d4d6ac09","url":"https:\/\/secure.gravatar.com\/avatar\/24e239b83af4a68fbf49e5b0385373ef?s=96&d=mm&r=g","contentUrl":"https:\/\/secure.gravatar.com\/avatar\/24e239b83af4a68fbf49e5b0385373ef?s=96&d=mm&r=g","caption":"Claudio M Iglesias"},"url":"https:\/\/a-desk.org\/ca\/autor\/claudio\/"}]}},"_links":{"self":[{"href":"https:\/\/a-desk.org\/ca\/wp-json\/wp\/v2\/posts\/8300"}],"collection":[{"href":"https:\/\/a-desk.org\/ca\/wp-json\/wp\/v2\/posts"}],"about":[{"href":"https:\/\/a-desk.org\/ca\/wp-json\/wp\/v2\/types\/post"}],"author":[{"embeddable":true,"href":"https:\/\/a-desk.org\/ca\/wp-json\/wp\/v2\/users\/1258"}],"replies":[{"embeddable":true,"href":"https:\/\/a-desk.org\/ca\/wp-json\/wp\/v2\/comments?post=8300"}],"version-history":[{"count":0,"href":"https:\/\/a-desk.org\/ca\/wp-json\/wp\/v2\/posts\/8300\/revisions"}],"wp:featuredmedia":[{"embeddable":true,"href":"https:\/\/a-desk.org\/ca\/wp-json\/wp\/v2\/media\/8226"}],"wp:attachment":[{"href":"https:\/\/a-desk.org\/ca\/wp-json\/wp\/v2\/media?parent=8300"}],"wp:term":[{"taxonomy":"category","embeddable":true,"href":"https:\/\/a-desk.org\/ca\/wp-json\/wp\/v2\/categories?post=8300"},{"taxonomy":"post_tag","embeddable":true,"href":"https:\/\/a-desk.org\/ca\/wp-json\/wp\/v2\/tags?post=8300"},{"taxonomy":"author","embeddable":true,"href":"https:\/\/a-desk.org\/ca\/wp-json\/wp\/v2\/coauthors?post=8300"}],"curies":[{"name":"wp","href":"https:\/\/api.w.org\/{rel}","templated":true}]}}