{"id":8328,"date":"2013-10-31T02:00:00","date_gmt":"2013-10-31T02:00:00","guid":{"rendered":"http:\/\/a-desk.org\/2013\/10\/31\/des-de-cuba-el-museu-d-art-maniac\/"},"modified":"2013-10-31T02:00:00","modified_gmt":"2013-10-31T02:00:00","slug":"des-de-cuba-el-museu-d-art-maniac","status":"publish","type":"post","link":"https:\/\/a-desk.org\/ca\/magazine\/des-de-cuba-el-museu-d-art-maniac\/","title":{"rendered":"Des de Cuba, el Museu d&#8217;Art Man\u00edac (MAM) -no confondre amb MoMA-"},"content":{"rendered":"<p><img decoding=\"async\" class=\" alignleft size-full wp-image-8311\" src=\"http:\/\/a-desk.org\/wp-content\/uploads\/2013\/10\/IMG_2390.jpg\" alt=\"Sandra Ceballos y Alfredo Ramos delante de un collage de Vladimir Llaguno\" align=\"left\" width=\"670\" height=\"503\" srcset=\"https:\/\/a-desk.org\/wp-content\/uploads\/2013\/10\/IMG_2390.jpg 670w, https:\/\/a-desk.org\/wp-content\/uploads\/2013\/10\/IMG_2390-533x400.jpg 533w\" sizes=\"(max-width: 670px) 100vw, 670px\" \/><br \/>\nClarament comprom\u00e8s, folkl\u00f2ric, colorista, crioll&#8230; s\u00f3n etiquetes que se solen esperar de l&#8217;art cub\u00e0, i s\u00f3n etiquetes que sol utilitzar el mateix perqu\u00e8 les expectatives satisfetes solen ser comprades. Hi ha artistes i altres agents del camp cultural de Cuba que volen acabar amb aquestes etiquetes, i el Museu d&#8217;Art Man\u00edac (MAM) n\u2019\u00e9s un exemple. El MAM, acr\u00f2nim la fon\u00e8tica del qual recorda al MoMA en forma de par\u00f2dia, vol fer precisament aix\u00f2: &#8220;violentar l&#8217;estructura que ha de tenir el museu&#8221;, segons la seva fundadora, Sandra Ceballos.<\/p>\n<p>Es tracta d&#8217;un museu que vol ser proper a la gent, que d\u00f3na cabuda a artistes de totes les generacions, cubans i no cubans, reconeguts i outsiders, vius i morts. Aquestes mateixes premisses coincideixen amb les d\u2019<a href=\"http:\/\/espacioaglutinador.com\/blog\/\">Espacio Aglutinador<\/a>, el primer espai d&#8217;art contemporani independent de Cuba des del 59, segons el propi espai, tamb\u00e9 dirigit per S. Ceballos. Ara, la creaci\u00f3 del MAM proposa treure a la llum la col\u00b7lecci\u00f3 que ha anat gestant Espacio Aglutinador, aix\u00ed com propostes espec\u00edfiques per al MAM o d\u2019altres ja existents, a trav\u00e9s d&#8217;exposicions itinerants a cases d&#8217; artistes i a llocs perif\u00e8rics a aquest tipus de propostes, com \u00e9s el camp cub\u00e0.<\/p>\n<p>La tercera exposici\u00f3 del MAM, i la primera fora de l&#8217;Espai Aglutinador, &#8220;Mentes, Fase 1&#8221;, es va inaugurar el 14 de setembre a &#8220;L\u00ednia 106&#8221;, la casa dels artistes Alfredo Ramos i Katarzyna Badach, on ja s&#8217;havien organitzat altres dues exposicions des del 2008. A l&#8217;exposici\u00f3 participen Fernando Ru\u00edz, Vladimir Llaguno, Ermy Ta\u00f1o Carrillo, i els artistes amfitrions.<\/p>\n<p>L&#8217;obra d&#8217;aquests cinc artistes en qu\u00e8 es pot veure fotografia, pintura, pintura i text, v\u00eddeo, escultura i collage, coincideix en un punt: tots defugen d&#8217;una definici\u00f3 de l&#8217;individu reduccionista a un mega-discurs pol\u00edtic que va m\u00e9s enll\u00e0 d\u2019ells. M\u00e9s aviat, parteixen d&#8217;un individu condicionat pel seu estat mental, un estat mental que pot tenir m\u00e9s punts en com\u00fa entre persones que viuen en diferents punts del planeta que entre els que viuen en una mateixa illa. Com diu el manifest del MAM, &#8220;[&#8230;] considerem <em>art man\u00edac<\/em> a tota obra que hagi estat realitzada per qualsevol artista, sigui graduat d&#8217;escola d&#8217;art o no, que es trobi sota pressi\u00f3 psicol\u00f2gica (els que presentin des de psicopatologies lleugeres fins disfuncions mentals severes; tamb\u00e9 artistes amb dr\u00e0stiques addiccions a diferents narc\u00f2tics i subst\u00e0ncies t\u00f2xiques que hagin lacerat i modificat la seva autoestima, conducta, i per tant, distorsionat la seva percepci\u00f3 del JO i del medi en qu\u00e8 viuen) i que ho expressin sense pudor.&#8221;<\/p>\n<p>A &#8220;Mentes, Fase 1&#8221; aquesta pressi\u00f3 psicol\u00f2gica de vegades \u00e9s m\u00e9s apreciable en l&#8217;objecte de l&#8217;artista que en el propi artista. K. Badach presenta el v\u00eddeo d&#8217; aquarel\u00b7les &#8220;Els horts de Stuttgarterstr.&#8221;, de 2003-2007.  Descriu els horts de Stuttgarterstrasse a Karlsruhe, Alemanya. Aquests constitueixen un espai on, sobretot, alemanys d&#8217;origen estranger conreen i viuen sota les seves pr\u00f2pies regles, i on es poden auto-representar de manera lliure a trav\u00e9s d&#8217;un compendi d&#8217;elements distintius. La continu\u00eftat d&#8217;aquest espai porta temps amena\u00e7ada per l&#8217;Administraci\u00f3 de Karlsruhe.<\/p>\n<p>El MAM pret\u00e9n legitimar l&#8217;Altre. Poder legitimar implica ostentar un poder determinat. No \u00e9s aix\u00f2 caure en el parany del Poder? De crear una altra estructura base on el que no \u00e9s altre est\u00e0 condemnat a haver de resistir? No, el MAM facilita un espai a l&#8217;alteritat plenament conscient que avui per avui aquesta alteritat ho seguir\u00e0 sent, de manera que les posicions encara no s&#8217;han invertit. No \u00e9s caure en el parany del Poder, \u00e9s una lluita.<\/p>\n","protected":false},"excerpt":{"rendered":"<p>Clarament comprom\u00e8s, folkl\u00f2ric, colorista, crioll&#8230; s\u00f3n etiquetes que se solen esperar de l&#8217;art cub\u00e0, i s\u00f3n etiquetes que sol utilitzar el mateix perqu\u00e8 les expectatives satisfetes solen ser comprades. Hi&#8230;<\/p>\n","protected":false},"author":1282,"featured_media":8311,"comment_status":"open","ping_status":"open","sticky":false,"template":"","format":"standard","meta":{"_relevanssi_hide_post":"","_relevanssi_hide_content":"","_relevanssi_pin_for_all":"","_relevanssi_pin_keywords":"","_relevanssi_unpin_keywords":"","_relevanssi_related_keywords":"","_relevanssi_related_include_ids":"","_relevanssi_related_exclude_ids":"","_relevanssi_related_no_append":"","_relevanssi_related_not_related":"","_relevanssi_related_posts":"","_relevanssi_noindex_reason":"","footnotes":""},"categories":[6782],"tags":[],"coauthors":[],"acf":[],"yoast_head":"<!-- This site is optimized with the Yoast SEO plugin v22.6 - https:\/\/yoast.com\/wordpress\/plugins\/seo\/ -->\n<title>Des de Cuba, el Museu d&#039;Art Man\u00edac (MAM) -no confondre amb MoMA- &#8211; A*Desk<\/title>\n<meta name=\"robots\" content=\"index, follow, max-snippet:-1, max-image-preview:large, max-video-preview:-1\" \/>\n<link rel=\"canonical\" href=\"https:\/\/a-desk.org\/ca\/magazine\/des-de-cuba-el-museu-d-art-maniac\/\" \/>\n<meta property=\"og:locale\" content=\"ca_ES\" \/>\n<meta property=\"og:type\" content=\"article\" \/>\n<meta property=\"og:title\" content=\"Des de Cuba, el Museu d&#039;Art Man\u00edac (MAM) -no confondre amb MoMA- &#8211; A*Desk\" \/>\n<meta property=\"og:description\" content=\"Clarament comprom\u00e8s, folkl\u00f2ric, colorista, crioll&#8230; s\u00f3n etiquetes que se solen esperar de l&#8217;art cub\u00e0, i s\u00f3n etiquetes que sol utilitzar el mateix perqu\u00e8 les expectatives satisfetes solen ser comprades. Hi...\" \/>\n<meta property=\"og:url\" content=\"https:\/\/a-desk.org\/ca\/magazine\/des-de-cuba-el-museu-d-art-maniac\/\" \/>\n<meta property=\"og:site_name\" content=\"A*Desk\" \/>\n<meta property=\"article:published_time\" content=\"2013-10-31T02:00:00+00:00\" \/>\n<meta property=\"og:image\" content=\"https:\/\/a-desk.org\/wp-content\/uploads\/2013\/10\/IMG_2390.jpg\" \/>\n\t<meta property=\"og:image:width\" content=\"670\" \/>\n\t<meta property=\"og:image:height\" content=\"503\" \/>\n\t<meta property=\"og:image:type\" content=\"image\/jpeg\" \/>\n<meta name=\"author\" content=\"Raquel Machtus\" \/>\n<meta name=\"twitter:card\" content=\"summary_large_image\" \/>\n<meta name=\"twitter:label1\" content=\"Escrit per\" \/>\n\t<meta name=\"twitter:data1\" content=\"Raquel Machtus\" \/>\n\t<meta name=\"twitter:label2\" content=\"Temps estimat de lectura\" \/>\n\t<meta name=\"twitter:data2\" content=\"3 minuts\" \/>\n\t<meta name=\"twitter:label3\" content=\"Written by\" \/>\n\t<meta name=\"twitter:data3\" content=\"Raquel Machtus\" \/>\n<script type=\"application\/ld+json\" class=\"yoast-schema-graph\">{\"@context\":\"https:\/\/schema.org\",\"@graph\":[{\"@type\":\"WebPage\",\"@id\":\"https:\/\/a-desk.org\/ca\/magazine\/des-de-cuba-el-museu-d-art-maniac\/\",\"url\":\"https:\/\/a-desk.org\/ca\/magazine\/des-de-cuba-el-museu-d-art-maniac\/\",\"name\":\"Des de Cuba, el Museu d'Art Man\u00edac (MAM) -no confondre amb MoMA- &#8211; A*Desk\",\"isPartOf\":{\"@id\":\"https:\/\/a-desk.org\/#website\"},\"primaryImageOfPage\":{\"@id\":\"https:\/\/a-desk.org\/ca\/magazine\/des-de-cuba-el-museu-d-art-maniac\/#primaryimage\"},\"image\":{\"@id\":\"https:\/\/a-desk.org\/ca\/magazine\/des-de-cuba-el-museu-d-art-maniac\/#primaryimage\"},\"thumbnailUrl\":\"https:\/\/a-desk.org\/wp-content\/uploads\/2013\/10\/IMG_2390.jpg\",\"datePublished\":\"2013-10-31T02:00:00+00:00\",\"dateModified\":\"2013-10-31T02:00:00+00:00\",\"author\":{\"@id\":\"https:\/\/a-desk.org\/#\/schema\/person\/7470a36a6927f966da0949715fe0fb0b\"},\"breadcrumb\":{\"@id\":\"https:\/\/a-desk.org\/ca\/magazine\/des-de-cuba-el-museu-d-art-maniac\/#breadcrumb\"},\"inLanguage\":\"ca\",\"potentialAction\":[{\"@type\":\"ReadAction\",\"target\":[\"https:\/\/a-desk.org\/ca\/magazine\/des-de-cuba-el-museu-d-art-maniac\/\"]}]},{\"@type\":\"ImageObject\",\"inLanguage\":\"ca\",\"@id\":\"https:\/\/a-desk.org\/ca\/magazine\/des-de-cuba-el-museu-d-art-maniac\/#primaryimage\",\"url\":\"https:\/\/a-desk.org\/wp-content\/uploads\/2013\/10\/IMG_2390.jpg\",\"contentUrl\":\"https:\/\/a-desk.org\/wp-content\/uploads\/2013\/10\/IMG_2390.jpg\",\"width\":670,\"height\":503,\"caption\":\"Sandra Ceballos y Alfredo Ramos delante de un collage de Vladimir Llaguno\"},{\"@type\":\"BreadcrumbList\",\"@id\":\"https:\/\/a-desk.org\/ca\/magazine\/des-de-cuba-el-museu-d-art-maniac\/#breadcrumb\",\"itemListElement\":[{\"@type\":\"ListItem\",\"position\":1,\"name\":\"Portada\",\"item\":\"https:\/\/a-desk.org\/ca\/\"},{\"@type\":\"ListItem\",\"position\":2,\"name\":\"Des de Cuba, el Museu d&#8217;Art Man\u00edac (MAM) -no confondre amb MoMA-\"}]},{\"@type\":\"WebSite\",\"@id\":\"https:\/\/a-desk.org\/#website\",\"url\":\"https:\/\/a-desk.org\/\",\"name\":\"A*Desk\",\"description\":\"A*Desk Critical Thinking\",\"potentialAction\":[{\"@type\":\"SearchAction\",\"target\":{\"@type\":\"EntryPoint\",\"urlTemplate\":\"https:\/\/a-desk.org\/?s={search_term_string}\"},\"query-input\":\"required name=search_term_string\"}],\"inLanguage\":\"ca\"},{\"@type\":\"Person\",\"@id\":\"https:\/\/a-desk.org\/#\/schema\/person\/7470a36a6927f966da0949715fe0fb0b\",\"name\":\"Raquel Machtus\",\"image\":{\"@type\":\"ImageObject\",\"inLanguage\":\"ca\",\"@id\":\"https:\/\/a-desk.org\/#\/schema\/person\/image\/8198b4c0d001cb7835b6a43c5c0d9d6a\",\"url\":\"https:\/\/secure.gravatar.com\/avatar\/548d7de338280c594b7f70dabf3205bc?s=96&d=mm&r=g\",\"contentUrl\":\"https:\/\/secure.gravatar.com\/avatar\/548d7de338280c594b7f70dabf3205bc?s=96&d=mm&r=g\",\"caption\":\"Raquel Machtus\"},\"url\":\"https:\/\/a-desk.org\/ca\/autor\/machtus\/\"}]}<\/script>\n<!-- \/ Yoast SEO plugin. -->","yoast_head_json":{"title":"Des de Cuba, el Museu d'Art Man\u00edac (MAM) -no confondre amb MoMA- &#8211; A*Desk","robots":{"index":"index","follow":"follow","max-snippet":"max-snippet:-1","max-image-preview":"max-image-preview:large","max-video-preview":"max-video-preview:-1"},"canonical":"https:\/\/a-desk.org\/ca\/magazine\/des-de-cuba-el-museu-d-art-maniac\/","og_locale":"ca_ES","og_type":"article","og_title":"Des de Cuba, el Museu d'Art Man\u00edac (MAM) -no confondre amb MoMA- &#8211; A*Desk","og_description":"Clarament comprom\u00e8s, folkl\u00f2ric, colorista, crioll&#8230; s\u00f3n etiquetes que se solen esperar de l&#8217;art cub\u00e0, i s\u00f3n etiquetes que sol utilitzar el mateix perqu\u00e8 les expectatives satisfetes solen ser comprades. Hi...","og_url":"https:\/\/a-desk.org\/ca\/magazine\/des-de-cuba-el-museu-d-art-maniac\/","og_site_name":"A*Desk","article_published_time":"2013-10-31T02:00:00+00:00","og_image":[{"width":670,"height":503,"url":"https:\/\/a-desk.org\/wp-content\/uploads\/2013\/10\/IMG_2390.jpg","type":"image\/jpeg"}],"author":"Raquel Machtus","twitter_card":"summary_large_image","twitter_misc":{"Escrit per":"Raquel Machtus","Temps estimat de lectura":"3 minuts","Written by":"Raquel Machtus"},"schema":{"@context":"https:\/\/schema.org","@graph":[{"@type":"WebPage","@id":"https:\/\/a-desk.org\/ca\/magazine\/des-de-cuba-el-museu-d-art-maniac\/","url":"https:\/\/a-desk.org\/ca\/magazine\/des-de-cuba-el-museu-d-art-maniac\/","name":"Des de Cuba, el Museu d'Art Man\u00edac (MAM) -no confondre amb MoMA- &#8211; A*Desk","isPartOf":{"@id":"https:\/\/a-desk.org\/#website"},"primaryImageOfPage":{"@id":"https:\/\/a-desk.org\/ca\/magazine\/des-de-cuba-el-museu-d-art-maniac\/#primaryimage"},"image":{"@id":"https:\/\/a-desk.org\/ca\/magazine\/des-de-cuba-el-museu-d-art-maniac\/#primaryimage"},"thumbnailUrl":"https:\/\/a-desk.org\/wp-content\/uploads\/2013\/10\/IMG_2390.jpg","datePublished":"2013-10-31T02:00:00+00:00","dateModified":"2013-10-31T02:00:00+00:00","author":{"@id":"https:\/\/a-desk.org\/#\/schema\/person\/7470a36a6927f966da0949715fe0fb0b"},"breadcrumb":{"@id":"https:\/\/a-desk.org\/ca\/magazine\/des-de-cuba-el-museu-d-art-maniac\/#breadcrumb"},"inLanguage":"ca","potentialAction":[{"@type":"ReadAction","target":["https:\/\/a-desk.org\/ca\/magazine\/des-de-cuba-el-museu-d-art-maniac\/"]}]},{"@type":"ImageObject","inLanguage":"ca","@id":"https:\/\/a-desk.org\/ca\/magazine\/des-de-cuba-el-museu-d-art-maniac\/#primaryimage","url":"https:\/\/a-desk.org\/wp-content\/uploads\/2013\/10\/IMG_2390.jpg","contentUrl":"https:\/\/a-desk.org\/wp-content\/uploads\/2013\/10\/IMG_2390.jpg","width":670,"height":503,"caption":"Sandra Ceballos y Alfredo Ramos delante de un collage de Vladimir Llaguno"},{"@type":"BreadcrumbList","@id":"https:\/\/a-desk.org\/ca\/magazine\/des-de-cuba-el-museu-d-art-maniac\/#breadcrumb","itemListElement":[{"@type":"ListItem","position":1,"name":"Portada","item":"https:\/\/a-desk.org\/ca\/"},{"@type":"ListItem","position":2,"name":"Des de Cuba, el Museu d&#8217;Art Man\u00edac (MAM) -no confondre amb MoMA-"}]},{"@type":"WebSite","@id":"https:\/\/a-desk.org\/#website","url":"https:\/\/a-desk.org\/","name":"A*Desk","description":"A*Desk Critical Thinking","potentialAction":[{"@type":"SearchAction","target":{"@type":"EntryPoint","urlTemplate":"https:\/\/a-desk.org\/?s={search_term_string}"},"query-input":"required name=search_term_string"}],"inLanguage":"ca"},{"@type":"Person","@id":"https:\/\/a-desk.org\/#\/schema\/person\/7470a36a6927f966da0949715fe0fb0b","name":"Raquel Machtus","image":{"@type":"ImageObject","inLanguage":"ca","@id":"https:\/\/a-desk.org\/#\/schema\/person\/image\/8198b4c0d001cb7835b6a43c5c0d9d6a","url":"https:\/\/secure.gravatar.com\/avatar\/548d7de338280c594b7f70dabf3205bc?s=96&d=mm&r=g","contentUrl":"https:\/\/secure.gravatar.com\/avatar\/548d7de338280c594b7f70dabf3205bc?s=96&d=mm&r=g","caption":"Raquel Machtus"},"url":"https:\/\/a-desk.org\/ca\/autor\/machtus\/"}]}},"_links":{"self":[{"href":"https:\/\/a-desk.org\/ca\/wp-json\/wp\/v2\/posts\/8328"}],"collection":[{"href":"https:\/\/a-desk.org\/ca\/wp-json\/wp\/v2\/posts"}],"about":[{"href":"https:\/\/a-desk.org\/ca\/wp-json\/wp\/v2\/types\/post"}],"author":[{"embeddable":true,"href":"https:\/\/a-desk.org\/ca\/wp-json\/wp\/v2\/users\/1282"}],"replies":[{"embeddable":true,"href":"https:\/\/a-desk.org\/ca\/wp-json\/wp\/v2\/comments?post=8328"}],"version-history":[{"count":0,"href":"https:\/\/a-desk.org\/ca\/wp-json\/wp\/v2\/posts\/8328\/revisions"}],"wp:featuredmedia":[{"embeddable":true,"href":"https:\/\/a-desk.org\/ca\/wp-json\/wp\/v2\/media\/8311"}],"wp:attachment":[{"href":"https:\/\/a-desk.org\/ca\/wp-json\/wp\/v2\/media?parent=8328"}],"wp:term":[{"taxonomy":"category","embeddable":true,"href":"https:\/\/a-desk.org\/ca\/wp-json\/wp\/v2\/categories?post=8328"},{"taxonomy":"post_tag","embeddable":true,"href":"https:\/\/a-desk.org\/ca\/wp-json\/wp\/v2\/tags?post=8328"},{"taxonomy":"author","embeddable":true,"href":"https:\/\/a-desk.org\/ca\/wp-json\/wp\/v2\/coauthors?post=8328"}],"curies":[{"name":"wp","href":"https:\/\/api.w.org\/{rel}","templated":true}]}}