{"id":8352,"date":"2013-11-11T02:00:00","date_gmt":"2013-11-11T02:00:00","guid":{"rendered":"http:\/\/a-desk.org\/2013\/11\/11\/al-legories-del-parpadeig-philippe\/"},"modified":"2013-11-11T02:00:00","modified_gmt":"2013-11-11T02:00:00","slug":"al-legories-del-parpadeig-philippe","status":"publish","type":"post","link":"https:\/\/a-desk.org\/ca\/magazine\/al-legories-del-parpadeig-philippe\/","title":{"rendered":"Al\u00b7legories del parpadeig. Philippe Parreno al Palais de Tokyo"},"content":{"rendered":"<p><img decoding=\"async\" class=\" alignleft size-full wp-image-8320\" src=\"http:\/\/a-desk.org\/wp-content\/uploads\/2013\/11\/pdt-parreno-081.jpg\" alt=\"a) PdT Parreno\" align=\"left\" width=\"670\" height=\"447\" srcset=\"https:\/\/a-desk.org\/wp-content\/uploads\/2013\/11\/pdt-parreno-081.jpg 670w, https:\/\/a-desk.org\/wp-content\/uploads\/2013\/11\/pdt-parreno-081-595x397.jpg 595w\" sizes=\"(max-width: 670px) 100vw, 670px\" \/><br \/>\nL&#8217;exposici\u00f3 de Philippe Parreno al Palais de Tokyo de Par\u00eds constitueix una gran oportunitat per entrar al m\u00f3n d&#8217;aquest artista franc\u00e8s clau per entendre l&#8217;art contemporani des dels noranta. <em>Anywhere, Anywhere Out of the World<\/em> \u00e9s el t\u00edtol d&#8217;una mostra que reactiva la idea de l&#8217;exposici\u00f3 com un medi en s\u00ed mateix. Al ritme de <em>Petrushka<\/em> d\u2019Stravinski, l&#8217;espectador ha de rec\u00f3rrer un orquestrat cam\u00ed al mateix temps que pensa tant les obres particulars com el dispositiu global.<\/p>\n<p>Des de fora, el Palais de Tokyo comen\u00e7a amb una de les seves famoses <em>marquees<\/em>, o marquesines plenes de bombetes que anuncien l&#8217;entrada assenyalant l&#8217;espectador situat a sota. L&#8217;espectador \u00e9s, des d&#8217;aquest mateix moment, un ens autoconscient que interactua amb l&#8217;experi\u00e8ncia que se li ofereix. Un cop dins, una altra sala cont\u00e9 totes les marquesines que l&#8217;artista ha realitzat al llarg de la seva carrera. Aquestes s&#8217;encenen i s&#8217;apaguen en una dansa sonora rob\u00f2tica mentre al fons sona la melodia de piano.<\/p>\n<p>Des del nou hall redissenyat, el recorregut ofereix totes les facetes de la traject\u00f2ria d&#8217;aquest artista: joc; ficci\u00f3 i narraci\u00f3; m\u00f3n infantil;  m\u00fasica; col\u00b7laboracions diverses i , d&#8217;un temps en\u00e7\u00e0, tamb\u00e9 coreografia i dansa. Tot aix\u00f2 amb la inestimable ajuda de la tecnologia i un cert toc <em>sci-fi<\/em>. Es troba aqu\u00ed un efecte d&#8217;estranyament, de desenfocament, al mateix temps que una espectacularitat continguda i molt subtil. 56 senyals lluminosos (una per cada moviment de <em>Petrushka<\/em>) han estat instal\u00b7lades assenyalant el cam\u00ed. De sobte, els senyals parpellegen: tota l&#8217;exposici\u00f3 est\u00e0 immersa en aquest parpelleig. Les habituals cartel\u00b7les que assenyalen les obres s\u00f3n petites pantalles que tamb\u00e9 s&#8217;encenen i s&#8217;apaguen, transmetent missatges en petits <em>flaixos<\/em> de text.<\/p>\n<p>No \u00e9s f\u00e0cil, per\u00f2, comprendre la l\u00f2gica que governa tot aquest dispositiu. Nom\u00e9s al final del recorregut el visitant troba la sala de comandaments, el lloc on s&#8217;allotja l\u2019&#8221;ordinador&#8221; central, una sala plena de cables i m\u00e0quines. Abans d&#8217;aix\u00f2, una pianola sobre la qual cau cendra i sona autom\u00e0ticament (obra de Liam Gillick) ens introdueix en els secrets del dispositiu com si d&#8217;una m\u00e0quina de mesurar el temps es tract\u00e9s. Metr\u00f2nom gegant. Parreno recorda llavors a John Cage, qui al costat de Merce Cunningham t\u00e9 un lloc reservat en aquesta exposici\u00f3.<\/p>\n<p>Especialment remarcable \u00e9s la pres\u00e8ncia espectral i que reapareix (com tot bon fantasma) una i altra vegada. Els sons dels passos de la <em>troupe<\/em> Merce Cunningham en una tarima buida; l&#8217;esperit de Marilyn Monroe reclosa en un hotel de Nova York; o la reencarnaci\u00f3 f\u00edsica del personatge manga Annlee, els drets del qual Parreno i Pierre Huyghe van comprar l\u2019any 1999, i que ara apareix en carn i ossos gr\u00e0cies a una adolescent en una obra del mai indiferent Tino Sehgal. Constitueix aquest un dels moments m\u00e9s estranys i m\u00e0gics que mai hagi vist mai en una exposici\u00f3 art\u00edstica. Ocupant tot l&#8217;espai, Philippe Parreno executa una gran obra de &#8220;coreografia expandida&#8221;, dansa, arquitectura i tamb\u00e9 cinematografia. Aix\u00ed \u00e9s l&#8217;art del nostre temps.<\/p>\n<p><img decoding=\"async\" class=\" alignleft size-full wp-image-8321\" src=\"http:\/\/a-desk.org\/wp-content\/uploads\/2013\/11\/PdT-Parreno-190.jpg\" alt=\"b) PdT Parreno\" align=\"left\" width=\"670\" height=\"448\" srcset=\"https:\/\/a-desk.org\/wp-content\/uploads\/2013\/11\/PdT-Parreno-190.jpg 670w, https:\/\/a-desk.org\/wp-content\/uploads\/2013\/11\/PdT-Parreno-190-595x398.jpg 595w\" sizes=\"(max-width: 670px) 100vw, 670px\" \/><\/p>\n<p>Aquesta, i la simult\u00e0nia retrospectiva de Pierre Huyghe al Centre Pompidou, serveixen per prendre el pols a no poques innovacions en el si de les institucions art\u00edstiques des de la d\u00e8cada dels noranta. La sensaci\u00f3 que queda despr\u00e9s d&#8217;haver-les vist \u00e9s la d&#8217;una absoluta coincid\u00e8ncia entre les dues propostes art\u00edstiques pel que fa als seus marcs institucionals. Avui en dia els museus mimetitzen els seus marcs ideol\u00f2gics amb un art produ\u00eft el qual s&#8217;ajusta a la demanda. Qualsevol experi\u00e8ncia \u00e9s ja possible en el si del museu.<\/p>\n<p>Michel Foucault va definir un dispositiu com una xarxa de relacions que pot establir-se entre diferents elements heterogenis i que compr\u00e8n: discursos, institucions, instal\u00b7lacions arquitect\u00f2niques, mesures administratives, enunciats cient\u00edfics, proposicions filos\u00f2fiques, morals, etc. Tot i que Foucault parlava de dispositius disciplinaris, ara aquests han mutat en la reproducci\u00f3 de ficci\u00f3 de llibertat i consum del liberalisme. L\u2019any 1995, Parreno, Huyghe i Dominique Gonzalez-Foerster van fundar <em>L&#8217;Association des Temps Liber\u00e9s<\/em> amb la convicci\u00f3 que \u00e9s m\u00e9s important ocupar franges de temps i reactivar l&#8217;anomenat temps d&#8217;oci en alguna cosa productiva que l&#8217;anterior obsessi\u00f3 situacionista per ocupar espais f\u00edsics o de resist\u00e8ncia. El temps els ha donat la ra\u00f3?<\/p>\n","protected":false},"excerpt":{"rendered":"<p>L&#8217;exposici\u00f3 de Philippe Parreno al Palais de Tokyo de Par\u00eds constitueix una gran oportunitat per entrar al m\u00f3n d&#8217;aquest artista franc\u00e8s clau per entendre l&#8217;art contemporani des dels noranta. Anywhere,&#8230;<\/p>\n","protected":false},"author":1261,"featured_media":8320,"comment_status":"open","ping_status":"open","sticky":false,"template":"","format":"standard","meta":{"_relevanssi_hide_post":"","_relevanssi_hide_content":"","_relevanssi_pin_for_all":"","_relevanssi_pin_keywords":"","_relevanssi_unpin_keywords":"","_relevanssi_related_keywords":"","_relevanssi_related_include_ids":"","_relevanssi_related_exclude_ids":"","_relevanssi_related_no_append":"","_relevanssi_related_not_related":"","_relevanssi_related_posts":"","_relevanssi_noindex_reason":"","footnotes":""},"categories":[6782],"tags":[],"coauthors":[],"acf":[],"yoast_head":"<!-- This site is optimized with the Yoast SEO plugin v22.6 - https:\/\/yoast.com\/wordpress\/plugins\/seo\/ -->\n<title>Al\u00b7legories del parpadeig. Philippe Parreno al Palais de Tokyo &#8211; A*Desk<\/title>\n<meta name=\"robots\" content=\"index, follow, max-snippet:-1, max-image-preview:large, max-video-preview:-1\" \/>\n<link rel=\"canonical\" href=\"https:\/\/a-desk.org\/ca\/magazine\/al-legories-del-parpadeig-philippe\/\" \/>\n<meta property=\"og:locale\" content=\"ca_ES\" \/>\n<meta property=\"og:type\" content=\"article\" \/>\n<meta property=\"og:title\" content=\"Al\u00b7legories del parpadeig. Philippe Parreno al Palais de Tokyo &#8211; A*Desk\" \/>\n<meta property=\"og:description\" content=\"L&#8217;exposici\u00f3 de Philippe Parreno al Palais de Tokyo de Par\u00eds constitueix una gran oportunitat per entrar al m\u00f3n d&#8217;aquest artista franc\u00e8s clau per entendre l&#8217;art contemporani des dels noranta. Anywhere,...\" \/>\n<meta property=\"og:url\" content=\"https:\/\/a-desk.org\/ca\/magazine\/al-legories-del-parpadeig-philippe\/\" \/>\n<meta property=\"og:site_name\" content=\"A*Desk\" \/>\n<meta property=\"article:published_time\" content=\"2013-11-11T02:00:00+00:00\" \/>\n<meta property=\"og:image\" content=\"https:\/\/a-desk.org\/wp-content\/uploads\/2013\/11\/pdt-parreno-081.jpg\" \/>\n\t<meta property=\"og:image:width\" content=\"670\" \/>\n\t<meta property=\"og:image:height\" content=\"447\" \/>\n\t<meta property=\"og:image:type\" content=\"image\/jpeg\" \/>\n<meta name=\"author\" content=\"Peio Aguirre\" \/>\n<meta name=\"twitter:card\" content=\"summary_large_image\" \/>\n<meta name=\"twitter:label1\" content=\"Escrit per\" \/>\n\t<meta name=\"twitter:data1\" content=\"Peio Aguirre\" \/>\n\t<meta name=\"twitter:label2\" content=\"Temps estimat de lectura\" \/>\n\t<meta name=\"twitter:data2\" content=\"4 minuts\" \/>\n\t<meta name=\"twitter:label3\" content=\"Written by\" \/>\n\t<meta name=\"twitter:data3\" content=\"Peio Aguirre\" \/>\n<script type=\"application\/ld+json\" class=\"yoast-schema-graph\">{\"@context\":\"https:\/\/schema.org\",\"@graph\":[{\"@type\":\"WebPage\",\"@id\":\"https:\/\/a-desk.org\/ca\/magazine\/al-legories-del-parpadeig-philippe\/\",\"url\":\"https:\/\/a-desk.org\/ca\/magazine\/al-legories-del-parpadeig-philippe\/\",\"name\":\"Al\u00b7legories del parpadeig. Philippe Parreno al Palais de Tokyo &#8211; A*Desk\",\"isPartOf\":{\"@id\":\"https:\/\/a-desk.org\/#website\"},\"primaryImageOfPage\":{\"@id\":\"https:\/\/a-desk.org\/ca\/magazine\/al-legories-del-parpadeig-philippe\/#primaryimage\"},\"image\":{\"@id\":\"https:\/\/a-desk.org\/ca\/magazine\/al-legories-del-parpadeig-philippe\/#primaryimage\"},\"thumbnailUrl\":\"https:\/\/a-desk.org\/wp-content\/uploads\/2013\/11\/pdt-parreno-081.jpg\",\"datePublished\":\"2013-11-11T02:00:00+00:00\",\"dateModified\":\"2013-11-11T02:00:00+00:00\",\"author\":{\"@id\":\"https:\/\/a-desk.org\/#\/schema\/person\/ce36ed411a766ec3bca4c3a39099d351\"},\"breadcrumb\":{\"@id\":\"https:\/\/a-desk.org\/ca\/magazine\/al-legories-del-parpadeig-philippe\/#breadcrumb\"},\"inLanguage\":\"ca\",\"potentialAction\":[{\"@type\":\"ReadAction\",\"target\":[\"https:\/\/a-desk.org\/ca\/magazine\/al-legories-del-parpadeig-philippe\/\"]}]},{\"@type\":\"ImageObject\",\"inLanguage\":\"ca\",\"@id\":\"https:\/\/a-desk.org\/ca\/magazine\/al-legories-del-parpadeig-philippe\/#primaryimage\",\"url\":\"https:\/\/a-desk.org\/wp-content\/uploads\/2013\/11\/pdt-parreno-081.jpg\",\"contentUrl\":\"https:\/\/a-desk.org\/wp-content\/uploads\/2013\/11\/pdt-parreno-081.jpg\",\"width\":670,\"height\":447,\"caption\":\"a) PdT Parreno\"},{\"@type\":\"BreadcrumbList\",\"@id\":\"https:\/\/a-desk.org\/ca\/magazine\/al-legories-del-parpadeig-philippe\/#breadcrumb\",\"itemListElement\":[{\"@type\":\"ListItem\",\"position\":1,\"name\":\"Portada\",\"item\":\"https:\/\/a-desk.org\/ca\/\"},{\"@type\":\"ListItem\",\"position\":2,\"name\":\"Al\u00b7legories del parpadeig. Philippe Parreno al Palais de Tokyo\"}]},{\"@type\":\"WebSite\",\"@id\":\"https:\/\/a-desk.org\/#website\",\"url\":\"https:\/\/a-desk.org\/\",\"name\":\"A*Desk\",\"description\":\"A*Desk Critical Thinking\",\"potentialAction\":[{\"@type\":\"SearchAction\",\"target\":{\"@type\":\"EntryPoint\",\"urlTemplate\":\"https:\/\/a-desk.org\/?s={search_term_string}\"},\"query-input\":\"required name=search_term_string\"}],\"inLanguage\":\"ca\"},{\"@type\":\"Person\",\"@id\":\"https:\/\/a-desk.org\/#\/schema\/person\/ce36ed411a766ec3bca4c3a39099d351\",\"name\":\"Peio Aguirre\",\"image\":{\"@type\":\"ImageObject\",\"inLanguage\":\"ca\",\"@id\":\"https:\/\/a-desk.org\/#\/schema\/person\/image\/415c6f1dffc831344e62ba5bc752e632\",\"url\":\"https:\/\/secure.gravatar.com\/avatar\/e920097e2a411cb2e58faa1daa0c4fe0?s=96&d=mm&r=g\",\"contentUrl\":\"https:\/\/secure.gravatar.com\/avatar\/e920097e2a411cb2e58faa1daa0c4fe0?s=96&d=mm&r=g\",\"caption\":\"Peio Aguirre\"},\"sameAs\":[\"http:\/\/peioaguirre.blogspot.com.es\/\"],\"url\":\"https:\/\/a-desk.org\/ca\/autor\/peio\/\"}]}<\/script>\n<!-- \/ Yoast SEO plugin. -->","yoast_head_json":{"title":"Al\u00b7legories del parpadeig. Philippe Parreno al Palais de Tokyo &#8211; A*Desk","robots":{"index":"index","follow":"follow","max-snippet":"max-snippet:-1","max-image-preview":"max-image-preview:large","max-video-preview":"max-video-preview:-1"},"canonical":"https:\/\/a-desk.org\/ca\/magazine\/al-legories-del-parpadeig-philippe\/","og_locale":"ca_ES","og_type":"article","og_title":"Al\u00b7legories del parpadeig. Philippe Parreno al Palais de Tokyo &#8211; A*Desk","og_description":"L&#8217;exposici\u00f3 de Philippe Parreno al Palais de Tokyo de Par\u00eds constitueix una gran oportunitat per entrar al m\u00f3n d&#8217;aquest artista franc\u00e8s clau per entendre l&#8217;art contemporani des dels noranta. Anywhere,...","og_url":"https:\/\/a-desk.org\/ca\/magazine\/al-legories-del-parpadeig-philippe\/","og_site_name":"A*Desk","article_published_time":"2013-11-11T02:00:00+00:00","og_image":[{"width":670,"height":447,"url":"https:\/\/a-desk.org\/wp-content\/uploads\/2013\/11\/pdt-parreno-081.jpg","type":"image\/jpeg"}],"author":"Peio Aguirre","twitter_card":"summary_large_image","twitter_misc":{"Escrit per":"Peio Aguirre","Temps estimat de lectura":"4 minuts","Written by":"Peio Aguirre"},"schema":{"@context":"https:\/\/schema.org","@graph":[{"@type":"WebPage","@id":"https:\/\/a-desk.org\/ca\/magazine\/al-legories-del-parpadeig-philippe\/","url":"https:\/\/a-desk.org\/ca\/magazine\/al-legories-del-parpadeig-philippe\/","name":"Al\u00b7legories del parpadeig. Philippe Parreno al Palais de Tokyo &#8211; A*Desk","isPartOf":{"@id":"https:\/\/a-desk.org\/#website"},"primaryImageOfPage":{"@id":"https:\/\/a-desk.org\/ca\/magazine\/al-legories-del-parpadeig-philippe\/#primaryimage"},"image":{"@id":"https:\/\/a-desk.org\/ca\/magazine\/al-legories-del-parpadeig-philippe\/#primaryimage"},"thumbnailUrl":"https:\/\/a-desk.org\/wp-content\/uploads\/2013\/11\/pdt-parreno-081.jpg","datePublished":"2013-11-11T02:00:00+00:00","dateModified":"2013-11-11T02:00:00+00:00","author":{"@id":"https:\/\/a-desk.org\/#\/schema\/person\/ce36ed411a766ec3bca4c3a39099d351"},"breadcrumb":{"@id":"https:\/\/a-desk.org\/ca\/magazine\/al-legories-del-parpadeig-philippe\/#breadcrumb"},"inLanguage":"ca","potentialAction":[{"@type":"ReadAction","target":["https:\/\/a-desk.org\/ca\/magazine\/al-legories-del-parpadeig-philippe\/"]}]},{"@type":"ImageObject","inLanguage":"ca","@id":"https:\/\/a-desk.org\/ca\/magazine\/al-legories-del-parpadeig-philippe\/#primaryimage","url":"https:\/\/a-desk.org\/wp-content\/uploads\/2013\/11\/pdt-parreno-081.jpg","contentUrl":"https:\/\/a-desk.org\/wp-content\/uploads\/2013\/11\/pdt-parreno-081.jpg","width":670,"height":447,"caption":"a) PdT Parreno"},{"@type":"BreadcrumbList","@id":"https:\/\/a-desk.org\/ca\/magazine\/al-legories-del-parpadeig-philippe\/#breadcrumb","itemListElement":[{"@type":"ListItem","position":1,"name":"Portada","item":"https:\/\/a-desk.org\/ca\/"},{"@type":"ListItem","position":2,"name":"Al\u00b7legories del parpadeig. Philippe Parreno al Palais de Tokyo"}]},{"@type":"WebSite","@id":"https:\/\/a-desk.org\/#website","url":"https:\/\/a-desk.org\/","name":"A*Desk","description":"A*Desk Critical Thinking","potentialAction":[{"@type":"SearchAction","target":{"@type":"EntryPoint","urlTemplate":"https:\/\/a-desk.org\/?s={search_term_string}"},"query-input":"required name=search_term_string"}],"inLanguage":"ca"},{"@type":"Person","@id":"https:\/\/a-desk.org\/#\/schema\/person\/ce36ed411a766ec3bca4c3a39099d351","name":"Peio Aguirre","image":{"@type":"ImageObject","inLanguage":"ca","@id":"https:\/\/a-desk.org\/#\/schema\/person\/image\/415c6f1dffc831344e62ba5bc752e632","url":"https:\/\/secure.gravatar.com\/avatar\/e920097e2a411cb2e58faa1daa0c4fe0?s=96&d=mm&r=g","contentUrl":"https:\/\/secure.gravatar.com\/avatar\/e920097e2a411cb2e58faa1daa0c4fe0?s=96&d=mm&r=g","caption":"Peio Aguirre"},"sameAs":["http:\/\/peioaguirre.blogspot.com.es\/"],"url":"https:\/\/a-desk.org\/ca\/autor\/peio\/"}]}},"_links":{"self":[{"href":"https:\/\/a-desk.org\/ca\/wp-json\/wp\/v2\/posts\/8352"}],"collection":[{"href":"https:\/\/a-desk.org\/ca\/wp-json\/wp\/v2\/posts"}],"about":[{"href":"https:\/\/a-desk.org\/ca\/wp-json\/wp\/v2\/types\/post"}],"author":[{"embeddable":true,"href":"https:\/\/a-desk.org\/ca\/wp-json\/wp\/v2\/users\/1261"}],"replies":[{"embeddable":true,"href":"https:\/\/a-desk.org\/ca\/wp-json\/wp\/v2\/comments?post=8352"}],"version-history":[{"count":0,"href":"https:\/\/a-desk.org\/ca\/wp-json\/wp\/v2\/posts\/8352\/revisions"}],"wp:featuredmedia":[{"embeddable":true,"href":"https:\/\/a-desk.org\/ca\/wp-json\/wp\/v2\/media\/8320"}],"wp:attachment":[{"href":"https:\/\/a-desk.org\/ca\/wp-json\/wp\/v2\/media?parent=8352"}],"wp:term":[{"taxonomy":"category","embeddable":true,"href":"https:\/\/a-desk.org\/ca\/wp-json\/wp\/v2\/categories?post=8352"},{"taxonomy":"post_tag","embeddable":true,"href":"https:\/\/a-desk.org\/ca\/wp-json\/wp\/v2\/tags?post=8352"},{"taxonomy":"author","embeddable":true,"href":"https:\/\/a-desk.org\/ca\/wp-json\/wp\/v2\/coauthors?post=8352"}],"curies":[{"name":"wp","href":"https:\/\/api.w.org\/{rel}","templated":true}]}}