{"id":8372,"date":"2013-11-17T02:00:00","date_gmt":"2013-11-17T02:00:00","guid":{"rendered":"http:\/\/a-desk.org\/2013\/11\/17\/imatge-registre-historia-i-rabin\/"},"modified":"2013-11-17T02:00:00","modified_gmt":"2013-11-17T02:00:00","slug":"imatge-registre-historia-i-rabin","status":"publish","type":"post","link":"https:\/\/a-desk.org\/ca\/magazine\/imatge-registre-historia-i-rabin\/","title":{"rendered":"Imatge, registre, hist\u00f2ria i Rabin Mrou\u00e9"},"content":{"rendered":"<p>A <a href=\"http:\/\/www.ca2m.org\/es\/presentes\/rabih-mroue\">Image(s), mon amour<\/a>, comentada per <a href=\"http:\/\/a-desk.org\/highlights\/Rabih-Mroue-al-CA2M-atencio.html\">Manuela Pedr\u00f3n<\/a> el dijous passat, Rabih Mrou\u00e9 exposa un treball que ens permet indagar en els successos recents ocorreguts a l&#8217;Orient Mitj\u00e0 -i no tan recents- a trav\u00e9s del que ell anomena revoluci\u00f3 pixelada. M\u00e9s enll\u00e0 de la lectura antropol\u00f2gica o pol\u00edtica de la seva obra, potser el quid en Mrou\u00e9 es troba en el nou element que adjudica a la imatge com a tal, que transcendeix el mer registre i esdev\u00e9 fet per si mateix. Imatges que actuen, que van m\u00e9s enll\u00e0 del testimoni i esdevenen prova d&#8217;exist\u00e8ncia, prova de realitat. Hist\u00f2ria.<\/p>\n<p>Us deixem amb aquest v\u00eddeo en el qual (despr\u00e9s d&#8217;una introducci\u00f3 d&#8217;un minut i poc) Mrou\u00e9 demostra com des de la captura del &#8220;Double shooting &#8221; es pot arribar a les retines de v\u00edctima i assass\u00ed.<\/p>\n<p><iframe loading=\"lazy\" src=\"\/\/player.vimeo.com\/video\/66143770?byline=0&#038;color=ffffff\" width=\"670\" height=\"377\" frameborder=\"0\" webkitallowfullscreen mozallowfullscreen allowfullscreen><\/iframe> <\/p>\n<p><a href=\"http:\/\/vimeo.com\/66143770\">15 Video intervention by Rabih Mrou\u00e9<\/a> from <a href=\"http:\/\/vimeo.com\/hkparasite\">Parasite<\/a> on <a href=\"https:\/\/vimeo.com\">Vimeo<\/a>.<\/p>\n","protected":false},"excerpt":{"rendered":"<p>A Image(s), mon amour, comentada per Manuela Pedr\u00f3n el dijous passat, Rabih Mrou\u00e9 exposa un treball que ens permet indagar en els successos recents ocorreguts a l&#8217;Orient Mitj\u00e0 -i no&#8230;<\/p>\n","protected":false},"author":1241,"featured_media":0,"comment_status":"open","ping_status":"open","sticky":false,"template":"","format":"standard","meta":{"_relevanssi_hide_post":"","_relevanssi_hide_content":"","_relevanssi_pin_for_all":"","_relevanssi_pin_keywords":"","_relevanssi_unpin_keywords":"","_relevanssi_related_keywords":"","_relevanssi_related_include_ids":"","_relevanssi_related_exclude_ids":"","_relevanssi_related_no_append":"","_relevanssi_related_not_related":"","_relevanssi_related_posts":"","_relevanssi_noindex_reason":"","footnotes":""},"categories":[6782],"tags":[],"coauthors":[],"acf":[],"yoast_head":"<!-- This site is optimized with the Yoast SEO plugin v22.6 - https:\/\/yoast.com\/wordpress\/plugins\/seo\/ -->\n<title>Imatge, registre, hist\u00f2ria i Rabin Mrou\u00e9 &#8211; A*Desk<\/title>\n<meta name=\"robots\" content=\"index, follow, max-snippet:-1, max-image-preview:large, max-video-preview:-1\" \/>\n<link rel=\"canonical\" href=\"https:\/\/a-desk.org\/ca\/magazine\/imatge-registre-historia-i-rabin\/\" \/>\n<meta property=\"og:locale\" content=\"ca_ES\" \/>\n<meta property=\"og:type\" content=\"article\" \/>\n<meta property=\"og:title\" content=\"Imatge, registre, hist\u00f2ria i Rabin Mrou\u00e9 &#8211; A*Desk\" \/>\n<meta property=\"og:description\" content=\"A Image(s), mon amour, comentada per Manuela Pedr\u00f3n el dijous passat, Rabih Mrou\u00e9 exposa un treball que ens permet indagar en els successos recents ocorreguts a l&#8217;Orient Mitj\u00e0 -i no...\" \/>\n<meta property=\"og:url\" content=\"https:\/\/a-desk.org\/ca\/magazine\/imatge-registre-historia-i-rabin\/\" \/>\n<meta property=\"og:site_name\" content=\"A*Desk\" \/>\n<meta property=\"article:published_time\" content=\"2013-11-17T02:00:00+00:00\" \/>\n<meta property=\"og:image\" content=\"https:\/\/a-desk.org\/wp-content\/uploads\/2025\/09\/a-desk-critical-thinking.jpg\" \/>\n\t<meta property=\"og:image:width\" content=\"1200\" \/>\n\t<meta property=\"og:image:height\" content=\"675\" \/>\n\t<meta property=\"og:image:type\" content=\"image\/jpeg\" \/>\n<meta name=\"author\" content=\"A*DESK\" \/>\n<meta name=\"twitter:card\" content=\"summary_large_image\" \/>\n<meta name=\"twitter:label1\" content=\"Escrit per\" \/>\n\t<meta name=\"twitter:data1\" content=\"A*DESK\" \/>\n\t<meta name=\"twitter:label2\" content=\"Temps estimat de lectura\" \/>\n\t<meta name=\"twitter:data2\" content=\"1 minut\" \/>\n\t<meta name=\"twitter:label3\" content=\"Written by\" \/>\n\t<meta name=\"twitter:data3\" content=\"A*DESK\" \/>\n<script type=\"application\/ld+json\" class=\"yoast-schema-graph\">{\"@context\":\"https:\/\/schema.org\",\"@graph\":[{\"@type\":\"WebPage\",\"@id\":\"https:\/\/a-desk.org\/ca\/magazine\/imatge-registre-historia-i-rabin\/\",\"url\":\"https:\/\/a-desk.org\/ca\/magazine\/imatge-registre-historia-i-rabin\/\",\"name\":\"Imatge, registre, hist\u00f2ria i Rabin Mrou\u00e9 &#8211; A*Desk\",\"isPartOf\":{\"@id\":\"https:\/\/a-desk.org\/#website\"},\"datePublished\":\"2013-11-17T02:00:00+00:00\",\"dateModified\":\"2013-11-17T02:00:00+00:00\",\"author\":{\"@id\":\"https:\/\/a-desk.org\/#\/schema\/person\/e32f2cc33a81d4e3e29207cb91b1c058\"},\"breadcrumb\":{\"@id\":\"https:\/\/a-desk.org\/ca\/magazine\/imatge-registre-historia-i-rabin\/#breadcrumb\"},\"inLanguage\":\"ca\",\"potentialAction\":[{\"@type\":\"ReadAction\",\"target\":[\"https:\/\/a-desk.org\/ca\/magazine\/imatge-registre-historia-i-rabin\/\"]}]},{\"@type\":\"BreadcrumbList\",\"@id\":\"https:\/\/a-desk.org\/ca\/magazine\/imatge-registre-historia-i-rabin\/#breadcrumb\",\"itemListElement\":[{\"@type\":\"ListItem\",\"position\":1,\"name\":\"Portada\",\"item\":\"https:\/\/a-desk.org\/ca\/\"},{\"@type\":\"ListItem\",\"position\":2,\"name\":\"Imatge, registre, hist\u00f2ria i Rabin Mrou\u00e9\"}]},{\"@type\":\"WebSite\",\"@id\":\"https:\/\/a-desk.org\/#website\",\"url\":\"https:\/\/a-desk.org\/\",\"name\":\"A*Desk\",\"description\":\"A*Desk Critical Thinking\",\"potentialAction\":[{\"@type\":\"SearchAction\",\"target\":{\"@type\":\"EntryPoint\",\"urlTemplate\":\"https:\/\/a-desk.org\/?s={search_term_string}\"},\"query-input\":\"required name=search_term_string\"}],\"inLanguage\":\"ca\"},{\"@type\":\"Person\",\"@id\":\"https:\/\/a-desk.org\/#\/schema\/person\/e32f2cc33a81d4e3e29207cb91b1c058\",\"name\":\"A*DESK\",\"image\":{\"@type\":\"ImageObject\",\"inLanguage\":\"ca\",\"@id\":\"https:\/\/a-desk.org\/#\/schema\/person\/image\/10ff463f7c1b7bf67a9b0c7cb7d009a0\",\"url\":\"https:\/\/secure.gravatar.com\/avatar\/512021342347efd46b63b4246a323676?s=96&d=mm&r=g\",\"contentUrl\":\"https:\/\/secure.gravatar.com\/avatar\/512021342347efd46b63b4246a323676?s=96&d=mm&r=g\",\"caption\":\"A*DESK\"},\"url\":\"https:\/\/a-desk.org\/ca\/autor\/audeske\/\"}]}<\/script>\n<!-- \/ Yoast SEO plugin. -->","yoast_head_json":{"title":"Imatge, registre, hist\u00f2ria i Rabin Mrou\u00e9 &#8211; A*Desk","robots":{"index":"index","follow":"follow","max-snippet":"max-snippet:-1","max-image-preview":"max-image-preview:large","max-video-preview":"max-video-preview:-1"},"canonical":"https:\/\/a-desk.org\/ca\/magazine\/imatge-registre-historia-i-rabin\/","og_locale":"ca_ES","og_type":"article","og_title":"Imatge, registre, hist\u00f2ria i Rabin Mrou\u00e9 &#8211; A*Desk","og_description":"A Image(s), mon amour, comentada per Manuela Pedr\u00f3n el dijous passat, Rabih Mrou\u00e9 exposa un treball que ens permet indagar en els successos recents ocorreguts a l&#8217;Orient Mitj\u00e0 -i no...","og_url":"https:\/\/a-desk.org\/ca\/magazine\/imatge-registre-historia-i-rabin\/","og_site_name":"A*Desk","article_published_time":"2013-11-17T02:00:00+00:00","og_image":[{"width":1200,"height":675,"url":"https:\/\/a-desk.org\/wp-content\/uploads\/2025\/09\/a-desk-critical-thinking.jpg","type":"image\/jpeg"}],"author":"A*DESK","twitter_card":"summary_large_image","twitter_misc":{"Escrit per":"A*DESK","Temps estimat de lectura":"1 minut","Written by":"A*DESK"},"schema":{"@context":"https:\/\/schema.org","@graph":[{"@type":"WebPage","@id":"https:\/\/a-desk.org\/ca\/magazine\/imatge-registre-historia-i-rabin\/","url":"https:\/\/a-desk.org\/ca\/magazine\/imatge-registre-historia-i-rabin\/","name":"Imatge, registre, hist\u00f2ria i Rabin Mrou\u00e9 &#8211; A*Desk","isPartOf":{"@id":"https:\/\/a-desk.org\/#website"},"datePublished":"2013-11-17T02:00:00+00:00","dateModified":"2013-11-17T02:00:00+00:00","author":{"@id":"https:\/\/a-desk.org\/#\/schema\/person\/e32f2cc33a81d4e3e29207cb91b1c058"},"breadcrumb":{"@id":"https:\/\/a-desk.org\/ca\/magazine\/imatge-registre-historia-i-rabin\/#breadcrumb"},"inLanguage":"ca","potentialAction":[{"@type":"ReadAction","target":["https:\/\/a-desk.org\/ca\/magazine\/imatge-registre-historia-i-rabin\/"]}]},{"@type":"BreadcrumbList","@id":"https:\/\/a-desk.org\/ca\/magazine\/imatge-registre-historia-i-rabin\/#breadcrumb","itemListElement":[{"@type":"ListItem","position":1,"name":"Portada","item":"https:\/\/a-desk.org\/ca\/"},{"@type":"ListItem","position":2,"name":"Imatge, registre, hist\u00f2ria i Rabin Mrou\u00e9"}]},{"@type":"WebSite","@id":"https:\/\/a-desk.org\/#website","url":"https:\/\/a-desk.org\/","name":"A*Desk","description":"A*Desk Critical Thinking","potentialAction":[{"@type":"SearchAction","target":{"@type":"EntryPoint","urlTemplate":"https:\/\/a-desk.org\/?s={search_term_string}"},"query-input":"required name=search_term_string"}],"inLanguage":"ca"},{"@type":"Person","@id":"https:\/\/a-desk.org\/#\/schema\/person\/e32f2cc33a81d4e3e29207cb91b1c058","name":"A*DESK","image":{"@type":"ImageObject","inLanguage":"ca","@id":"https:\/\/a-desk.org\/#\/schema\/person\/image\/10ff463f7c1b7bf67a9b0c7cb7d009a0","url":"https:\/\/secure.gravatar.com\/avatar\/512021342347efd46b63b4246a323676?s=96&d=mm&r=g","contentUrl":"https:\/\/secure.gravatar.com\/avatar\/512021342347efd46b63b4246a323676?s=96&d=mm&r=g","caption":"A*DESK"},"url":"https:\/\/a-desk.org\/ca\/autor\/audeske\/"}]}},"_links":{"self":[{"href":"https:\/\/a-desk.org\/ca\/wp-json\/wp\/v2\/posts\/8372"}],"collection":[{"href":"https:\/\/a-desk.org\/ca\/wp-json\/wp\/v2\/posts"}],"about":[{"href":"https:\/\/a-desk.org\/ca\/wp-json\/wp\/v2\/types\/post"}],"author":[{"embeddable":true,"href":"https:\/\/a-desk.org\/ca\/wp-json\/wp\/v2\/users\/1241"}],"replies":[{"embeddable":true,"href":"https:\/\/a-desk.org\/ca\/wp-json\/wp\/v2\/comments?post=8372"}],"version-history":[{"count":0,"href":"https:\/\/a-desk.org\/ca\/wp-json\/wp\/v2\/posts\/8372\/revisions"}],"wp:attachment":[{"href":"https:\/\/a-desk.org\/ca\/wp-json\/wp\/v2\/media?parent=8372"}],"wp:term":[{"taxonomy":"category","embeddable":true,"href":"https:\/\/a-desk.org\/ca\/wp-json\/wp\/v2\/categories?post=8372"},{"taxonomy":"post_tag","embeddable":true,"href":"https:\/\/a-desk.org\/ca\/wp-json\/wp\/v2\/tags?post=8372"},{"taxonomy":"author","embeddable":true,"href":"https:\/\/a-desk.org\/ca\/wp-json\/wp\/v2\/coauthors?post=8372"}],"curies":[{"name":"wp","href":"https:\/\/api.w.org\/{rel}","templated":true}]}}