{"id":8418,"date":"2013-11-24T02:00:00","date_gmt":"2013-11-24T02:00:00","guid":{"rendered":"http:\/\/a-desk.org\/2013\/11\/24\/33-aniversari-del-re-assassinat-de\/"},"modified":"2013-11-24T02:00:00","modified_gmt":"2013-11-24T02:00:00","slug":"33-aniversari-del-re-assassinat-de","status":"publish","type":"post","link":"https:\/\/a-desk.org\/ca\/magazine\/33-aniversari-del-re-assassinat-de\/","title":{"rendered":"33 aniversari del re-assassinat de JFK"},"content":{"rendered":"<p>Fa cinquanta anys que van assassinar John F. Kennedy als carrers de Dallas. Tots els mitjans ho han destacat, reportatges en els diaris i pel\u00b7l\u00edcules a la televisi\u00f3. A nosaltres ens agrada recordar de nou a Ant Farm i la seva pel\u00b7l\u00edcula &#8220;The Eternal Frame&#8221; (tamb\u00e9 record\u00e0vem a Ant Farm respecte als seus <a href=\"http:\/\/a-desk.org\/highlights\/Time-capsule-Ant-Farm,1789.html\">&#8220;Time Capsules&#8221;<\/a>, que tenen molt a veure justament amb la idea de la mem\u00f2ria com una arqueologia del futur). L\u2019any 1975, dotze anys despr\u00e9s del magnicidi, els arquitectes, activistes i artistes d&#8217;Ant Farm amb T.R. Uthco (llegeixi\u2019s com &#8220;truth co.&#8221;, La companyia de la veritat), Doug Hall, Chip Lord, Doug Michels i Jody Procter, van refer l&#8217;assassinat als carrers de Dallas. Van llogar un Continental descapotable i es van disfressar de Jackye, JFK, el governador de Texas, els \u201csegurates\u201d, etc. Cal destacar diversos moments del v\u00eddeo: el discurs de Kennedy en qu\u00e8 cita una veritat inq\u00fcestionable i \u00e9s que ell, com tots els futurs presidents, no \u00e9s m\u00e9s que una imatge en la cadena de programes que podem consumir en la televisi\u00f3, l&#8217;entrevista a the artists\/the president on afirma que estan fent no no-art, la visita al Memorial Museum de Dallas abillats com el mateix Kennedy i Jackye saludant al p\u00fablic, imprescindible la reacci\u00f3 de la seguretat de la sala; la gent al carrer afligida i celebrant tornar a veure com assassinen el president; el final que inclou la presentaci\u00f3 de la pr\u00f2pia pel\u00b7l\u00edcula en un cinema, i la posterior discussi\u00f3; i en general el to de reenactment sumat al de makng off.<br \/>\nPer\u00f2 hi ha una dada important que no se&#8217;ns pot escapar pel que fa a &#8220;the Eternal Frame&#8221;. Es va filmar el mateix any en qu\u00e8 finalment es va fer p\u00fablic el film de <a href=\"http:\/\/www.youtube.com\/watch?v=-r0JojdpJoI\">Zapruder<\/a> que retratava l&#8217;assassinat i que havia restat ocultat durant 12 anys per l\u2019FBI. El film Zapruder \u00e9s fonamental en aquesta hist\u00f2ria per diversos motius: En primer lloc, perqu\u00e8 va mostrar la dist\u00e0ncia entre la realitat i la seva representaci\u00f3, havia de servir per mesurar amb exactitud la freq\u00fc\u00e8ncia entre trets (cosa impossible donada la diferent velocitat de reproducci\u00f3 i la p\u00e8rdua de fotogrames); i que quan es va emetre aquell 1975 a la televisi\u00f3 p\u00fablica va ser el programa de televisi\u00f3 m\u00e9s vist. Ant Farm tamb\u00e9 ho van veure i ho van reproduir.<\/p>\n<p>Us deixem un extracte de youtube de &#8220;The Etrenal Frame&#8221; i el link a Ubuweb amb el v\u00eddeo complet: http:\/\/www.ubu.com\/film\/ant_farm_eternal.html->http:\/\/www.ubu.com\/film\/ant_farm_eternal.html]<\/p>\n<p><iframe loading=\"lazy\" width=\"640\" height=\"480\" src=\"\/\/www.youtube.com\/embed\/ieVwRqUxVI8\" frameborder=\"0\" allowfullscreen><\/iframe><\/p>\n","protected":false},"excerpt":{"rendered":"<p>Fa cinquanta anys que van assassinar John F. Kennedy als carrers de Dallas. Tots els mitjans ho han destacat, reportatges en els diaris i pel\u00b7l\u00edcules a la televisi\u00f3. A nosaltres&#8230;<\/p>\n","protected":false},"author":1241,"featured_media":0,"comment_status":"open","ping_status":"open","sticky":false,"template":"","format":"standard","meta":{"_relevanssi_hide_post":"","_relevanssi_hide_content":"","_relevanssi_pin_for_all":"","_relevanssi_pin_keywords":"","_relevanssi_unpin_keywords":"","_relevanssi_related_keywords":"","_relevanssi_related_include_ids":"","_relevanssi_related_exclude_ids":"","_relevanssi_related_no_append":"","_relevanssi_related_not_related":"","_relevanssi_related_posts":"","_relevanssi_noindex_reason":"","footnotes":""},"categories":[6782],"tags":[],"coauthors":[],"acf":[],"yoast_head":"<!-- This site is optimized with the Yoast SEO plugin v22.6 - https:\/\/yoast.com\/wordpress\/plugins\/seo\/ -->\n<title>33 aniversari del re-assassinat de JFK &#8211; A*Desk<\/title>\n<meta name=\"robots\" content=\"index, follow, max-snippet:-1, max-image-preview:large, max-video-preview:-1\" \/>\n<link rel=\"canonical\" href=\"https:\/\/a-desk.org\/ca\/magazine\/33-aniversari-del-re-assassinat-de\/\" \/>\n<meta property=\"og:locale\" content=\"ca_ES\" \/>\n<meta property=\"og:type\" content=\"article\" \/>\n<meta property=\"og:title\" content=\"33 aniversari del re-assassinat de JFK &#8211; A*Desk\" \/>\n<meta property=\"og:description\" content=\"Fa cinquanta anys que van assassinar John F. Kennedy als carrers de Dallas. Tots els mitjans ho han destacat, reportatges en els diaris i pel\u00b7l\u00edcules a la televisi\u00f3. A nosaltres...\" \/>\n<meta property=\"og:url\" content=\"https:\/\/a-desk.org\/ca\/magazine\/33-aniversari-del-re-assassinat-de\/\" \/>\n<meta property=\"og:site_name\" content=\"A*Desk\" \/>\n<meta property=\"article:published_time\" content=\"2013-11-24T02:00:00+00:00\" \/>\n<meta property=\"og:image\" content=\"https:\/\/a-desk.org\/wp-content\/uploads\/2025\/09\/a-desk-critical-thinking.jpg\" \/>\n\t<meta property=\"og:image:width\" content=\"1200\" \/>\n\t<meta property=\"og:image:height\" content=\"675\" \/>\n\t<meta property=\"og:image:type\" content=\"image\/jpeg\" \/>\n<meta name=\"author\" content=\"A*DESK\" \/>\n<meta name=\"twitter:card\" content=\"summary_large_image\" \/>\n<meta name=\"twitter:label1\" content=\"Escrit per\" \/>\n\t<meta name=\"twitter:data1\" content=\"A*DESK\" \/>\n\t<meta name=\"twitter:label2\" content=\"Temps estimat de lectura\" \/>\n\t<meta name=\"twitter:data2\" content=\"2 minuts\" \/>\n\t<meta name=\"twitter:label3\" content=\"Written by\" \/>\n\t<meta name=\"twitter:data3\" content=\"A*DESK\" \/>\n<script type=\"application\/ld+json\" class=\"yoast-schema-graph\">{\"@context\":\"https:\/\/schema.org\",\"@graph\":[{\"@type\":\"WebPage\",\"@id\":\"https:\/\/a-desk.org\/ca\/magazine\/33-aniversari-del-re-assassinat-de\/\",\"url\":\"https:\/\/a-desk.org\/ca\/magazine\/33-aniversari-del-re-assassinat-de\/\",\"name\":\"33 aniversari del re-assassinat de JFK &#8211; A*Desk\",\"isPartOf\":{\"@id\":\"https:\/\/a-desk.org\/#website\"},\"datePublished\":\"2013-11-24T02:00:00+00:00\",\"dateModified\":\"2013-11-24T02:00:00+00:00\",\"author\":{\"@id\":\"https:\/\/a-desk.org\/#\/schema\/person\/e32f2cc33a81d4e3e29207cb91b1c058\"},\"breadcrumb\":{\"@id\":\"https:\/\/a-desk.org\/ca\/magazine\/33-aniversari-del-re-assassinat-de\/#breadcrumb\"},\"inLanguage\":\"ca\",\"potentialAction\":[{\"@type\":\"ReadAction\",\"target\":[\"https:\/\/a-desk.org\/ca\/magazine\/33-aniversari-del-re-assassinat-de\/\"]}]},{\"@type\":\"BreadcrumbList\",\"@id\":\"https:\/\/a-desk.org\/ca\/magazine\/33-aniversari-del-re-assassinat-de\/#breadcrumb\",\"itemListElement\":[{\"@type\":\"ListItem\",\"position\":1,\"name\":\"Portada\",\"item\":\"https:\/\/a-desk.org\/ca\/\"},{\"@type\":\"ListItem\",\"position\":2,\"name\":\"33 aniversari del re-assassinat de JFK\"}]},{\"@type\":\"WebSite\",\"@id\":\"https:\/\/a-desk.org\/#website\",\"url\":\"https:\/\/a-desk.org\/\",\"name\":\"A*Desk\",\"description\":\"A*Desk Critical Thinking\",\"potentialAction\":[{\"@type\":\"SearchAction\",\"target\":{\"@type\":\"EntryPoint\",\"urlTemplate\":\"https:\/\/a-desk.org\/?s={search_term_string}\"},\"query-input\":\"required name=search_term_string\"}],\"inLanguage\":\"ca\"},{\"@type\":\"Person\",\"@id\":\"https:\/\/a-desk.org\/#\/schema\/person\/e32f2cc33a81d4e3e29207cb91b1c058\",\"name\":\"A*DESK\",\"image\":{\"@type\":\"ImageObject\",\"inLanguage\":\"ca\",\"@id\":\"https:\/\/a-desk.org\/#\/schema\/person\/image\/10ff463f7c1b7bf67a9b0c7cb7d009a0\",\"url\":\"https:\/\/secure.gravatar.com\/avatar\/512021342347efd46b63b4246a323676?s=96&d=mm&r=g\",\"contentUrl\":\"https:\/\/secure.gravatar.com\/avatar\/512021342347efd46b63b4246a323676?s=96&d=mm&r=g\",\"caption\":\"A*DESK\"},\"url\":\"https:\/\/a-desk.org\/ca\/autor\/audeske\/\"}]}<\/script>\n<!-- \/ Yoast SEO plugin. -->","yoast_head_json":{"title":"33 aniversari del re-assassinat de JFK &#8211; A*Desk","robots":{"index":"index","follow":"follow","max-snippet":"max-snippet:-1","max-image-preview":"max-image-preview:large","max-video-preview":"max-video-preview:-1"},"canonical":"https:\/\/a-desk.org\/ca\/magazine\/33-aniversari-del-re-assassinat-de\/","og_locale":"ca_ES","og_type":"article","og_title":"33 aniversari del re-assassinat de JFK &#8211; A*Desk","og_description":"Fa cinquanta anys que van assassinar John F. Kennedy als carrers de Dallas. Tots els mitjans ho han destacat, reportatges en els diaris i pel\u00b7l\u00edcules a la televisi\u00f3. A nosaltres...","og_url":"https:\/\/a-desk.org\/ca\/magazine\/33-aniversari-del-re-assassinat-de\/","og_site_name":"A*Desk","article_published_time":"2013-11-24T02:00:00+00:00","og_image":[{"width":1200,"height":675,"url":"https:\/\/a-desk.org\/wp-content\/uploads\/2025\/09\/a-desk-critical-thinking.jpg","type":"image\/jpeg"}],"author":"A*DESK","twitter_card":"summary_large_image","twitter_misc":{"Escrit per":"A*DESK","Temps estimat de lectura":"2 minuts","Written by":"A*DESK"},"schema":{"@context":"https:\/\/schema.org","@graph":[{"@type":"WebPage","@id":"https:\/\/a-desk.org\/ca\/magazine\/33-aniversari-del-re-assassinat-de\/","url":"https:\/\/a-desk.org\/ca\/magazine\/33-aniversari-del-re-assassinat-de\/","name":"33 aniversari del re-assassinat de JFK &#8211; A*Desk","isPartOf":{"@id":"https:\/\/a-desk.org\/#website"},"datePublished":"2013-11-24T02:00:00+00:00","dateModified":"2013-11-24T02:00:00+00:00","author":{"@id":"https:\/\/a-desk.org\/#\/schema\/person\/e32f2cc33a81d4e3e29207cb91b1c058"},"breadcrumb":{"@id":"https:\/\/a-desk.org\/ca\/magazine\/33-aniversari-del-re-assassinat-de\/#breadcrumb"},"inLanguage":"ca","potentialAction":[{"@type":"ReadAction","target":["https:\/\/a-desk.org\/ca\/magazine\/33-aniversari-del-re-assassinat-de\/"]}]},{"@type":"BreadcrumbList","@id":"https:\/\/a-desk.org\/ca\/magazine\/33-aniversari-del-re-assassinat-de\/#breadcrumb","itemListElement":[{"@type":"ListItem","position":1,"name":"Portada","item":"https:\/\/a-desk.org\/ca\/"},{"@type":"ListItem","position":2,"name":"33 aniversari del re-assassinat de JFK"}]},{"@type":"WebSite","@id":"https:\/\/a-desk.org\/#website","url":"https:\/\/a-desk.org\/","name":"A*Desk","description":"A*Desk Critical Thinking","potentialAction":[{"@type":"SearchAction","target":{"@type":"EntryPoint","urlTemplate":"https:\/\/a-desk.org\/?s={search_term_string}"},"query-input":"required name=search_term_string"}],"inLanguage":"ca"},{"@type":"Person","@id":"https:\/\/a-desk.org\/#\/schema\/person\/e32f2cc33a81d4e3e29207cb91b1c058","name":"A*DESK","image":{"@type":"ImageObject","inLanguage":"ca","@id":"https:\/\/a-desk.org\/#\/schema\/person\/image\/10ff463f7c1b7bf67a9b0c7cb7d009a0","url":"https:\/\/secure.gravatar.com\/avatar\/512021342347efd46b63b4246a323676?s=96&d=mm&r=g","contentUrl":"https:\/\/secure.gravatar.com\/avatar\/512021342347efd46b63b4246a323676?s=96&d=mm&r=g","caption":"A*DESK"},"url":"https:\/\/a-desk.org\/ca\/autor\/audeske\/"}]}},"_links":{"self":[{"href":"https:\/\/a-desk.org\/ca\/wp-json\/wp\/v2\/posts\/8418"}],"collection":[{"href":"https:\/\/a-desk.org\/ca\/wp-json\/wp\/v2\/posts"}],"about":[{"href":"https:\/\/a-desk.org\/ca\/wp-json\/wp\/v2\/types\/post"}],"author":[{"embeddable":true,"href":"https:\/\/a-desk.org\/ca\/wp-json\/wp\/v2\/users\/1241"}],"replies":[{"embeddable":true,"href":"https:\/\/a-desk.org\/ca\/wp-json\/wp\/v2\/comments?post=8418"}],"version-history":[{"count":0,"href":"https:\/\/a-desk.org\/ca\/wp-json\/wp\/v2\/posts\/8418\/revisions"}],"wp:attachment":[{"href":"https:\/\/a-desk.org\/ca\/wp-json\/wp\/v2\/media?parent=8418"}],"wp:term":[{"taxonomy":"category","embeddable":true,"href":"https:\/\/a-desk.org\/ca\/wp-json\/wp\/v2\/categories?post=8418"},{"taxonomy":"post_tag","embeddable":true,"href":"https:\/\/a-desk.org\/ca\/wp-json\/wp\/v2\/tags?post=8418"},{"taxonomy":"author","embeddable":true,"href":"https:\/\/a-desk.org\/ca\/wp-json\/wp\/v2\/coauthors?post=8418"}],"curies":[{"name":"wp","href":"https:\/\/api.w.org\/{rel}","templated":true}]}}