{"id":8421,"date":"2013-12-01T02:00:00","date_gmt":"2013-12-01T02:00:00","guid":{"rendered":"http:\/\/a-desk.org\/2013\/12\/01\/don-t-you-worry-about-the-ads2589\/"},"modified":"2018-10-08T09:12:12","modified_gmt":"2018-10-08T08:12:12","slug":"don-t-you-worry-about-the-ads2589","status":"publish","type":"post","link":"https:\/\/a-desk.org\/ca\/magazine\/don-t-you-worry-about-the-ads2589\/","title":{"rendered":"Don\u2019t you worry about the Ads \u2013 Servir a la corporaci\u00f3"},"content":{"rendered":"<p>Fa uns dies, la banda australiana de pop-rock psicod\u00e8lic Tame Impala publicar en el seu mur de Facebook que els havien ofert 100.000$ per posar m\u00fasica a un anunci de telefonia m\u00f2bil i preguntava als seus fans qu\u00e8 havien de fer. El mur de seguida es va incendiar amb comentaris a favor i en contra de cedir una can\u00e7\u00f3 per a publicitat i poques hores despr\u00e9s ja hi havia milers d&#8217;opinions m\u00e9s o menys argumentades en un llargu\u00edssim fil de conversa. Que si &#8220;us ho mereixeu&#8221;, que si &#8220;no us vengueu&#8221;, cites de i comparacions amb altres grups que s\u00ed que han treballat per espots televisius i amb d\u2019altres que s&#8217;han negat a fer-ho i que a m\u00e9s han fet d&#8217;aix\u00f2 una senyal d&#8217;identitat.<\/p>\n<p>Qu\u00e8 hi ha de dolent en cedir una de les teves can\u00e7ons per publicitar un producte? Segons es despr\u00e8n de les respostes a Tame Impala, posar m\u00fasica a anuncis \u00e9s una cosa que no tots els grups poden fer, cosa que queda reservat a les bandes m\u00e9s comercials, a les que han tingut un \u00e8xit m\u00e9s r\u00e0pid, a les menys indies -sigui el que sigui aix\u00f2. \u00c9s a dir, que a ning\u00fa li agrada que el seu grup favorit, al que ja seguien quan encara no era tan conegut i que els feia sentir especials per aquesta ra\u00f3, es passi al <em>mainstream<\/em>, a la tele. No sembla que depengui tant del producte anunciat ni de la marca -encara que, si es tract\u00e9s d&#8217;un espot per a les Forces Armades, en comptes de per un tel\u00e8fon m\u00f2bil, la discussi\u00f3 potser seria una altra- sin\u00f3 molt m\u00e9s del fet de vendre una can\u00e7\u00f3 a una marca comercial. Entre les respostes positives hi ha les que insten al grup a acceptar l&#8217;oferta perqu\u00e8 s&#8217;ho han guanyat amb el seu treball previ, perqu\u00e8 si no ho fan ells ho far\u00e0 un altre, i negant-se tampoc s&#8217;est\u00e0 combatent cap mal (el de l&#8217;obsolesc\u00e8ncia programada em ve al el cap), i aix\u00ed poden gravar m\u00e9s discos, comprar instruments nous i fer m\u00e9s gires. Henry Rollins explica molt b\u00e9, des d&#8217;aquesta perspectiva, el problema de l&#8217;indie amb la publicitat <a href=\"https:\/\/www.youtube.com\/watch?v=s6zVUvmkyvA#t=42\">en aquest v\u00eddeo<\/a>.<br \/>\nLa mateixa setmana es desfermava una pol\u00e8mica entre el fabricant de joguines Goldieblox i els Beastie Boys a partir d&#8217;un anunci del primer que utilitzava una versi\u00f3 d&#8217;una can\u00e7\u00f3 del mencionat grup -sense haver demanat perm\u00eds als seus membres. Que Beastie Boys denunciessin p\u00fablicament aquest fet li va semblar fatal a tot internet, ja que la nova versi\u00f3 canviava la lletra i el to de la can\u00e7\u00f3 (molt masclista, sense que hagi quedat mai clar si era una broma o no) de tal manera que el convertia en un <a href=\"http:\/\/www.youtube.com\/watch?v=8i8lXBC7QTI\">himne d&#8217;empoderament per a nenes<\/a>. Sembla ser que el que els m\u00fasics no podien suportar era veure la seva can\u00e7\u00f3, versionada o no, i malgrat el missatge positiu, en un anunci, ja que aix\u00f2 era una cosa que havien parlat abans i que fins i tot Ad Rock, el membre de Beastie Boys mort el passat any, havia deixat escrit en el seu testament. Aix\u00f2 ve a confirmar el que d\u00e8iem m\u00e9s amunt: no \u00e9s per no sortir a la televisi\u00f3 i donar-se a con\u00e8ixer al gran p\u00fablic, \u00e9s per no ser associats amb un producte i amb una marca comercial, per no servir una corporaci\u00f3 capitalista: si l&#8217;objectiu \u00e9s comercial, no hi ha feminismes ni bones intencions que valguin.<\/p>\n<p>Un altre cas, tamb\u00e9 dif\u00f3s recentment, \u00e9s el de la marca de xiclets Beldent i el seu espot amb bessons id\u00e8ntics presentat com a projecte art\u00edstic al MACBA -Museu d&#8217;Art Contemporani de Buenos Aires-. El v\u00eddeo, al principi, \u00e9s cre\u00efble, per\u00f2 qualsevol s&#8217;adona en algun moment que aix\u00f2 no \u00e9s cap acci\u00f3 art\u00edstica, sin\u00f3 una estrat\u00e8gia comercial pura i dura presentada en un museu, amb el benepl\u00e0cit d&#8217;aquest. Les institucions art\u00edstiques es financen amb diners de grans empreses i de bancs sense preguntar-se d&#8217;on v\u00e9nen els diners ni quins interessos hi ha darrere d&#8217;aquestes donacions, escenificant una mena d\u2019&#8221;agafa els diners i corre&#8221; en la l\u00ednia de les respostes positives a la pregunta de Tame Impala. Em pregunto per qu\u00e8 en la m\u00fasica \u00e9s tan problem\u00e0tic que sigui evident que se serveix a uns interessos comercials i que, en canvi, les arts visuals es prestin a la propaganda amb tanta facilitat. Sembla, doncs, que nom\u00e9s si la intenci\u00f3 comercial \u00e9s clara i evident, l&#8217;artista ha de q\u00fcestionar i fins i tot rebutjar el tracte. Pot, doncs, el cas de Beldent crear un precedent?<\/p>\n<p><iframe loading=\"lazy\" src=\"\/\/www.youtube.com\/embed\/gy4xfGSByXo\" width=\"670\" height=\"377\" frameborder=\"0\" allowfullscreen=\"allowfullscreen\"><\/iframe><\/p>\n","protected":false},"excerpt":{"rendered":"<p>Fa uns dies, la banda australiana de pop-rock psicod\u00e8lic Tame Impala publicar en el seu mur de Facebook que els havien ofert 100.000$ per posar m\u00fasica a un anunci de&#8230;<\/p>\n","protected":false},"author":1276,"featured_media":24686,"comment_status":"open","ping_status":"open","sticky":false,"template":"","format":"standard","meta":{"_relevanssi_hide_post":"","_relevanssi_hide_content":"","_relevanssi_pin_for_all":"","_relevanssi_pin_keywords":"","_relevanssi_unpin_keywords":"","_relevanssi_related_keywords":"","_relevanssi_related_include_ids":"","_relevanssi_related_exclude_ids":"","_relevanssi_related_no_append":"","_relevanssi_related_not_related":"","_relevanssi_related_posts":"","_relevanssi_noindex_reason":"","footnotes":""},"categories":[6782],"tags":[],"coauthors":[],"acf":[],"yoast_head":"<!-- This site is optimized with the Yoast SEO plugin v22.6 - https:\/\/yoast.com\/wordpress\/plugins\/seo\/ -->\n<title>Don\u2019t you worry about the Ads \u2013 Servir a la corporaci\u00f3 &#8211; A*Desk<\/title>\n<meta name=\"robots\" content=\"index, follow, max-snippet:-1, max-image-preview:large, max-video-preview:-1\" \/>\n<link rel=\"canonical\" href=\"https:\/\/a-desk.org\/magazine\/don-t-you-worry-about-the-ads\/\" \/>\n<meta property=\"og:locale\" content=\"ca_ES\" \/>\n<meta property=\"og:type\" content=\"article\" \/>\n<meta property=\"og:title\" content=\"Don\u2019t you worry about the Ads \u2013 Servir a la corporaci\u00f3 &#8211; A*Desk\" \/>\n<meta property=\"og:description\" content=\"Fa uns dies, la banda australiana de pop-rock psicod\u00e8lic Tame Impala publicar en el seu mur de Facebook que els havien ofert 100.000$ per posar m\u00fasica a un anunci de...\" \/>\n<meta property=\"og:url\" content=\"https:\/\/a-desk.org\/magazine\/don-t-you-worry-about-the-ads\/\" \/>\n<meta property=\"og:site_name\" content=\"A*Desk\" \/>\n<meta property=\"article:published_time\" content=\"2013-12-01T02:00:00+00:00\" \/>\n<meta property=\"article:modified_time\" content=\"2018-10-08T08:12:12+00:00\" \/>\n<meta property=\"og:image\" content=\"https:\/\/a-desk.org\/wp-content\/uploads\/2013\/12\/goldieblox-1.png\" \/>\n\t<meta property=\"og:image:width\" content=\"642\" \/>\n\t<meta property=\"og:image:height\" content=\"355\" \/>\n\t<meta property=\"og:image:type\" content=\"image\/png\" \/>\n<meta name=\"author\" content=\"Gl\u00f2ria Guso\" \/>\n<meta name=\"twitter:card\" content=\"summary_large_image\" \/>\n<meta name=\"twitter:label1\" content=\"Escrit per\" \/>\n\t<meta name=\"twitter:data1\" content=\"Gl\u00f2ria Guso\" \/>\n\t<meta name=\"twitter:label2\" content=\"Temps estimat de lectura\" \/>\n\t<meta name=\"twitter:data2\" content=\"4 minuts\" \/>\n\t<meta name=\"twitter:label3\" content=\"Written by\" \/>\n\t<meta name=\"twitter:data3\" content=\"Gl\u00f2ria Guso\" \/>\n<script type=\"application\/ld+json\" class=\"yoast-schema-graph\">{\"@context\":\"https:\/\/schema.org\",\"@graph\":[{\"@type\":\"WebPage\",\"@id\":\"https:\/\/a-desk.org\/magazine\/don-t-you-worry-about-the-ads\/\",\"url\":\"https:\/\/a-desk.org\/magazine\/don-t-you-worry-about-the-ads\/\",\"name\":\"Don\u2019t you worry about the Ads \u2013 Servir a la corporaci\u00f3 &#8211; A*Desk\",\"isPartOf\":{\"@id\":\"https:\/\/a-desk.org\/#website\"},\"primaryImageOfPage\":{\"@id\":\"https:\/\/a-desk.org\/magazine\/don-t-you-worry-about-the-ads\/#primaryimage\"},\"image\":{\"@id\":\"https:\/\/a-desk.org\/magazine\/don-t-you-worry-about-the-ads\/#primaryimage\"},\"thumbnailUrl\":\"https:\/\/a-desk.org\/wp-content\/uploads\/2013\/12\/goldieblox-1.png\",\"datePublished\":\"2013-12-01T02:00:00+00:00\",\"dateModified\":\"2018-10-08T08:12:12+00:00\",\"author\":{\"@id\":\"https:\/\/a-desk.org\/#\/schema\/person\/ec857eb2538747e48347da028599fd70\"},\"breadcrumb\":{\"@id\":\"https:\/\/a-desk.org\/magazine\/don-t-you-worry-about-the-ads\/#breadcrumb\"},\"inLanguage\":\"ca\",\"potentialAction\":[{\"@type\":\"ReadAction\",\"target\":[\"https:\/\/a-desk.org\/magazine\/don-t-you-worry-about-the-ads\/\"]}]},{\"@type\":\"ImageObject\",\"inLanguage\":\"ca\",\"@id\":\"https:\/\/a-desk.org\/magazine\/don-t-you-worry-about-the-ads\/#primaryimage\",\"url\":\"https:\/\/a-desk.org\/wp-content\/uploads\/2013\/12\/goldieblox-1.png\",\"contentUrl\":\"https:\/\/a-desk.org\/wp-content\/uploads\/2013\/12\/goldieblox-1.png\",\"width\":642,\"height\":355},{\"@type\":\"BreadcrumbList\",\"@id\":\"https:\/\/a-desk.org\/magazine\/don-t-you-worry-about-the-ads\/#breadcrumb\",\"itemListElement\":[{\"@type\":\"ListItem\",\"position\":1,\"name\":\"Portada\",\"item\":\"https:\/\/a-desk.org\/ca\/\"},{\"@type\":\"ListItem\",\"position\":2,\"name\":\"Don\u2019t you worry about the Ads \u2013 Servir a la corporaci\u00f3\"}]},{\"@type\":\"WebSite\",\"@id\":\"https:\/\/a-desk.org\/#website\",\"url\":\"https:\/\/a-desk.org\/\",\"name\":\"A*Desk\",\"description\":\"A*Desk Critical Thinking\",\"potentialAction\":[{\"@type\":\"SearchAction\",\"target\":{\"@type\":\"EntryPoint\",\"urlTemplate\":\"https:\/\/a-desk.org\/?s={search_term_string}\"},\"query-input\":\"required name=search_term_string\"}],\"inLanguage\":\"ca\"},{\"@type\":\"Person\",\"@id\":\"https:\/\/a-desk.org\/#\/schema\/person\/ec857eb2538747e48347da028599fd70\",\"name\":\"Gl\u00f2ria Guso\",\"image\":{\"@type\":\"ImageObject\",\"inLanguage\":\"ca\",\"@id\":\"https:\/\/a-desk.org\/#\/schema\/person\/image\/0dc3815e6efbf64e975dd711f40827e1\",\"url\":\"https:\/\/secure.gravatar.com\/avatar\/e41cb3271f2f422dec18742294a9c1a9?s=96&d=mm&r=g\",\"contentUrl\":\"https:\/\/secure.gravatar.com\/avatar\/e41cb3271f2f422dec18742294a9c1a9?s=96&d=mm&r=g\",\"caption\":\"Gl\u00f2ria Guso\"},\"url\":\"https:\/\/a-desk.org\/ca\/autor\/guso\/\"}]}<\/script>\n<!-- \/ Yoast SEO plugin. -->","yoast_head_json":{"title":"Don\u2019t you worry about the Ads \u2013 Servir a la corporaci\u00f3 &#8211; A*Desk","robots":{"index":"index","follow":"follow","max-snippet":"max-snippet:-1","max-image-preview":"max-image-preview:large","max-video-preview":"max-video-preview:-1"},"canonical":"https:\/\/a-desk.org\/magazine\/don-t-you-worry-about-the-ads\/","og_locale":"ca_ES","og_type":"article","og_title":"Don\u2019t you worry about the Ads \u2013 Servir a la corporaci\u00f3 &#8211; A*Desk","og_description":"Fa uns dies, la banda australiana de pop-rock psicod\u00e8lic Tame Impala publicar en el seu mur de Facebook que els havien ofert 100.000$ per posar m\u00fasica a un anunci de...","og_url":"https:\/\/a-desk.org\/magazine\/don-t-you-worry-about-the-ads\/","og_site_name":"A*Desk","article_published_time":"2013-12-01T02:00:00+00:00","article_modified_time":"2018-10-08T08:12:12+00:00","og_image":[{"width":642,"height":355,"url":"https:\/\/a-desk.org\/wp-content\/uploads\/2013\/12\/goldieblox-1.png","type":"image\/png"}],"author":"Gl\u00f2ria Guso","twitter_card":"summary_large_image","twitter_misc":{"Escrit per":"Gl\u00f2ria Guso","Temps estimat de lectura":"4 minuts","Written by":"Gl\u00f2ria Guso"},"schema":{"@context":"https:\/\/schema.org","@graph":[{"@type":"WebPage","@id":"https:\/\/a-desk.org\/magazine\/don-t-you-worry-about-the-ads\/","url":"https:\/\/a-desk.org\/magazine\/don-t-you-worry-about-the-ads\/","name":"Don\u2019t you worry about the Ads \u2013 Servir a la corporaci\u00f3 &#8211; A*Desk","isPartOf":{"@id":"https:\/\/a-desk.org\/#website"},"primaryImageOfPage":{"@id":"https:\/\/a-desk.org\/magazine\/don-t-you-worry-about-the-ads\/#primaryimage"},"image":{"@id":"https:\/\/a-desk.org\/magazine\/don-t-you-worry-about-the-ads\/#primaryimage"},"thumbnailUrl":"https:\/\/a-desk.org\/wp-content\/uploads\/2013\/12\/goldieblox-1.png","datePublished":"2013-12-01T02:00:00+00:00","dateModified":"2018-10-08T08:12:12+00:00","author":{"@id":"https:\/\/a-desk.org\/#\/schema\/person\/ec857eb2538747e48347da028599fd70"},"breadcrumb":{"@id":"https:\/\/a-desk.org\/magazine\/don-t-you-worry-about-the-ads\/#breadcrumb"},"inLanguage":"ca","potentialAction":[{"@type":"ReadAction","target":["https:\/\/a-desk.org\/magazine\/don-t-you-worry-about-the-ads\/"]}]},{"@type":"ImageObject","inLanguage":"ca","@id":"https:\/\/a-desk.org\/magazine\/don-t-you-worry-about-the-ads\/#primaryimage","url":"https:\/\/a-desk.org\/wp-content\/uploads\/2013\/12\/goldieblox-1.png","contentUrl":"https:\/\/a-desk.org\/wp-content\/uploads\/2013\/12\/goldieblox-1.png","width":642,"height":355},{"@type":"BreadcrumbList","@id":"https:\/\/a-desk.org\/magazine\/don-t-you-worry-about-the-ads\/#breadcrumb","itemListElement":[{"@type":"ListItem","position":1,"name":"Portada","item":"https:\/\/a-desk.org\/ca\/"},{"@type":"ListItem","position":2,"name":"Don\u2019t you worry about the Ads \u2013 Servir a la corporaci\u00f3"}]},{"@type":"WebSite","@id":"https:\/\/a-desk.org\/#website","url":"https:\/\/a-desk.org\/","name":"A*Desk","description":"A*Desk Critical Thinking","potentialAction":[{"@type":"SearchAction","target":{"@type":"EntryPoint","urlTemplate":"https:\/\/a-desk.org\/?s={search_term_string}"},"query-input":"required name=search_term_string"}],"inLanguage":"ca"},{"@type":"Person","@id":"https:\/\/a-desk.org\/#\/schema\/person\/ec857eb2538747e48347da028599fd70","name":"Gl\u00f2ria Guso","image":{"@type":"ImageObject","inLanguage":"ca","@id":"https:\/\/a-desk.org\/#\/schema\/person\/image\/0dc3815e6efbf64e975dd711f40827e1","url":"https:\/\/secure.gravatar.com\/avatar\/e41cb3271f2f422dec18742294a9c1a9?s=96&d=mm&r=g","contentUrl":"https:\/\/secure.gravatar.com\/avatar\/e41cb3271f2f422dec18742294a9c1a9?s=96&d=mm&r=g","caption":"Gl\u00f2ria Guso"},"url":"https:\/\/a-desk.org\/ca\/autor\/guso\/"}]}},"_links":{"self":[{"href":"https:\/\/a-desk.org\/ca\/wp-json\/wp\/v2\/posts\/8421"}],"collection":[{"href":"https:\/\/a-desk.org\/ca\/wp-json\/wp\/v2\/posts"}],"about":[{"href":"https:\/\/a-desk.org\/ca\/wp-json\/wp\/v2\/types\/post"}],"author":[{"embeddable":true,"href":"https:\/\/a-desk.org\/ca\/wp-json\/wp\/v2\/users\/1276"}],"replies":[{"embeddable":true,"href":"https:\/\/a-desk.org\/ca\/wp-json\/wp\/v2\/comments?post=8421"}],"version-history":[{"count":1,"href":"https:\/\/a-desk.org\/ca\/wp-json\/wp\/v2\/posts\/8421\/revisions"}],"predecessor-version":[{"id":24691,"href":"https:\/\/a-desk.org\/ca\/wp-json\/wp\/v2\/posts\/8421\/revisions\/24691"}],"wp:featuredmedia":[{"embeddable":true,"href":"https:\/\/a-desk.org\/ca\/wp-json\/wp\/v2\/media\/24686"}],"wp:attachment":[{"href":"https:\/\/a-desk.org\/ca\/wp-json\/wp\/v2\/media?parent=8421"}],"wp:term":[{"taxonomy":"category","embeddable":true,"href":"https:\/\/a-desk.org\/ca\/wp-json\/wp\/v2\/categories?post=8421"},{"taxonomy":"post_tag","embeddable":true,"href":"https:\/\/a-desk.org\/ca\/wp-json\/wp\/v2\/tags?post=8421"},{"taxonomy":"author","embeddable":true,"href":"https:\/\/a-desk.org\/ca\/wp-json\/wp\/v2\/coauthors?post=8421"}],"curies":[{"name":"wp","href":"https:\/\/api.w.org\/{rel}","templated":true}]}}