{"id":8456,"date":"2013-12-12T02:00:00","date_gmt":"2013-12-12T02:00:00","guid":{"rendered":"http:\/\/a-desk.org\/2013\/12\/12\/com-volem-pensar-el-futur\/"},"modified":"2013-12-12T02:00:00","modified_gmt":"2013-12-12T02:00:00","slug":"com-volem-pensar-el-futur","status":"publish","type":"post","link":"https:\/\/a-desk.org\/ca\/magazine\/com-volem-pensar-el-futur\/","title":{"rendered":"Com volem pensar el futur"},"content":{"rendered":"<p><img decoding=\"async\" class=\" alignleft size-full wp-image-8426\" src=\"http:\/\/a-desk.org\/wp-content\/uploads\/2013\/12\/201310_dissident_object1_590-2.jpg\" alt=\"201310_dissident_object1_590-2.jpg\" align=\"left\" width=\"670\" height=\"409\" srcset=\"https:\/\/a-desk.org\/wp-content\/uploads\/2013\/12\/201310_dissident_object1_590-2.jpg 670w, https:\/\/a-desk.org\/wp-content\/uploads\/2013\/12\/201310_dissident_object1_590-2-595x363.jpg 595w\" sizes=\"(max-width: 670px) 100vw, 670px\" \/><br \/>\n<a href=\"http:\/\/www.ybca.org\/dissident-futures\">Dissident Futures<\/a> \u00e9s una mostra coral sobre imaginaris del futur. Es pot visitar al Yerba Buena Center for the Arts de San Francisco fins al 2 de febrer de 2014. Amb obra de 19 artistes i diverses xerrades i performances programades en paral\u00b7lel, constitueix una invitaci\u00f3 a replantejar els desitjos que projectem en el futur amb una mica d&#8217;esperit cr\u00edtic.<\/p>\n<p>Al cor d&#8217;una ciutat articulada sobre els desenvolupaments de les ind\u00fastries de Silicon Valley, on es respira un incondicional entusiasme per l&#8217;efecte que els cervells googlelians <em>et al<\/em> ja estan tenint en les vides dels seus ciutadans, sembla m\u00e9s que pertinent aturar-se a meditar sobre els efectes reals que aquesta accelerada tecnol\u00f2gica tindr\u00e0, de veritat, fora de l&#8217;oasi de la badia.<\/p>\n<p>La curadora de la mostra, Betty-Sue Hertz, vol portar al p\u00fablic una selecci\u00f3 de peces que presenten imatges del futur en principi cr\u00edtiques. No obstant aix\u00f2, el conjunt d&#8217;obres no aconsegueix donar cos a una postura. Veus que de veritat q\u00fcestionen l&#8217;aposta cega pel virtuosisme t\u00e8cnic es veuen apagades amb la recreaci\u00f3 en est\u00e8tiques tecnocr\u00e0tiques que d&#8217;altres representen. A destacar, el v\u00eddeo <em>Popular Unrest<\/em>, de Melanie Gilligan (2010), les enormes aquarel\u00b7les de Dan Mills, <em>Quest<\/em> (2012); <em>Infinity Engine<\/em>, els prototips corporals de Lynn Hershman (2013), o <em>Kempinski<\/em> (2007), un dels documentals de ci\u00e8ncia ficci\u00f3 etnogr\u00e0fica de Neil Beloufa.<\/p>\n<p>L&#8217;intent del Yerba Buena Center for the Arts de sembrar al centre del SOMA de Sant Francisco la llavor sobre el dubte sobre la responsabilitat que comporta la compulsiva elucubraci\u00f3 amb el futur es desactiva amb la for\u00e7a de la mirada hegem\u00f2nica que avui articula la vida en aquesta ciutat. Per donar canya cal fer-ho amb m\u00e9s for\u00e7a. <\/p>\n","protected":false},"excerpt":{"rendered":"<p>Dissident Futures \u00e9s una mostra coral sobre imaginaris del futur. Es pot visitar al Yerba Buena Center for the Arts de San Francisco fins al 2 de febrer de 2014&#8230;.<\/p>\n","protected":false},"author":1245,"featured_media":8426,"comment_status":"open","ping_status":"open","sticky":false,"template":"","format":"standard","meta":{"_relevanssi_hide_post":"","_relevanssi_hide_content":"","_relevanssi_pin_for_all":"","_relevanssi_pin_keywords":"","_relevanssi_unpin_keywords":"","_relevanssi_related_keywords":"","_relevanssi_related_include_ids":"","_relevanssi_related_exclude_ids":"","_relevanssi_related_no_append":"","_relevanssi_related_not_related":"","_relevanssi_related_posts":"","_relevanssi_noindex_reason":"","footnotes":""},"categories":[6782],"tags":[],"coauthors":[],"acf":[],"yoast_head":"<!-- This site is optimized with the Yoast SEO plugin v22.6 - https:\/\/yoast.com\/wordpress\/plugins\/seo\/ -->\n<title>Com volem pensar el futur &#8211; A*Desk<\/title>\n<meta name=\"robots\" content=\"index, follow, max-snippet:-1, max-image-preview:large, max-video-preview:-1\" \/>\n<link rel=\"canonical\" href=\"https:\/\/a-desk.org\/ca\/magazine\/com-volem-pensar-el-futur\/\" \/>\n<meta property=\"og:locale\" content=\"ca_ES\" \/>\n<meta property=\"og:type\" content=\"article\" \/>\n<meta property=\"og:title\" content=\"Com volem pensar el futur &#8211; A*Desk\" \/>\n<meta property=\"og:description\" content=\"Dissident Futures \u00e9s una mostra coral sobre imaginaris del futur. Es pot visitar al Yerba Buena Center for the Arts de San Francisco fins al 2 de febrer de 2014....\" \/>\n<meta property=\"og:url\" content=\"https:\/\/a-desk.org\/ca\/magazine\/com-volem-pensar-el-futur\/\" \/>\n<meta property=\"og:site_name\" content=\"A*Desk\" \/>\n<meta property=\"article:published_time\" content=\"2013-12-12T02:00:00+00:00\" \/>\n<meta property=\"og:image\" content=\"https:\/\/a-desk.org\/wp-content\/uploads\/2013\/12\/201310_dissident_object1_590-2.jpg\" \/>\n\t<meta property=\"og:image:width\" content=\"670\" \/>\n\t<meta property=\"og:image:height\" content=\"409\" \/>\n\t<meta property=\"og:image:type\" content=\"image\/jpeg\" \/>\n<meta name=\"author\" content=\"Paloma Checa\" \/>\n<meta name=\"twitter:card\" content=\"summary_large_image\" \/>\n<meta name=\"twitter:label1\" content=\"Escrit per\" \/>\n\t<meta name=\"twitter:data1\" content=\"Paloma Checa\" \/>\n\t<meta name=\"twitter:label2\" content=\"Temps estimat de lectura\" \/>\n\t<meta name=\"twitter:data2\" content=\"1 minut\" \/>\n\t<meta name=\"twitter:label3\" content=\"Written by\" \/>\n\t<meta name=\"twitter:data3\" content=\"Paloma Checa\" \/>\n<script type=\"application\/ld+json\" class=\"yoast-schema-graph\">{\"@context\":\"https:\/\/schema.org\",\"@graph\":[{\"@type\":\"WebPage\",\"@id\":\"https:\/\/a-desk.org\/ca\/magazine\/com-volem-pensar-el-futur\/\",\"url\":\"https:\/\/a-desk.org\/ca\/magazine\/com-volem-pensar-el-futur\/\",\"name\":\"Com volem pensar el futur &#8211; A*Desk\",\"isPartOf\":{\"@id\":\"https:\/\/a-desk.org\/#website\"},\"primaryImageOfPage\":{\"@id\":\"https:\/\/a-desk.org\/ca\/magazine\/com-volem-pensar-el-futur\/#primaryimage\"},\"image\":{\"@id\":\"https:\/\/a-desk.org\/ca\/magazine\/com-volem-pensar-el-futur\/#primaryimage\"},\"thumbnailUrl\":\"https:\/\/a-desk.org\/wp-content\/uploads\/2013\/12\/201310_dissident_object1_590-2.jpg\",\"datePublished\":\"2013-12-12T02:00:00+00:00\",\"dateModified\":\"2013-12-12T02:00:00+00:00\",\"author\":{\"@id\":\"https:\/\/a-desk.org\/#\/schema\/person\/495c4cb29a162846e5ae6a602e5bd82f\"},\"breadcrumb\":{\"@id\":\"https:\/\/a-desk.org\/ca\/magazine\/com-volem-pensar-el-futur\/#breadcrumb\"},\"inLanguage\":\"ca\",\"potentialAction\":[{\"@type\":\"ReadAction\",\"target\":[\"https:\/\/a-desk.org\/ca\/magazine\/com-volem-pensar-el-futur\/\"]}]},{\"@type\":\"ImageObject\",\"inLanguage\":\"ca\",\"@id\":\"https:\/\/a-desk.org\/ca\/magazine\/com-volem-pensar-el-futur\/#primaryimage\",\"url\":\"https:\/\/a-desk.org\/wp-content\/uploads\/2013\/12\/201310_dissident_object1_590-2.jpg\",\"contentUrl\":\"https:\/\/a-desk.org\/wp-content\/uploads\/2013\/12\/201310_dissident_object1_590-2.jpg\",\"width\":670,\"height\":409,\"caption\":\"201310_dissident_object1_590-2.jpg\"},{\"@type\":\"BreadcrumbList\",\"@id\":\"https:\/\/a-desk.org\/ca\/magazine\/com-volem-pensar-el-futur\/#breadcrumb\",\"itemListElement\":[{\"@type\":\"ListItem\",\"position\":1,\"name\":\"Portada\",\"item\":\"https:\/\/a-desk.org\/ca\/\"},{\"@type\":\"ListItem\",\"position\":2,\"name\":\"Com volem pensar el futur\"}]},{\"@type\":\"WebSite\",\"@id\":\"https:\/\/a-desk.org\/#website\",\"url\":\"https:\/\/a-desk.org\/\",\"name\":\"A*Desk\",\"description\":\"A*Desk Critical Thinking\",\"potentialAction\":[{\"@type\":\"SearchAction\",\"target\":{\"@type\":\"EntryPoint\",\"urlTemplate\":\"https:\/\/a-desk.org\/?s={search_term_string}\"},\"query-input\":\"required name=search_term_string\"}],\"inLanguage\":\"ca\"},{\"@type\":\"Person\",\"@id\":\"https:\/\/a-desk.org\/#\/schema\/person\/495c4cb29a162846e5ae6a602e5bd82f\",\"name\":\"Paloma Checa\",\"image\":{\"@type\":\"ImageObject\",\"inLanguage\":\"ca\",\"@id\":\"https:\/\/a-desk.org\/#\/schema\/person\/image\/d88e9cfe6d730083e6e6b892a1db3a7f\",\"url\":\"https:\/\/secure.gravatar.com\/avatar\/6e42eefe39d86c8f56d6700b1e69ea4b?s=96&d=mm&r=g\",\"contentUrl\":\"https:\/\/secure.gravatar.com\/avatar\/6e42eefe39d86c8f56d6700b1e69ea4b?s=96&d=mm&r=g\",\"caption\":\"Paloma Checa\"},\"url\":\"https:\/\/a-desk.org\/ca\/autor\/paloma\/\"}]}<\/script>\n<!-- \/ Yoast SEO plugin. -->","yoast_head_json":{"title":"Com volem pensar el futur &#8211; A*Desk","robots":{"index":"index","follow":"follow","max-snippet":"max-snippet:-1","max-image-preview":"max-image-preview:large","max-video-preview":"max-video-preview:-1"},"canonical":"https:\/\/a-desk.org\/ca\/magazine\/com-volem-pensar-el-futur\/","og_locale":"ca_ES","og_type":"article","og_title":"Com volem pensar el futur &#8211; A*Desk","og_description":"Dissident Futures \u00e9s una mostra coral sobre imaginaris del futur. Es pot visitar al Yerba Buena Center for the Arts de San Francisco fins al 2 de febrer de 2014....","og_url":"https:\/\/a-desk.org\/ca\/magazine\/com-volem-pensar-el-futur\/","og_site_name":"A*Desk","article_published_time":"2013-12-12T02:00:00+00:00","og_image":[{"width":670,"height":409,"url":"https:\/\/a-desk.org\/wp-content\/uploads\/2013\/12\/201310_dissident_object1_590-2.jpg","type":"image\/jpeg"}],"author":"Paloma Checa","twitter_card":"summary_large_image","twitter_misc":{"Escrit per":"Paloma Checa","Temps estimat de lectura":"1 minut","Written by":"Paloma Checa"},"schema":{"@context":"https:\/\/schema.org","@graph":[{"@type":"WebPage","@id":"https:\/\/a-desk.org\/ca\/magazine\/com-volem-pensar-el-futur\/","url":"https:\/\/a-desk.org\/ca\/magazine\/com-volem-pensar-el-futur\/","name":"Com volem pensar el futur &#8211; A*Desk","isPartOf":{"@id":"https:\/\/a-desk.org\/#website"},"primaryImageOfPage":{"@id":"https:\/\/a-desk.org\/ca\/magazine\/com-volem-pensar-el-futur\/#primaryimage"},"image":{"@id":"https:\/\/a-desk.org\/ca\/magazine\/com-volem-pensar-el-futur\/#primaryimage"},"thumbnailUrl":"https:\/\/a-desk.org\/wp-content\/uploads\/2013\/12\/201310_dissident_object1_590-2.jpg","datePublished":"2013-12-12T02:00:00+00:00","dateModified":"2013-12-12T02:00:00+00:00","author":{"@id":"https:\/\/a-desk.org\/#\/schema\/person\/495c4cb29a162846e5ae6a602e5bd82f"},"breadcrumb":{"@id":"https:\/\/a-desk.org\/ca\/magazine\/com-volem-pensar-el-futur\/#breadcrumb"},"inLanguage":"ca","potentialAction":[{"@type":"ReadAction","target":["https:\/\/a-desk.org\/ca\/magazine\/com-volem-pensar-el-futur\/"]}]},{"@type":"ImageObject","inLanguage":"ca","@id":"https:\/\/a-desk.org\/ca\/magazine\/com-volem-pensar-el-futur\/#primaryimage","url":"https:\/\/a-desk.org\/wp-content\/uploads\/2013\/12\/201310_dissident_object1_590-2.jpg","contentUrl":"https:\/\/a-desk.org\/wp-content\/uploads\/2013\/12\/201310_dissident_object1_590-2.jpg","width":670,"height":409,"caption":"201310_dissident_object1_590-2.jpg"},{"@type":"BreadcrumbList","@id":"https:\/\/a-desk.org\/ca\/magazine\/com-volem-pensar-el-futur\/#breadcrumb","itemListElement":[{"@type":"ListItem","position":1,"name":"Portada","item":"https:\/\/a-desk.org\/ca\/"},{"@type":"ListItem","position":2,"name":"Com volem pensar el futur"}]},{"@type":"WebSite","@id":"https:\/\/a-desk.org\/#website","url":"https:\/\/a-desk.org\/","name":"A*Desk","description":"A*Desk Critical Thinking","potentialAction":[{"@type":"SearchAction","target":{"@type":"EntryPoint","urlTemplate":"https:\/\/a-desk.org\/?s={search_term_string}"},"query-input":"required name=search_term_string"}],"inLanguage":"ca"},{"@type":"Person","@id":"https:\/\/a-desk.org\/#\/schema\/person\/495c4cb29a162846e5ae6a602e5bd82f","name":"Paloma Checa","image":{"@type":"ImageObject","inLanguage":"ca","@id":"https:\/\/a-desk.org\/#\/schema\/person\/image\/d88e9cfe6d730083e6e6b892a1db3a7f","url":"https:\/\/secure.gravatar.com\/avatar\/6e42eefe39d86c8f56d6700b1e69ea4b?s=96&d=mm&r=g","contentUrl":"https:\/\/secure.gravatar.com\/avatar\/6e42eefe39d86c8f56d6700b1e69ea4b?s=96&d=mm&r=g","caption":"Paloma Checa"},"url":"https:\/\/a-desk.org\/ca\/autor\/paloma\/"}]}},"_links":{"self":[{"href":"https:\/\/a-desk.org\/ca\/wp-json\/wp\/v2\/posts\/8456"}],"collection":[{"href":"https:\/\/a-desk.org\/ca\/wp-json\/wp\/v2\/posts"}],"about":[{"href":"https:\/\/a-desk.org\/ca\/wp-json\/wp\/v2\/types\/post"}],"author":[{"embeddable":true,"href":"https:\/\/a-desk.org\/ca\/wp-json\/wp\/v2\/users\/1245"}],"replies":[{"embeddable":true,"href":"https:\/\/a-desk.org\/ca\/wp-json\/wp\/v2\/comments?post=8456"}],"version-history":[{"count":0,"href":"https:\/\/a-desk.org\/ca\/wp-json\/wp\/v2\/posts\/8456\/revisions"}],"wp:featuredmedia":[{"embeddable":true,"href":"https:\/\/a-desk.org\/ca\/wp-json\/wp\/v2\/media\/8426"}],"wp:attachment":[{"href":"https:\/\/a-desk.org\/ca\/wp-json\/wp\/v2\/media?parent=8456"}],"wp:term":[{"taxonomy":"category","embeddable":true,"href":"https:\/\/a-desk.org\/ca\/wp-json\/wp\/v2\/categories?post=8456"},{"taxonomy":"post_tag","embeddable":true,"href":"https:\/\/a-desk.org\/ca\/wp-json\/wp\/v2\/tags?post=8456"},{"taxonomy":"author","embeddable":true,"href":"https:\/\/a-desk.org\/ca\/wp-json\/wp\/v2\/coauthors?post=8456"}],"curies":[{"name":"wp","href":"https:\/\/api.w.org\/{rel}","templated":true}]}}