{"id":8619,"date":"2014-01-28T02:00:00","date_gmt":"2014-01-28T02:00:00","guid":{"rendered":"http:\/\/a-desk.org\/2014\/01\/28\/de-l-art-i-la-banca-a-andorra\/"},"modified":"2014-01-28T02:00:00","modified_gmt":"2014-01-28T02:00:00","slug":"de-l-art-i-la-banca-a-andorra","status":"publish","type":"post","link":"https:\/\/a-desk.org\/ca\/magazine\/de-l-art-i-la-banca-a-andorra\/","title":{"rendered":"De l&#8217;art i la banca (a Andorra)"},"content":{"rendered":"<p><img decoding=\"async\" class=\" alignleft size-full wp-image-8583\" src=\"http:\/\/a-desk.org\/wp-content\/uploads\/2014\/01\/mahala.jpg\" alt=\"mahala.jpg\" align=\"left\" width=\"670\" height=\"536\" srcset=\"https:\/\/a-desk.org\/wp-content\/uploads\/2014\/01\/mahala.jpg 670w, https:\/\/a-desk.org\/wp-content\/uploads\/2014\/01\/mahala-500x400.jpg 500w\" sizes=\"(max-width: 670px) 100vw, 670px\" \/><br \/>\nAndorra. Recordo que hi havia anat una vegada a comprar un radiocasset per al cotxe i tabac amb els meus pares. Les botigues d&#8217;electr\u00f2nica s&#8217;alineaven una darrere l&#8217;altra, intercalades entre alguna d&#8217;alimentaci\u00f3 i de perfumeria. Aix\u00f2 era abans que Espanya entr\u00e9s a la Uni\u00f3 Europea. L\u2019any 2010 Andorra deixa de ser considerat un parad\u00eds fiscal per Espanya, quan entra en vigor un acord signat entre els dos governs per permetre l&#8217;intercanvi d&#8217;informaci\u00f3 fiscal entre ambd\u00f3s. Tot i aix\u00f2, encara els bancs andorrans no donen informaci\u00f3 sobre els seus clients. Andorra va oblidant el seu passat rural i de contraban per apropar-se als paradisos fiscals de primera categoria. I a tal efecte, l&#8217;art ha actuat sempre com a estendard.<\/p>\n<p>Uns vint-i-cinc anys m\u00e9s tard torno en un microb\u00fas ple de periodistes, convidada a veure art contemporani entre les neus, en una iniciativa de la Banca Privada d&#8217; Andorra. Com que a Andorra no hi ha centres d&#8217;art contemporani -encara que es facin exposicions temporals i tinguin el seu propi pavell\u00f3 a la Biennal de Ven\u00e8cia-, abans de comen\u00e7ar la visita pr\u00f2piament &#8220;art\u00edstica&#8221; ens fan una breu visita tur\u00edstica per con\u00e8ixer la Casa de la Vall, una antiga casa de muntanya de 1580 convertida en el Parlament del pa\u00eds. A la sala de reunions, a m\u00e9s dels dos retrats dels caps d&#8217;estat, Fran\u00e7ois Hollande i el Bisbe de la Seu d&#8217;Urgell, ens ensenyen una capella dins de la mateixa sala i comencen a introduir-nos en el que tindr\u00e0 d&#8217;espiritual i abstracte aquesta curiosa visita.<\/p>\n<p>La visita &#8220;art\u00edstica&#8221; a la qual hem estat convidats \u00e9s el conjunt escult\u00f2ric \u201c7 poetes\u201d de Jaume Plensa, a la pla\u00e7a davant de l&#8217;edifici del Consell General d&#8217;Andorra. El constitueixen set figures humanes transl\u00facides, fetes de fibra de vidre, assegudes sobre unes plataformes d&#8217;acer inoxidable d&#8217;uns 12 metres. Les escultures s\u00f3n un enc\u00e0rrec de la Banca Privada d&#8217; Andorra i han estat cedides al Com\u00fa d&#8217;Andorra la Vella durant vint anys. Segons el propi Plensa, &#8220;les figures estan amb els ulls tancats per\u00f2 il\u00b7luminen la ciutat d&#8217;Andorra. Al\u00b7ludeixen a la meditaci\u00f3 i al somni com a realitat paral\u00b7lela&#8221;.<\/p>\n<p>Despr\u00e9s d&#8217;aquest moment espiritual a la intemp\u00e8rie i a baixa temperatura, ens porten a visitar les oficines de la Banca Privada d&#8217; Andorra. Unes oficines silencioses, amb precioses vistes a la muntanya i mobles de disseny. A les parets, la col\u00b7lecci\u00f3 inclou diversos T\u00e0pies, pintures de l&#8217;argent\u00ed Guillermo Kuitca, per\u00f2 sobretot Plenses. Diversos. Una gran instal\u00b7laci\u00f3 formada per una cabina de vidre dins d&#8217;una font davant de la recepci\u00f3 (Conversation I, 2000), i una escultura de m\u00e9s de dos metres feta de vidre (Home de vidre I, 2004) al passad\u00eds d&#8217;entrada. Tamb\u00e9 hi ha pintures i collages d&#8217;altres artistes catalans contemporanis. En una sala central hi treballen els brokers, amb les seves triples pantalles plenes de nombres que pugen i baixen en una simfonia d&#8217;algoritmes. Els colors van canviant, un darrere l&#8217;altre, sota un fons negre. Estem davant d&#8217;un altre tipus de realitat paral\u00b7lela que convida a la meditaci\u00f3, la de les finances.<\/p>\n<p>En l&#8217;obra de l&#8217;artista cub\u00e0 Adri\u00e1n Melis Light Off (2013), quatre cubs transparents van canviant de color segons els nivells de la borsa espanyola. Curiosament, les figures de fibra de vidre de Plensa em van recordar aquesta obra, ja que tamb\u00e9 van canviant de color i il\u00b7luminant la nit a l&#8217;espai p\u00fablic d&#8217;Andorra la Vella. En el fons, els cubs de Melis i els poetes que sobrevolen l&#8217;espai p\u00fablic tenen el mateix rerefons, el d&#8217;aquells nombres abstractes que controlen les nostres vides.<\/p>\n","protected":false},"excerpt":{"rendered":"<p>Andorra. Recordo que hi havia anat una vegada a comprar un radiocasset per al cotxe i tabac amb els meus pares. Les botigues d&#8217;electr\u00f2nica s&#8217;alineaven una darrere l&#8217;altra, intercalades entre&#8230;<\/p>\n","protected":false},"author":1285,"featured_media":8583,"comment_status":"open","ping_status":"open","sticky":false,"template":"","format":"standard","meta":{"_relevanssi_hide_post":"","_relevanssi_hide_content":"","_relevanssi_pin_for_all":"","_relevanssi_pin_keywords":"","_relevanssi_unpin_keywords":"","_relevanssi_related_keywords":"","_relevanssi_related_include_ids":"","_relevanssi_related_exclude_ids":"","_relevanssi_related_no_append":"","_relevanssi_related_not_related":"","_relevanssi_related_posts":"","_relevanssi_noindex_reason":"","footnotes":""},"categories":[6782],"tags":[],"coauthors":[],"acf":[],"yoast_head":"<!-- This site is optimized with the Yoast SEO plugin v22.6 - https:\/\/yoast.com\/wordpress\/plugins\/seo\/ -->\n<title>De l&#039;art i la banca (a Andorra) &#8211; A*Desk<\/title>\n<meta name=\"robots\" content=\"index, follow, max-snippet:-1, max-image-preview:large, max-video-preview:-1\" \/>\n<link rel=\"canonical\" href=\"https:\/\/a-desk.org\/ca\/magazine\/de-l-art-i-la-banca-a-andorra\/\" \/>\n<meta property=\"og:locale\" content=\"ca_ES\" \/>\n<meta property=\"og:type\" content=\"article\" \/>\n<meta property=\"og:title\" content=\"De l&#039;art i la banca (a Andorra) &#8211; A*Desk\" \/>\n<meta property=\"og:description\" content=\"Andorra. Recordo que hi havia anat una vegada a comprar un radiocasset per al cotxe i tabac amb els meus pares. Les botigues d&#8217;electr\u00f2nica s&#8217;alineaven una darrere l&#8217;altra, intercalades entre...\" \/>\n<meta property=\"og:url\" content=\"https:\/\/a-desk.org\/ca\/magazine\/de-l-art-i-la-banca-a-andorra\/\" \/>\n<meta property=\"og:site_name\" content=\"A*Desk\" \/>\n<meta property=\"article:published_time\" content=\"2014-01-28T02:00:00+00:00\" \/>\n<meta property=\"og:image\" content=\"https:\/\/a-desk.org\/wp-content\/uploads\/2014\/01\/mahala.jpg\" \/>\n\t<meta property=\"og:image:width\" content=\"670\" \/>\n\t<meta property=\"og:image:height\" content=\"536\" \/>\n\t<meta property=\"og:image:type\" content=\"image\/jpeg\" \/>\n<meta name=\"author\" content=\"Rosa LLe\u00f3\" \/>\n<meta name=\"twitter:card\" content=\"summary_large_image\" \/>\n<meta name=\"twitter:label1\" content=\"Escrit per\" \/>\n\t<meta name=\"twitter:data1\" content=\"Rosa LLe\u00f3\" \/>\n\t<meta name=\"twitter:label2\" content=\"Temps estimat de lectura\" \/>\n\t<meta name=\"twitter:data2\" content=\"3 minuts\" \/>\n\t<meta name=\"twitter:label3\" content=\"Written by\" \/>\n\t<meta name=\"twitter:data3\" content=\"Rosa LLe\u00f3\" \/>\n<script type=\"application\/ld+json\" class=\"yoast-schema-graph\">{\"@context\":\"https:\/\/schema.org\",\"@graph\":[{\"@type\":\"WebPage\",\"@id\":\"https:\/\/a-desk.org\/ca\/magazine\/de-l-art-i-la-banca-a-andorra\/\",\"url\":\"https:\/\/a-desk.org\/ca\/magazine\/de-l-art-i-la-banca-a-andorra\/\",\"name\":\"De l'art i la banca (a Andorra) &#8211; A*Desk\",\"isPartOf\":{\"@id\":\"https:\/\/a-desk.org\/#website\"},\"primaryImageOfPage\":{\"@id\":\"https:\/\/a-desk.org\/ca\/magazine\/de-l-art-i-la-banca-a-andorra\/#primaryimage\"},\"image\":{\"@id\":\"https:\/\/a-desk.org\/ca\/magazine\/de-l-art-i-la-banca-a-andorra\/#primaryimage\"},\"thumbnailUrl\":\"https:\/\/a-desk.org\/wp-content\/uploads\/2014\/01\/mahala.jpg\",\"datePublished\":\"2014-01-28T02:00:00+00:00\",\"dateModified\":\"2014-01-28T02:00:00+00:00\",\"author\":{\"@id\":\"https:\/\/a-desk.org\/#\/schema\/person\/ad783fea10b8c323f7285bf3fe318338\"},\"breadcrumb\":{\"@id\":\"https:\/\/a-desk.org\/ca\/magazine\/de-l-art-i-la-banca-a-andorra\/#breadcrumb\"},\"inLanguage\":\"ca\",\"potentialAction\":[{\"@type\":\"ReadAction\",\"target\":[\"https:\/\/a-desk.org\/ca\/magazine\/de-l-art-i-la-banca-a-andorra\/\"]}]},{\"@type\":\"ImageObject\",\"inLanguage\":\"ca\",\"@id\":\"https:\/\/a-desk.org\/ca\/magazine\/de-l-art-i-la-banca-a-andorra\/#primaryimage\",\"url\":\"https:\/\/a-desk.org\/wp-content\/uploads\/2014\/01\/mahala.jpg\",\"contentUrl\":\"https:\/\/a-desk.org\/wp-content\/uploads\/2014\/01\/mahala.jpg\",\"width\":670,\"height\":536,\"caption\":\"mahala.jpg\"},{\"@type\":\"BreadcrumbList\",\"@id\":\"https:\/\/a-desk.org\/ca\/magazine\/de-l-art-i-la-banca-a-andorra\/#breadcrumb\",\"itemListElement\":[{\"@type\":\"ListItem\",\"position\":1,\"name\":\"Portada\",\"item\":\"https:\/\/a-desk.org\/ca\/\"},{\"@type\":\"ListItem\",\"position\":2,\"name\":\"De l&#8217;art i la banca (a Andorra)\"}]},{\"@type\":\"WebSite\",\"@id\":\"https:\/\/a-desk.org\/#website\",\"url\":\"https:\/\/a-desk.org\/\",\"name\":\"A*Desk\",\"description\":\"A*Desk Critical Thinking\",\"potentialAction\":[{\"@type\":\"SearchAction\",\"target\":{\"@type\":\"EntryPoint\",\"urlTemplate\":\"https:\/\/a-desk.org\/?s={search_term_string}\"},\"query-input\":\"required name=search_term_string\"}],\"inLanguage\":\"ca\"},{\"@type\":\"Person\",\"@id\":\"https:\/\/a-desk.org\/#\/schema\/person\/ad783fea10b8c323f7285bf3fe318338\",\"name\":\"Rosa LLe\u00f3\",\"image\":{\"@type\":\"ImageObject\",\"inLanguage\":\"ca\",\"@id\":\"https:\/\/a-desk.org\/#\/schema\/person\/image\/4c895216505381ae0e29d98f4fc0df7d\",\"url\":\"https:\/\/secure.gravatar.com\/avatar\/26d7ddae12ba5cb1abb8474e5ae94288?s=96&d=mm&r=g\",\"contentUrl\":\"https:\/\/secure.gravatar.com\/avatar\/26d7ddae12ba5cb1abb8474e5ae94288?s=96&d=mm&r=g\",\"caption\":\"Rosa LLe\u00f3\"},\"url\":\"https:\/\/a-desk.org\/ca\/autor\/lleo\/\"}]}<\/script>\n<!-- \/ Yoast SEO plugin. -->","yoast_head_json":{"title":"De l'art i la banca (a Andorra) &#8211; A*Desk","robots":{"index":"index","follow":"follow","max-snippet":"max-snippet:-1","max-image-preview":"max-image-preview:large","max-video-preview":"max-video-preview:-1"},"canonical":"https:\/\/a-desk.org\/ca\/magazine\/de-l-art-i-la-banca-a-andorra\/","og_locale":"ca_ES","og_type":"article","og_title":"De l'art i la banca (a Andorra) &#8211; A*Desk","og_description":"Andorra. Recordo que hi havia anat una vegada a comprar un radiocasset per al cotxe i tabac amb els meus pares. Les botigues d&#8217;electr\u00f2nica s&#8217;alineaven una darrere l&#8217;altra, intercalades entre...","og_url":"https:\/\/a-desk.org\/ca\/magazine\/de-l-art-i-la-banca-a-andorra\/","og_site_name":"A*Desk","article_published_time":"2014-01-28T02:00:00+00:00","og_image":[{"width":670,"height":536,"url":"https:\/\/a-desk.org\/wp-content\/uploads\/2014\/01\/mahala.jpg","type":"image\/jpeg"}],"author":"Rosa LLe\u00f3","twitter_card":"summary_large_image","twitter_misc":{"Escrit per":"Rosa LLe\u00f3","Temps estimat de lectura":"3 minuts","Written by":"Rosa LLe\u00f3"},"schema":{"@context":"https:\/\/schema.org","@graph":[{"@type":"WebPage","@id":"https:\/\/a-desk.org\/ca\/magazine\/de-l-art-i-la-banca-a-andorra\/","url":"https:\/\/a-desk.org\/ca\/magazine\/de-l-art-i-la-banca-a-andorra\/","name":"De l'art i la banca (a Andorra) &#8211; A*Desk","isPartOf":{"@id":"https:\/\/a-desk.org\/#website"},"primaryImageOfPage":{"@id":"https:\/\/a-desk.org\/ca\/magazine\/de-l-art-i-la-banca-a-andorra\/#primaryimage"},"image":{"@id":"https:\/\/a-desk.org\/ca\/magazine\/de-l-art-i-la-banca-a-andorra\/#primaryimage"},"thumbnailUrl":"https:\/\/a-desk.org\/wp-content\/uploads\/2014\/01\/mahala.jpg","datePublished":"2014-01-28T02:00:00+00:00","dateModified":"2014-01-28T02:00:00+00:00","author":{"@id":"https:\/\/a-desk.org\/#\/schema\/person\/ad783fea10b8c323f7285bf3fe318338"},"breadcrumb":{"@id":"https:\/\/a-desk.org\/ca\/magazine\/de-l-art-i-la-banca-a-andorra\/#breadcrumb"},"inLanguage":"ca","potentialAction":[{"@type":"ReadAction","target":["https:\/\/a-desk.org\/ca\/magazine\/de-l-art-i-la-banca-a-andorra\/"]}]},{"@type":"ImageObject","inLanguage":"ca","@id":"https:\/\/a-desk.org\/ca\/magazine\/de-l-art-i-la-banca-a-andorra\/#primaryimage","url":"https:\/\/a-desk.org\/wp-content\/uploads\/2014\/01\/mahala.jpg","contentUrl":"https:\/\/a-desk.org\/wp-content\/uploads\/2014\/01\/mahala.jpg","width":670,"height":536,"caption":"mahala.jpg"},{"@type":"BreadcrumbList","@id":"https:\/\/a-desk.org\/ca\/magazine\/de-l-art-i-la-banca-a-andorra\/#breadcrumb","itemListElement":[{"@type":"ListItem","position":1,"name":"Portada","item":"https:\/\/a-desk.org\/ca\/"},{"@type":"ListItem","position":2,"name":"De l&#8217;art i la banca (a Andorra)"}]},{"@type":"WebSite","@id":"https:\/\/a-desk.org\/#website","url":"https:\/\/a-desk.org\/","name":"A*Desk","description":"A*Desk Critical Thinking","potentialAction":[{"@type":"SearchAction","target":{"@type":"EntryPoint","urlTemplate":"https:\/\/a-desk.org\/?s={search_term_string}"},"query-input":"required name=search_term_string"}],"inLanguage":"ca"},{"@type":"Person","@id":"https:\/\/a-desk.org\/#\/schema\/person\/ad783fea10b8c323f7285bf3fe318338","name":"Rosa LLe\u00f3","image":{"@type":"ImageObject","inLanguage":"ca","@id":"https:\/\/a-desk.org\/#\/schema\/person\/image\/4c895216505381ae0e29d98f4fc0df7d","url":"https:\/\/secure.gravatar.com\/avatar\/26d7ddae12ba5cb1abb8474e5ae94288?s=96&d=mm&r=g","contentUrl":"https:\/\/secure.gravatar.com\/avatar\/26d7ddae12ba5cb1abb8474e5ae94288?s=96&d=mm&r=g","caption":"Rosa LLe\u00f3"},"url":"https:\/\/a-desk.org\/ca\/autor\/lleo\/"}]}},"_links":{"self":[{"href":"https:\/\/a-desk.org\/ca\/wp-json\/wp\/v2\/posts\/8619"}],"collection":[{"href":"https:\/\/a-desk.org\/ca\/wp-json\/wp\/v2\/posts"}],"about":[{"href":"https:\/\/a-desk.org\/ca\/wp-json\/wp\/v2\/types\/post"}],"author":[{"embeddable":true,"href":"https:\/\/a-desk.org\/ca\/wp-json\/wp\/v2\/users\/1285"}],"replies":[{"embeddable":true,"href":"https:\/\/a-desk.org\/ca\/wp-json\/wp\/v2\/comments?post=8619"}],"version-history":[{"count":0,"href":"https:\/\/a-desk.org\/ca\/wp-json\/wp\/v2\/posts\/8619\/revisions"}],"wp:featuredmedia":[{"embeddable":true,"href":"https:\/\/a-desk.org\/ca\/wp-json\/wp\/v2\/media\/8583"}],"wp:attachment":[{"href":"https:\/\/a-desk.org\/ca\/wp-json\/wp\/v2\/media?parent=8619"}],"wp:term":[{"taxonomy":"category","embeddable":true,"href":"https:\/\/a-desk.org\/ca\/wp-json\/wp\/v2\/categories?post=8619"},{"taxonomy":"post_tag","embeddable":true,"href":"https:\/\/a-desk.org\/ca\/wp-json\/wp\/v2\/tags?post=8619"},{"taxonomy":"author","embeddable":true,"href":"https:\/\/a-desk.org\/ca\/wp-json\/wp\/v2\/coauthors?post=8619"}],"curies":[{"name":"wp","href":"https:\/\/api.w.org\/{rel}","templated":true}]}}