{"id":8634,"date":"2014-01-30T02:00:00","date_gmt":"2014-01-30T02:00:00","guid":{"rendered":"http:\/\/a-desk.org\/2014\/01\/30\/bolit-de-girona-processos\/"},"modified":"2014-01-30T02:00:00","modified_gmt":"2014-01-30T02:00:00","slug":"bolit-de-girona-processos","status":"publish","type":"post","link":"https:\/\/a-desk.org\/ca\/magazine\/bolit-de-girona-processos\/","title":{"rendered":"B\u00f2lit de Girona: processos art\u00edstics a les aules"},"content":{"rendered":"<p><img decoding=\"async\" class=\" alignleft size-full wp-image-8593\" src=\"http:\/\/a-desk.org\/wp-content\/uploads\/2014\/01\/imatge-girona_doc.jpg\" alt=\"imatge-girona_doc.jpg\" align=\"left\" width=\"670\" height=\"366\" srcset=\"https:\/\/a-desk.org\/wp-content\/uploads\/2014\/01\/imatge-girona_doc.jpg 670w, https:\/\/a-desk.org\/wp-content\/uploads\/2014\/01\/imatge-girona_doc-595x325.jpg 595w\" sizes=\"(max-width: 670px) 100vw, 670px\" \/><br \/>\nL&#8217;obra de molts artistes podria servir de recurs a les aules amb tanta validesa com els llibres o les pel\u00b7l\u00edcules. Tot i aix\u00ed, entre els recursos m\u00e9s habituals del professorat, tant d&#8217;educaci\u00f3 infantil com superior, dif\u00edcilment s&#8217;hi troben visites a exposicions o comentaris sobre algun projecte art\u00edstic a fi de facilitar la comprensi\u00f3 d&#8217;all\u00f2 que s&#8217;est\u00e0 ensenyant. Segurament la causa d&#8217;aquest fet sigui que els professors que van formar els docents actuals tampoc tenien cap costum similar i que, per tant, l&#8217;art com a recurs educatiu \u00e9s una idea que no forma part de la tradici\u00f3 pedag\u00f2gica que ha arribat a nosaltres. <\/p>\n<p>Com s&#8217;hauria de fer per a comunicar i donar a con\u00e8ixer el projecte art\u00edstic com una eina potencialment \u00fatil a les aules, sigui quina sigui la mat\u00e8ria que s&#8217;est\u00e0 tractant? Podem preguntar-nos tamb\u00e9: quin \u00e9s el lloc que ocupa el treball art\u00edstic en els processos educatius i de generaci\u00f3 i transmissi\u00f3 de coneixements? I una altra pregunta que ens podem fer, i que \u00e9s la que David Santaeul\u00e0ria, comissari de l&#8217;exposici\u00f3 \u201cRetrat de l&#8217;artista adolescent\u201d al B\u00f2lit de Girona, planteja, \u00e9s: en cas d&#8217;incorporar la figura de l&#8217;artista en el proc\u00e9s educatiu, s&#8217;est\u00e0 ajudant a crear el p\u00fablic del dem\u00e0 per a les exposicions d&#8217;art?<\/p>\n<p>Justament aquesta exposici\u00f3 explica de manera resumida l&#8217;experi\u00e8ncia de la primera edici\u00f3 de la beca B\u00f2lit Mentor, atorgada pel mateix centre d&#8217;art a quatre artistes que durant els \u00faltims mesos de 2013 han estat treballant amb alumnes de tres instituts: Joanot Cort\u00e8s i Marta Sureda amb el projecte &#8220;<a href=\"http:\/\/gironadoc.cat\">Girona.doc&#8221;<\/a> a l&#8217;IES Carles Rahola de Girona; Marla Jacarilla, amb \u201cTrending Topics, quaderns de bit\u00e0cola, megap\u00edxels i recursos narratius->http:\/\/www.marlajacarilla.es\/RECURSOS\/INDEX.html]\u201d, a l&#8217;IES La Bisbal d&#8217;Empord\u00e0; i Dani Medina, amb &#8220;<a href=\"http:\/\/tacetsilenci.com\">Tacet<\/a>&#8221; a l&#8217;IES Josep Brugulat de Banyoles. <\/p>\n<p>Cada artista ha introdu\u00eft tant conceptes i referents art\u00edstics com t\u00e8cniques de treball al grup d&#8217;alumnes, els quals han hagut de realitzar tota una s\u00e8rie d&#8217;exercicis que responen de manera pr\u00e0ctica a tot all\u00f2 comentat. Ara b\u00e9, aquestes pr\u00e0ctiques no han estat mancades d&#8217;una preocupaci\u00f3 per l&#8217;entorn social, nom\u00e9s cal veure la documentaci\u00f3 del proc\u00e9s de treball del projecte \u201cGirona.doc\u201d, que mostra com els alumnes no nom\u00e9s van aprendre a editar v\u00eddeo i qui van ser els germans Lumi\u00e8re, sin\u00f3 que tamb\u00e9 van voltar per comer\u00e7os i carrers amb la c\u00e0mera, demanant a algunes persones que expliquessin com els afecta la crisi; van visitar el bloc de Salt de la PAH i van entrevistar a la seva presidenta, Doris P\u00e9rez. El projecte \u201cTacet\u201d tamb\u00e9 ha posat en contacte els alumnes amb activistes de Girona, i a part d&#8217;aprendre a tractar el so d&#8217;una manera nova, els estudiants s&#8217;han trobat reflexionant sobre q\u00fcestions de g\u00e8nere, diversitat cultural i autonomia. <\/p>\n<p>Com escollir el material que representi les diferents experi\u00e8ncies a l&#8217;espai expositiu? \u00c9s una pregunta v\u00e0lida, sobretot quan sembla que el centre d&#8217;inter\u00e8s del projecte es troba en all\u00f2 que ha passat en posar en contacte l&#8217;artista amb els alumnes i, per tant, el m\u00e9s important potser \u00e9s all\u00f2 que s&#8217;ha apr\u00e8s en el cam\u00ed cap a un resultat, i no pas el resultat en s\u00ed.  La complexitat de la tasca de reunir els materials elaborats en aquestes experi\u00e8ncies, organitzar-los i seleccionar-ne alguns per a mostrar-los es posa de manifest a \u201cRetrat de l&#8217;artista adolescent\u201d. Cada projecte t\u00e9 el seu espai: el v\u00eddeo de \u201cGirona.doc\u201d, que recull alguns minuts dels v\u00eddeos realitzats pels alumnes; el v\u00eddeo que Jacarilla ha elaborat a partir de l&#8217;experi\u00e8ncia amb els alumnes; o les gravacions del passeig sonor de \u201cTacet\u201d.<\/p>\n<p>Tot i aix\u00f2, on s&#8217;ubica la import\u00e0ncia de la mostra \u00e9s a la zona de documentaci\u00f3, que compta amb entrevistes als artistes i la possibilitat de consultar els v\u00eddeos que els alumnes de \u201cGirona.doc\u201d van realitzar, aix\u00ed com als webs dedicats a explicar els passos de cada projecte. Estic conven\u00e7uda que, al cap i a la fi, l&#8217;espectador ideal d&#8217;una mostra com aquesta no \u00e9s altre que el sector de docents que, sense haver de ser experts en art, puguin descobrir en aquest camp tota una font de recursos del tot interessants dels que es poden apropiar.<\/p>\n","protected":false},"excerpt":{"rendered":"<p>L&#8217;obra de molts artistes podria servir de recurs a les aules amb tanta validesa com els llibres o les pel\u00b7l\u00edcules. Tot i aix\u00ed, entre els recursos m\u00e9s habituals del professorat,&#8230;<\/p>\n","protected":false},"author":1259,"featured_media":8593,"comment_status":"open","ping_status":"open","sticky":false,"template":"","format":"standard","meta":{"_relevanssi_hide_post":"","_relevanssi_hide_content":"","_relevanssi_pin_for_all":"","_relevanssi_pin_keywords":"","_relevanssi_unpin_keywords":"","_relevanssi_related_keywords":"","_relevanssi_related_include_ids":"","_relevanssi_related_exclude_ids":"","_relevanssi_related_no_append":"","_relevanssi_related_not_related":"","_relevanssi_related_posts":"","_relevanssi_noindex_reason":"","footnotes":""},"categories":[6782],"tags":[],"coauthors":[],"acf":[],"yoast_head":"<!-- This site is optimized with the Yoast SEO plugin v22.6 - https:\/\/yoast.com\/wordpress\/plugins\/seo\/ -->\n<title>B\u00f2lit de Girona: processos art\u00edstics a les aules &#8211; A*Desk<\/title>\n<meta name=\"robots\" content=\"index, follow, max-snippet:-1, max-image-preview:large, max-video-preview:-1\" \/>\n<link rel=\"canonical\" href=\"https:\/\/a-desk.org\/ca\/magazine\/bolit-de-girona-processos\/\" \/>\n<meta property=\"og:locale\" content=\"ca_ES\" \/>\n<meta property=\"og:type\" content=\"article\" \/>\n<meta property=\"og:title\" content=\"B\u00f2lit de Girona: processos art\u00edstics a les aules &#8211; A*Desk\" \/>\n<meta property=\"og:description\" content=\"L&#8217;obra de molts artistes podria servir de recurs a les aules amb tanta validesa com els llibres o les pel\u00b7l\u00edcules. Tot i aix\u00ed, entre els recursos m\u00e9s habituals del professorat,...\" \/>\n<meta property=\"og:url\" content=\"https:\/\/a-desk.org\/ca\/magazine\/bolit-de-girona-processos\/\" \/>\n<meta property=\"og:site_name\" content=\"A*Desk\" \/>\n<meta property=\"article:published_time\" content=\"2014-01-30T02:00:00+00:00\" \/>\n<meta property=\"og:image\" content=\"https:\/\/a-desk.org\/wp-content\/uploads\/2014\/01\/imatge-girona_doc.jpg\" \/>\n\t<meta property=\"og:image:width\" content=\"670\" \/>\n\t<meta property=\"og:image:height\" content=\"366\" \/>\n\t<meta property=\"og:image:type\" content=\"image\/jpeg\" \/>\n<meta name=\"author\" content=\"Anna Dot\" \/>\n<meta name=\"twitter:card\" content=\"summary_large_image\" \/>\n<meta name=\"twitter:label1\" content=\"Escrit per\" \/>\n\t<meta name=\"twitter:data1\" content=\"Anna Dot\" \/>\n\t<meta name=\"twitter:label2\" content=\"Temps estimat de lectura\" \/>\n\t<meta name=\"twitter:data2\" content=\"4 minuts\" \/>\n\t<meta name=\"twitter:label3\" content=\"Written by\" \/>\n\t<meta name=\"twitter:data3\" content=\"Anna Dot\" \/>\n<script type=\"application\/ld+json\" class=\"yoast-schema-graph\">{\"@context\":\"https:\/\/schema.org\",\"@graph\":[{\"@type\":\"WebPage\",\"@id\":\"https:\/\/a-desk.org\/ca\/magazine\/bolit-de-girona-processos\/\",\"url\":\"https:\/\/a-desk.org\/ca\/magazine\/bolit-de-girona-processos\/\",\"name\":\"B\u00f2lit de Girona: processos art\u00edstics a les aules &#8211; A*Desk\",\"isPartOf\":{\"@id\":\"https:\/\/a-desk.org\/#website\"},\"primaryImageOfPage\":{\"@id\":\"https:\/\/a-desk.org\/ca\/magazine\/bolit-de-girona-processos\/#primaryimage\"},\"image\":{\"@id\":\"https:\/\/a-desk.org\/ca\/magazine\/bolit-de-girona-processos\/#primaryimage\"},\"thumbnailUrl\":\"https:\/\/a-desk.org\/wp-content\/uploads\/2014\/01\/imatge-girona_doc.jpg\",\"datePublished\":\"2014-01-30T02:00:00+00:00\",\"dateModified\":\"2014-01-30T02:00:00+00:00\",\"author\":{\"@id\":\"https:\/\/a-desk.org\/#\/schema\/person\/f8b84f831b44cd7f8cb3e1d9b25aa629\"},\"breadcrumb\":{\"@id\":\"https:\/\/a-desk.org\/ca\/magazine\/bolit-de-girona-processos\/#breadcrumb\"},\"inLanguage\":\"ca\",\"potentialAction\":[{\"@type\":\"ReadAction\",\"target\":[\"https:\/\/a-desk.org\/ca\/magazine\/bolit-de-girona-processos\/\"]}]},{\"@type\":\"ImageObject\",\"inLanguage\":\"ca\",\"@id\":\"https:\/\/a-desk.org\/ca\/magazine\/bolit-de-girona-processos\/#primaryimage\",\"url\":\"https:\/\/a-desk.org\/wp-content\/uploads\/2014\/01\/imatge-girona_doc.jpg\",\"contentUrl\":\"https:\/\/a-desk.org\/wp-content\/uploads\/2014\/01\/imatge-girona_doc.jpg\",\"width\":670,\"height\":366,\"caption\":\"imatge-girona_doc.jpg\"},{\"@type\":\"BreadcrumbList\",\"@id\":\"https:\/\/a-desk.org\/ca\/magazine\/bolit-de-girona-processos\/#breadcrumb\",\"itemListElement\":[{\"@type\":\"ListItem\",\"position\":1,\"name\":\"Portada\",\"item\":\"https:\/\/a-desk.org\/ca\/\"},{\"@type\":\"ListItem\",\"position\":2,\"name\":\"B\u00f2lit de Girona: processos art\u00edstics a les aules\"}]},{\"@type\":\"WebSite\",\"@id\":\"https:\/\/a-desk.org\/#website\",\"url\":\"https:\/\/a-desk.org\/\",\"name\":\"A*Desk\",\"description\":\"A*Desk Critical Thinking\",\"potentialAction\":[{\"@type\":\"SearchAction\",\"target\":{\"@type\":\"EntryPoint\",\"urlTemplate\":\"https:\/\/a-desk.org\/?s={search_term_string}\"},\"query-input\":\"required name=search_term_string\"}],\"inLanguage\":\"ca\"},{\"@type\":\"Person\",\"@id\":\"https:\/\/a-desk.org\/#\/schema\/person\/f8b84f831b44cd7f8cb3e1d9b25aa629\",\"name\":\"Anna Dot\",\"image\":{\"@type\":\"ImageObject\",\"inLanguage\":\"ca\",\"@id\":\"https:\/\/a-desk.org\/#\/schema\/person\/image\/bf449a85ca5c64f9548761c803e37fab\",\"url\":\"https:\/\/secure.gravatar.com\/avatar\/522c0a95f04eb062baca6717572859ef?s=96&d=mm&r=g\",\"contentUrl\":\"https:\/\/secure.gravatar.com\/avatar\/522c0a95f04eb062baca6717572859ef?s=96&d=mm&r=g\",\"caption\":\"Anna Dot\"},\"url\":\"https:\/\/a-desk.org\/ca\/autor\/anadot\/\"}]}<\/script>\n<!-- \/ Yoast SEO plugin. -->","yoast_head_json":{"title":"B\u00f2lit de Girona: processos art\u00edstics a les aules &#8211; A*Desk","robots":{"index":"index","follow":"follow","max-snippet":"max-snippet:-1","max-image-preview":"max-image-preview:large","max-video-preview":"max-video-preview:-1"},"canonical":"https:\/\/a-desk.org\/ca\/magazine\/bolit-de-girona-processos\/","og_locale":"ca_ES","og_type":"article","og_title":"B\u00f2lit de Girona: processos art\u00edstics a les aules &#8211; A*Desk","og_description":"L&#8217;obra de molts artistes podria servir de recurs a les aules amb tanta validesa com els llibres o les pel\u00b7l\u00edcules. Tot i aix\u00ed, entre els recursos m\u00e9s habituals del professorat,...","og_url":"https:\/\/a-desk.org\/ca\/magazine\/bolit-de-girona-processos\/","og_site_name":"A*Desk","article_published_time":"2014-01-30T02:00:00+00:00","og_image":[{"width":670,"height":366,"url":"https:\/\/a-desk.org\/wp-content\/uploads\/2014\/01\/imatge-girona_doc.jpg","type":"image\/jpeg"}],"author":"Anna Dot","twitter_card":"summary_large_image","twitter_misc":{"Escrit per":"Anna Dot","Temps estimat de lectura":"4 minuts","Written by":"Anna Dot"},"schema":{"@context":"https:\/\/schema.org","@graph":[{"@type":"WebPage","@id":"https:\/\/a-desk.org\/ca\/magazine\/bolit-de-girona-processos\/","url":"https:\/\/a-desk.org\/ca\/magazine\/bolit-de-girona-processos\/","name":"B\u00f2lit de Girona: processos art\u00edstics a les aules &#8211; A*Desk","isPartOf":{"@id":"https:\/\/a-desk.org\/#website"},"primaryImageOfPage":{"@id":"https:\/\/a-desk.org\/ca\/magazine\/bolit-de-girona-processos\/#primaryimage"},"image":{"@id":"https:\/\/a-desk.org\/ca\/magazine\/bolit-de-girona-processos\/#primaryimage"},"thumbnailUrl":"https:\/\/a-desk.org\/wp-content\/uploads\/2014\/01\/imatge-girona_doc.jpg","datePublished":"2014-01-30T02:00:00+00:00","dateModified":"2014-01-30T02:00:00+00:00","author":{"@id":"https:\/\/a-desk.org\/#\/schema\/person\/f8b84f831b44cd7f8cb3e1d9b25aa629"},"breadcrumb":{"@id":"https:\/\/a-desk.org\/ca\/magazine\/bolit-de-girona-processos\/#breadcrumb"},"inLanguage":"ca","potentialAction":[{"@type":"ReadAction","target":["https:\/\/a-desk.org\/ca\/magazine\/bolit-de-girona-processos\/"]}]},{"@type":"ImageObject","inLanguage":"ca","@id":"https:\/\/a-desk.org\/ca\/magazine\/bolit-de-girona-processos\/#primaryimage","url":"https:\/\/a-desk.org\/wp-content\/uploads\/2014\/01\/imatge-girona_doc.jpg","contentUrl":"https:\/\/a-desk.org\/wp-content\/uploads\/2014\/01\/imatge-girona_doc.jpg","width":670,"height":366,"caption":"imatge-girona_doc.jpg"},{"@type":"BreadcrumbList","@id":"https:\/\/a-desk.org\/ca\/magazine\/bolit-de-girona-processos\/#breadcrumb","itemListElement":[{"@type":"ListItem","position":1,"name":"Portada","item":"https:\/\/a-desk.org\/ca\/"},{"@type":"ListItem","position":2,"name":"B\u00f2lit de Girona: processos art\u00edstics a les aules"}]},{"@type":"WebSite","@id":"https:\/\/a-desk.org\/#website","url":"https:\/\/a-desk.org\/","name":"A*Desk","description":"A*Desk Critical Thinking","potentialAction":[{"@type":"SearchAction","target":{"@type":"EntryPoint","urlTemplate":"https:\/\/a-desk.org\/?s={search_term_string}"},"query-input":"required name=search_term_string"}],"inLanguage":"ca"},{"@type":"Person","@id":"https:\/\/a-desk.org\/#\/schema\/person\/f8b84f831b44cd7f8cb3e1d9b25aa629","name":"Anna Dot","image":{"@type":"ImageObject","inLanguage":"ca","@id":"https:\/\/a-desk.org\/#\/schema\/person\/image\/bf449a85ca5c64f9548761c803e37fab","url":"https:\/\/secure.gravatar.com\/avatar\/522c0a95f04eb062baca6717572859ef?s=96&d=mm&r=g","contentUrl":"https:\/\/secure.gravatar.com\/avatar\/522c0a95f04eb062baca6717572859ef?s=96&d=mm&r=g","caption":"Anna Dot"},"url":"https:\/\/a-desk.org\/ca\/autor\/anadot\/"}]}},"_links":{"self":[{"href":"https:\/\/a-desk.org\/ca\/wp-json\/wp\/v2\/posts\/8634"}],"collection":[{"href":"https:\/\/a-desk.org\/ca\/wp-json\/wp\/v2\/posts"}],"about":[{"href":"https:\/\/a-desk.org\/ca\/wp-json\/wp\/v2\/types\/post"}],"author":[{"embeddable":true,"href":"https:\/\/a-desk.org\/ca\/wp-json\/wp\/v2\/users\/1259"}],"replies":[{"embeddable":true,"href":"https:\/\/a-desk.org\/ca\/wp-json\/wp\/v2\/comments?post=8634"}],"version-history":[{"count":0,"href":"https:\/\/a-desk.org\/ca\/wp-json\/wp\/v2\/posts\/8634\/revisions"}],"wp:featuredmedia":[{"embeddable":true,"href":"https:\/\/a-desk.org\/ca\/wp-json\/wp\/v2\/media\/8593"}],"wp:attachment":[{"href":"https:\/\/a-desk.org\/ca\/wp-json\/wp\/v2\/media?parent=8634"}],"wp:term":[{"taxonomy":"category","embeddable":true,"href":"https:\/\/a-desk.org\/ca\/wp-json\/wp\/v2\/categories?post=8634"},{"taxonomy":"post_tag","embeddable":true,"href":"https:\/\/a-desk.org\/ca\/wp-json\/wp\/v2\/tags?post=8634"},{"taxonomy":"author","embeddable":true,"href":"https:\/\/a-desk.org\/ca\/wp-json\/wp\/v2\/coauthors?post=8634"}],"curies":[{"name":"wp","href":"https:\/\/api.w.org\/{rel}","templated":true}]}}