{"id":8719,"date":"2014-03-02T02:00:00","date_gmt":"2014-03-02T02:00:00","guid":{"rendered":"http:\/\/a-desk.org\/2014\/03\/02\/el-cinema-del-nihilisme-sense\/"},"modified":"2014-03-02T02:00:00","modified_gmt":"2014-03-02T02:00:00","slug":"el-cinema-del-nihilisme-sense","status":"publish","type":"post","link":"https:\/\/a-desk.org\/ca\/magazine\/el-cinema-del-nihilisme-sense\/","title":{"rendered":"El cinema del nihilisme sense trag\u00e8dia"},"content":{"rendered":"<p><img decoding=\"async\" class=\" alignleft size-full wp-image-8675\" src=\"http:\/\/a-desk.org\/wp-content\/uploads\/2014\/03\/La_grande_bellezza.jpg\" alt=\"La grande bellezza\" align=\"left\" width=\"670\" height=\"446\" srcset=\"https:\/\/a-desk.org\/wp-content\/uploads\/2014\/03\/La_grande_bellezza.jpg 670w, https:\/\/a-desk.org\/wp-content\/uploads\/2014\/03\/La_grande_bellezza-595x396.jpg 595w\" sizes=\"(max-width: 670px) 100vw, 670px\" \/><\/p>\n<p>A l&#8217;hivern quan s&#8217;acosta la celeb\u00e8rrima cerim\u00f2nia dels Oscars i altres premis cinematogr\u00e0fics, n\u2019hi ha prou de fer una ullada a la cartellera per adonar-nos de com es fan visibles de forma clara, o per contra, s&#8217;amaguen amb totes les forces, les problem\u00e0tiques de la contemporane\u00eftat. \u00c9s a dir, que es podria prendre la cartellera com una reflexi\u00f3 sobre el zeitgeist: qu\u00e8 es mostra i qu\u00e8 s&#8217;amaga de les nostres preocupacions.<\/p>\n<p>Fem una ullada a les pel\u00b7l\u00edcules que han guanyat els \u00faltims premis: a Cannes va ser <em>La vida d&#8217;Ad\u00e8le<\/em>, que representa la problematitzaci\u00f3 a dia d&#8217; avui d&#8217;una relaci\u00f3 i de la sexualitat, sent en aquest camp pol\u00e8mica, d&#8217;una parella del mateix sexe. En els premis Goya, envoltats de menys glamour, la pel\u00b7l\u00edcula m\u00e9s premiada ha estat <em>Vivir es m\u00e1s f\u00e0cil con los ojos cerrados<\/em>, una mena de viatge anti\u00e8pic que intenta ser absurd i tendre per igual, per parlar de la figura del perdedor a l&#8217;Espanya franquista.<\/p>\n<p>Als premis Oscars, que se celebren aquesta nit, est\u00e0 nominada com a Millor pel\u00b7l\u00edcula de parla no anglesa la italiana <em>La gran bellesa<\/em>, que tamb\u00e9 va competir com a Millor pel\u00b7l\u00edcula europea als Goya costat de la guanyadora de Cannes, <em>La ca\u00e7a<\/em> i <em>Amour<\/em>, resultant guanyadora aquesta \u00faltima.<\/p>\n<p>M\u00e9s enll\u00e0 queda l&#8217;aparent just\u00edcia i els interessos dels implicats en el lliurament d&#8217;aquests premis, a m\u00e9s de ser una justificaci\u00f3 per a la passarel\u00b7la del gremi i d&#8217;omplir les sales cada vegada m\u00e9s buides. Si com apuntava al principi, la cartellera reflecteix un clima cultural dominant, \u00e9s en aquest n\u00favol de pel\u00b7l\u00edcules europees on crec distingir un pensament com\u00fa en totes elles: el nihilisme sense trag\u00e8dia.<\/p>\n<p>En elles se&#8217;ns mostra que la realitat no \u00e9s com un voldria, no \u00e9s la somiada degut a moltes causes possibles com la vellesa, les inseguretats, la por injustificada de la societat o simplement el tedi. Si en la pel\u00b7l\u00edcula espanyola, no la millor de Trueba, es parla d&#8217;una joventut atrapada en un pa\u00eds com ho est\u00e0 la d&#8217;ara, no es distingeix molt de la confusi\u00f3 permanent en qu\u00e8 viu Ad\u00e8le, o en els prejudicis que destrossen la vida d&#8217;un pare a <em>La ca\u00e7a<\/em>. En la de Haneke es toquen diversos temes delicats sobre l&#8217;amor i la seva relaci\u00f3 amb la mort i la fam\u00edlia mentre que a la pel\u00b7l\u00edcula de Sorrentino s&#8217;explora m\u00e9s el cinisme i el desencant d&#8217;un escriptor que no pot escriure, per\u00f2 que al mateix temps es sent fascinat pel frac\u00e0s.<\/p>\n<p>Totes s&#8217;inscriuen perfectament sota el retrat d&#8217;un subjecte postmodern per\u00f2 semblen anunciar alguna cosa. Fa uns anys, el pessimisme s&#8217;estenia causa de la crisi financera i existencial, la cat\u00e0strofe regnava als cinemes, el cinema apocal\u00edptic es va fer amb les sales de la mateixa manera que ho va fer el cinema de monstres durant la guerra freda. Els temors humans exposats a la pantalla. No obstant aix\u00f2, des de fa poc impera un nou cinema que sembla buscar una soluci\u00f3 al ja mort estat de benestar i a l&#8217;alternativa que s&#8217;imposava davant de la reformulaci\u00f3 d&#8217;un capitalisme agonitzant. Aquesta sembla ser una recerca entre la subjectivitat i la vida en comunitat.<\/p>\n<p>S\u00f3n pel\u00b7l\u00edcules tristes i nost\u00e0lgiques, i fins i tot dures, en cap cas alegres. No obstant aix\u00f2, guarden en els seus desenlla\u00e7os una llavor d&#8217;esperan\u00e7a, encara que no es resolen d&#8217;una forma m\u00e9s o menys simple o acaben amb un final feli\u00e7; sense cap mena de cinisme apunten que davant d&#8217;un futur incert el cam\u00ed est\u00e0 per \u00e9sser recorregut, i l&#8217;error forma part d&#8217;ell. Citant a Gilles Lipovetsky a <em>L&#8217;era del buit<\/em> &#8220;D\u00e9u ha mort, les grans finalitats s&#8217;apaguen, per\u00f2 a ning\u00fa li importa un rave: aquesta \u00e9s l&#8217;alegre novetat.&#8221;<\/p>\n","protected":false},"excerpt":{"rendered":"<p>A l&#8217;hivern quan s&#8217;acosta la celeb\u00e8rrima cerim\u00f2nia dels Oscars i altres premis cinematogr\u00e0fics, n\u2019hi ha prou de fer una ullada a la cartellera per adonar-nos de com es fan visibles&#8230;<\/p>\n","protected":false},"author":1315,"featured_media":8675,"comment_status":"open","ping_status":"open","sticky":false,"template":"","format":"standard","meta":{"_relevanssi_hide_post":"","_relevanssi_hide_content":"","_relevanssi_pin_for_all":"","_relevanssi_pin_keywords":"","_relevanssi_unpin_keywords":"","_relevanssi_related_keywords":"","_relevanssi_related_include_ids":"","_relevanssi_related_exclude_ids":"","_relevanssi_related_no_append":"","_relevanssi_related_not_related":"","_relevanssi_related_posts":"","_relevanssi_noindex_reason":"","footnotes":""},"categories":[6782],"tags":[],"coauthors":[],"acf":[],"yoast_head":"<!-- This site is optimized with the Yoast SEO plugin v22.6 - https:\/\/yoast.com\/wordpress\/plugins\/seo\/ -->\n<title>El cinema del nihilisme sense trag\u00e8dia &#8211; A*Desk<\/title>\n<meta name=\"robots\" content=\"index, follow, max-snippet:-1, max-image-preview:large, max-video-preview:-1\" \/>\n<link rel=\"canonical\" href=\"https:\/\/a-desk.org\/ca\/magazine\/el-cinema-del-nihilisme-sense\/\" \/>\n<meta property=\"og:locale\" content=\"ca_ES\" \/>\n<meta property=\"og:type\" content=\"article\" \/>\n<meta property=\"og:title\" content=\"El cinema del nihilisme sense trag\u00e8dia &#8211; A*Desk\" \/>\n<meta property=\"og:description\" content=\"A l&#8217;hivern quan s&#8217;acosta la celeb\u00e8rrima cerim\u00f2nia dels Oscars i altres premis cinematogr\u00e0fics, n\u2019hi ha prou de fer una ullada a la cartellera per adonar-nos de com es fan visibles...\" \/>\n<meta property=\"og:url\" content=\"https:\/\/a-desk.org\/ca\/magazine\/el-cinema-del-nihilisme-sense\/\" \/>\n<meta property=\"og:site_name\" content=\"A*Desk\" \/>\n<meta property=\"article:published_time\" content=\"2014-03-02T02:00:00+00:00\" \/>\n<meta property=\"og:image\" content=\"https:\/\/a-desk.org\/wp-content\/uploads\/2014\/03\/La_grande_bellezza.jpg\" \/>\n\t<meta property=\"og:image:width\" content=\"670\" \/>\n\t<meta property=\"og:image:height\" content=\"446\" \/>\n\t<meta property=\"og:image:type\" content=\"image\/jpeg\" \/>\n<meta name=\"author\" content=\"B\u00e1rbara S\u00e1nchez Barroso\" \/>\n<meta name=\"twitter:card\" content=\"summary_large_image\" \/>\n<meta name=\"twitter:label1\" content=\"Escrit per\" \/>\n\t<meta name=\"twitter:data1\" content=\"B\u00e1rbara S\u00e1nchez Barroso\" \/>\n\t<meta name=\"twitter:label2\" content=\"Temps estimat de lectura\" \/>\n\t<meta name=\"twitter:data2\" content=\"3 minuts\" \/>\n\t<meta name=\"twitter:label3\" content=\"Written by\" \/>\n\t<meta name=\"twitter:data3\" content=\"B\u00e1rbara S\u00e1nchez Barroso\" \/>\n<script type=\"application\/ld+json\" class=\"yoast-schema-graph\">{\"@context\":\"https:\/\/schema.org\",\"@graph\":[{\"@type\":\"WebPage\",\"@id\":\"https:\/\/a-desk.org\/ca\/magazine\/el-cinema-del-nihilisme-sense\/\",\"url\":\"https:\/\/a-desk.org\/ca\/magazine\/el-cinema-del-nihilisme-sense\/\",\"name\":\"El cinema del nihilisme sense trag\u00e8dia &#8211; A*Desk\",\"isPartOf\":{\"@id\":\"https:\/\/a-desk.org\/#website\"},\"primaryImageOfPage\":{\"@id\":\"https:\/\/a-desk.org\/ca\/magazine\/el-cinema-del-nihilisme-sense\/#primaryimage\"},\"image\":{\"@id\":\"https:\/\/a-desk.org\/ca\/magazine\/el-cinema-del-nihilisme-sense\/#primaryimage\"},\"thumbnailUrl\":\"https:\/\/a-desk.org\/wp-content\/uploads\/2014\/03\/La_grande_bellezza.jpg\",\"datePublished\":\"2014-03-02T02:00:00+00:00\",\"dateModified\":\"2014-03-02T02:00:00+00:00\",\"author\":{\"@id\":\"https:\/\/a-desk.org\/#\/schema\/person\/fb162b6e33cb1c0c1ee236b358a4cad3\"},\"breadcrumb\":{\"@id\":\"https:\/\/a-desk.org\/ca\/magazine\/el-cinema-del-nihilisme-sense\/#breadcrumb\"},\"inLanguage\":\"ca\",\"potentialAction\":[{\"@type\":\"ReadAction\",\"target\":[\"https:\/\/a-desk.org\/ca\/magazine\/el-cinema-del-nihilisme-sense\/\"]}]},{\"@type\":\"ImageObject\",\"inLanguage\":\"ca\",\"@id\":\"https:\/\/a-desk.org\/ca\/magazine\/el-cinema-del-nihilisme-sense\/#primaryimage\",\"url\":\"https:\/\/a-desk.org\/wp-content\/uploads\/2014\/03\/La_grande_bellezza.jpg\",\"contentUrl\":\"https:\/\/a-desk.org\/wp-content\/uploads\/2014\/03\/La_grande_bellezza.jpg\",\"width\":670,\"height\":446,\"caption\":\"La grande bellezza\"},{\"@type\":\"BreadcrumbList\",\"@id\":\"https:\/\/a-desk.org\/ca\/magazine\/el-cinema-del-nihilisme-sense\/#breadcrumb\",\"itemListElement\":[{\"@type\":\"ListItem\",\"position\":1,\"name\":\"Portada\",\"item\":\"https:\/\/a-desk.org\/ca\/\"},{\"@type\":\"ListItem\",\"position\":2,\"name\":\"El cinema del nihilisme sense trag\u00e8dia\"}]},{\"@type\":\"WebSite\",\"@id\":\"https:\/\/a-desk.org\/#website\",\"url\":\"https:\/\/a-desk.org\/\",\"name\":\"A*Desk\",\"description\":\"A*Desk Critical Thinking\",\"potentialAction\":[{\"@type\":\"SearchAction\",\"target\":{\"@type\":\"EntryPoint\",\"urlTemplate\":\"https:\/\/a-desk.org\/?s={search_term_string}\"},\"query-input\":\"required name=search_term_string\"}],\"inLanguage\":\"ca\"},{\"@type\":\"Person\",\"@id\":\"https:\/\/a-desk.org\/#\/schema\/person\/fb162b6e33cb1c0c1ee236b358a4cad3\",\"name\":\"B\u00e1rbara S\u00e1nchez Barroso\",\"image\":{\"@type\":\"ImageObject\",\"inLanguage\":\"ca\",\"@id\":\"https:\/\/a-desk.org\/#\/schema\/person\/image\/a685a2a419ec6e731b5acc707c730cc3\",\"url\":\"https:\/\/secure.gravatar.com\/avatar\/51c6dc34233db52008458c39980dad5d?s=96&d=mm&r=g\",\"contentUrl\":\"https:\/\/secure.gravatar.com\/avatar\/51c6dc34233db52008458c39980dad5d?s=96&d=mm&r=g\",\"caption\":\"B\u00e1rbara S\u00e1nchez Barroso\"},\"url\":\"https:\/\/a-desk.org\/ca\/autor\/sanchez\/\"}]}<\/script>\n<!-- \/ Yoast SEO plugin. -->","yoast_head_json":{"title":"El cinema del nihilisme sense trag\u00e8dia &#8211; A*Desk","robots":{"index":"index","follow":"follow","max-snippet":"max-snippet:-1","max-image-preview":"max-image-preview:large","max-video-preview":"max-video-preview:-1"},"canonical":"https:\/\/a-desk.org\/ca\/magazine\/el-cinema-del-nihilisme-sense\/","og_locale":"ca_ES","og_type":"article","og_title":"El cinema del nihilisme sense trag\u00e8dia &#8211; A*Desk","og_description":"A l&#8217;hivern quan s&#8217;acosta la celeb\u00e8rrima cerim\u00f2nia dels Oscars i altres premis cinematogr\u00e0fics, n\u2019hi ha prou de fer una ullada a la cartellera per adonar-nos de com es fan visibles...","og_url":"https:\/\/a-desk.org\/ca\/magazine\/el-cinema-del-nihilisme-sense\/","og_site_name":"A*Desk","article_published_time":"2014-03-02T02:00:00+00:00","og_image":[{"width":670,"height":446,"url":"https:\/\/a-desk.org\/wp-content\/uploads\/2014\/03\/La_grande_bellezza.jpg","type":"image\/jpeg"}],"author":"B\u00e1rbara S\u00e1nchez Barroso","twitter_card":"summary_large_image","twitter_misc":{"Escrit per":"B\u00e1rbara S\u00e1nchez Barroso","Temps estimat de lectura":"3 minuts","Written by":"B\u00e1rbara S\u00e1nchez Barroso"},"schema":{"@context":"https:\/\/schema.org","@graph":[{"@type":"WebPage","@id":"https:\/\/a-desk.org\/ca\/magazine\/el-cinema-del-nihilisme-sense\/","url":"https:\/\/a-desk.org\/ca\/magazine\/el-cinema-del-nihilisme-sense\/","name":"El cinema del nihilisme sense trag\u00e8dia &#8211; A*Desk","isPartOf":{"@id":"https:\/\/a-desk.org\/#website"},"primaryImageOfPage":{"@id":"https:\/\/a-desk.org\/ca\/magazine\/el-cinema-del-nihilisme-sense\/#primaryimage"},"image":{"@id":"https:\/\/a-desk.org\/ca\/magazine\/el-cinema-del-nihilisme-sense\/#primaryimage"},"thumbnailUrl":"https:\/\/a-desk.org\/wp-content\/uploads\/2014\/03\/La_grande_bellezza.jpg","datePublished":"2014-03-02T02:00:00+00:00","dateModified":"2014-03-02T02:00:00+00:00","author":{"@id":"https:\/\/a-desk.org\/#\/schema\/person\/fb162b6e33cb1c0c1ee236b358a4cad3"},"breadcrumb":{"@id":"https:\/\/a-desk.org\/ca\/magazine\/el-cinema-del-nihilisme-sense\/#breadcrumb"},"inLanguage":"ca","potentialAction":[{"@type":"ReadAction","target":["https:\/\/a-desk.org\/ca\/magazine\/el-cinema-del-nihilisme-sense\/"]}]},{"@type":"ImageObject","inLanguage":"ca","@id":"https:\/\/a-desk.org\/ca\/magazine\/el-cinema-del-nihilisme-sense\/#primaryimage","url":"https:\/\/a-desk.org\/wp-content\/uploads\/2014\/03\/La_grande_bellezza.jpg","contentUrl":"https:\/\/a-desk.org\/wp-content\/uploads\/2014\/03\/La_grande_bellezza.jpg","width":670,"height":446,"caption":"La grande bellezza"},{"@type":"BreadcrumbList","@id":"https:\/\/a-desk.org\/ca\/magazine\/el-cinema-del-nihilisme-sense\/#breadcrumb","itemListElement":[{"@type":"ListItem","position":1,"name":"Portada","item":"https:\/\/a-desk.org\/ca\/"},{"@type":"ListItem","position":2,"name":"El cinema del nihilisme sense trag\u00e8dia"}]},{"@type":"WebSite","@id":"https:\/\/a-desk.org\/#website","url":"https:\/\/a-desk.org\/","name":"A*Desk","description":"A*Desk Critical Thinking","potentialAction":[{"@type":"SearchAction","target":{"@type":"EntryPoint","urlTemplate":"https:\/\/a-desk.org\/?s={search_term_string}"},"query-input":"required name=search_term_string"}],"inLanguage":"ca"},{"@type":"Person","@id":"https:\/\/a-desk.org\/#\/schema\/person\/fb162b6e33cb1c0c1ee236b358a4cad3","name":"B\u00e1rbara S\u00e1nchez Barroso","image":{"@type":"ImageObject","inLanguage":"ca","@id":"https:\/\/a-desk.org\/#\/schema\/person\/image\/a685a2a419ec6e731b5acc707c730cc3","url":"https:\/\/secure.gravatar.com\/avatar\/51c6dc34233db52008458c39980dad5d?s=96&d=mm&r=g","contentUrl":"https:\/\/secure.gravatar.com\/avatar\/51c6dc34233db52008458c39980dad5d?s=96&d=mm&r=g","caption":"B\u00e1rbara S\u00e1nchez Barroso"},"url":"https:\/\/a-desk.org\/ca\/autor\/sanchez\/"}]}},"_links":{"self":[{"href":"https:\/\/a-desk.org\/ca\/wp-json\/wp\/v2\/posts\/8719"}],"collection":[{"href":"https:\/\/a-desk.org\/ca\/wp-json\/wp\/v2\/posts"}],"about":[{"href":"https:\/\/a-desk.org\/ca\/wp-json\/wp\/v2\/types\/post"}],"author":[{"embeddable":true,"href":"https:\/\/a-desk.org\/ca\/wp-json\/wp\/v2\/users\/1315"}],"replies":[{"embeddable":true,"href":"https:\/\/a-desk.org\/ca\/wp-json\/wp\/v2\/comments?post=8719"}],"version-history":[{"count":0,"href":"https:\/\/a-desk.org\/ca\/wp-json\/wp\/v2\/posts\/8719\/revisions"}],"wp:featuredmedia":[{"embeddable":true,"href":"https:\/\/a-desk.org\/ca\/wp-json\/wp\/v2\/media\/8675"}],"wp:attachment":[{"href":"https:\/\/a-desk.org\/ca\/wp-json\/wp\/v2\/media?parent=8719"}],"wp:term":[{"taxonomy":"category","embeddable":true,"href":"https:\/\/a-desk.org\/ca\/wp-json\/wp\/v2\/categories?post=8719"},{"taxonomy":"post_tag","embeddable":true,"href":"https:\/\/a-desk.org\/ca\/wp-json\/wp\/v2\/tags?post=8719"},{"taxonomy":"author","embeddable":true,"href":"https:\/\/a-desk.org\/ca\/wp-json\/wp\/v2\/coauthors?post=8719"}],"curies":[{"name":"wp","href":"https:\/\/api.w.org\/{rel}","templated":true}]}}