{"id":8786,"date":"2014-03-18T02:00:00","date_gmt":"2014-03-18T02:00:00","guid":{"rendered":"http:\/\/a-desk.org\/2014\/03\/18\/boicot-al-boicot-o-los-capritxos\/"},"modified":"2014-03-18T02:00:00","modified_gmt":"2014-03-18T02:00:00","slug":"boicot-al-boicot-o-los-capritxos","status":"publish","type":"post","link":"https:\/\/a-desk.org\/ca\/magazine\/boicot-al-boicot-o-los-capritxos\/","title":{"rendered":"Boicot al boicot, o los capritxos de la intel\u00b7lig\u00e8ncia"},"content":{"rendered":"<p><img decoding=\"async\" class=\" alignleft size-full wp-image-8721\" src=\"http:\/\/a-desk.org\/wp-content\/uploads\/2014\/03\/Spb_06-2012_Palace_Embankment_various_14.jpg\" alt=\"Spb_06-2012_Palace_Embankment_various_14.jpg\" align=\"left\" width=\"670\" height=\"342\" srcset=\"https:\/\/a-desk.org\/wp-content\/uploads\/2014\/03\/Spb_06-2012_Palace_Embankment_various_14.jpg 670w, https:\/\/a-desk.org\/wp-content\/uploads\/2014\/03\/Spb_06-2012_Palace_Embankment_various_14-595x304.jpg 595w\" sizes=\"(max-width: 670px) 100vw, 670px\" \/><br \/>\nManifesta va decidir innovar: per primera vegada l&#8217;entitat amfitriona de la biennal europea no ser\u00e0 una ciutat, sin\u00f3 un museu, i un dels m\u00e9s venturosos del m\u00f3n: l\u2019Ermitage. I per primera vegada aquesta entitat es troba fora d&#8217;Europa, i m\u00e9s exactament a R\u00fassia, un pa\u00eds en qu\u00e8 els ciutadans dels pa\u00efsos Schengen han de presentar visat en entrar. Alguns motius per la decisi\u00f3 es perfilen amb claredat: Sant Petersburg \u00e9s una ciutat en el tra\u00e7at i palaus de la qual est\u00e0 xifrada la pres\u00e8ncia de la cultura europea en el seu ve\u00efnat m\u00e9s proper. I la hist\u00f2ria de l&#8217;Ermitage, en si mateixa, \u00e9s un diari \u00edntim de la relaci\u00f3 entre R\u00fassia i Europa. M\u00e9s que buscar un punt cec a l&#8217;interior de la geografia europea, com en ocasions anteriors, la biennal busca posar un peu fora de la seva jurisdicci\u00f3 natural: en un pa\u00eds, una ciutat i un museu que hist\u00f2ricament s\u2019auto-afirmaren en una relaci\u00f3 molt conflictiva i libidinal amb Europa.<\/p>\n<p>L&#8217;\u00faltima edici\u00f3 de Manifesta va ser una c\u00f2moda exploraci\u00f3 del llegat miner de Limburg que va servir per fer reajustaments pressupostaris, per\u00f2 que resulta poc conflictiva fins i tot en la seva enunciaci\u00f3 (per m\u00e9s accents \u00e8pics que volgu\u00e9s donar-li el seu curador, Cuauht\u00e9moc Medina). Amb la seva excursi\u00f3 a la ciutat de les nits blanques, la movedissa biennal europea torna als seus nivells hist\u00f2rics de controv\u00e8rsia. Ni tan sols calia que el Kremlin mogu\u00e9s una parpella i alguns vehicles blindats en la direcci\u00f3 del problema ucra\u00efn\u00e8s perqu\u00e8 Manifesta don\u00e9s que parlar.<\/p>\n<p>Ja era per preocupar una campanya en l\u00ednia que va circular l&#8217;any passat, demanant un boicot a la biennal en resist\u00e8ncia a les mesures del govern rus contra l&#8217;anomenada &#8220;propaganda homosexual&#8221;. L&#8217;argument no necessita ulteriors par\u00f2dies. (Cancel\u00b7lar alguna de les edicions recents de la triennal del New Museum per Abu Grahib, potser?) I no obstant aix\u00f2 la resposta de Manifesta Foundation, en aquest moment, va ser interessant: amb tants ponts trencats entre R\u00fassia i occident, el que menys necessiten els activistes de la comunitat homosexual que treballen en el terreny \u00e9s major a\u00efllament. La mera exist\u00e8ncia d&#8217;una biennal europea a Sant Petersburg pot posar llum i recursos sobre problemes que a la data veiem imperfectament, a trav\u00e9s de les ulleres de les ag\u00e8ncies de not\u00edcies.<\/p>\n<p>Fa uns dies es va distribuir una nova not\u00edcia per ratificar de moment (&#8220;as of today&#8221;) la continu\u00eftat de la biennal. Enmig de l&#8217;esperable quantitat de llocs comuns que pot tenir una gasetilla d&#8217;aquestes caracter\u00edstiques, hi ha un altre argument (geo-pol\u00edticament) interessant: amb una mena de guerra absurda ja en marxa, la decisi\u00f3 de cancel\u00b7lar una biennal, fins i tot si correspon a l\u2019humil directori de la Manifesta Foundation, seria una forma involunt\u00e0ria d&#8217;escalar el conflicte. En realitat, la biennal en si mateixa \u00e9s un intent d&#8217;acostament que permetria sublimar almenys una part de les pulsions inconscients i els desitjos irrealitzats que poblen d\u2019ambd\u00f3s costats la relaci\u00f3 tortuosa entre R\u00fassia i occident. (Manifesta 10 es diferencia en aix\u00f2 de la mai realitzada i \u00e0mpliament historitzada Manifesta 6, que volia actuar a la frontera entre Gr\u00e8cia i Turquia i va acabar actuant en Friedrichshain, Berl\u00edn, en una mena de versi\u00f3 de cambra.)<\/p>\n<p>Una biennal el focus de la qual \u00e9s el patrimoni de l&#8217;Ermitage i que possiblement sigui l&#8217;\u00faltim treball curatorial de gran escala de Kasper K\u00f6nig, en el context actual, \u00e9s una oportunitat per suspendre almenys temporalment les enrabiades t\u00edpiques d&#8217;una esquerra cultural massa acostumada al confort de les taules rodones. Una biennal pot ser molt dolenta, per\u00f2 en tot cas \u00e9s millor que tantes altres coses que han passat a la hist\u00f2ria de les relacions internacionals. Prendre-ho en compte ja \u00e9s bo per bufar l&#8217;escuma de la correcci\u00f3 pol\u00edtica, que de vegades no deixa veure el caf\u00e8.<\/p>\n","protected":false},"excerpt":{"rendered":"<p>Manifesta va decidir innovar: per primera vegada l&#8217;entitat amfitriona de la biennal europea no ser\u00e0 una ciutat, sin\u00f3 un museu, i un dels m\u00e9s venturosos del m\u00f3n: l\u2019Ermitage. I per&#8230;<\/p>\n","protected":false},"author":1258,"featured_media":8721,"comment_status":"open","ping_status":"open","sticky":false,"template":"","format":"standard","meta":{"_relevanssi_hide_post":"","_relevanssi_hide_content":"","_relevanssi_pin_for_all":"","_relevanssi_pin_keywords":"","_relevanssi_unpin_keywords":"","_relevanssi_related_keywords":"","_relevanssi_related_include_ids":"","_relevanssi_related_exclude_ids":"","_relevanssi_related_no_append":"","_relevanssi_related_not_related":"","_relevanssi_related_posts":"","_relevanssi_noindex_reason":"","footnotes":""},"categories":[6782],"tags":[],"coauthors":[],"acf":[],"yoast_head":"<!-- This site is optimized with the Yoast SEO plugin v22.6 - https:\/\/yoast.com\/wordpress\/plugins\/seo\/ -->\n<title>Boicot al boicot, o los capritxos de la intel\u00b7lig\u00e8ncia &#8211; A*Desk<\/title>\n<meta name=\"robots\" content=\"index, follow, max-snippet:-1, max-image-preview:large, max-video-preview:-1\" \/>\n<link rel=\"canonical\" href=\"https:\/\/a-desk.org\/ca\/magazine\/boicot-al-boicot-o-los-capritxos\/\" \/>\n<meta property=\"og:locale\" content=\"ca_ES\" \/>\n<meta property=\"og:type\" content=\"article\" \/>\n<meta property=\"og:title\" content=\"Boicot al boicot, o los capritxos de la intel\u00b7lig\u00e8ncia &#8211; A*Desk\" \/>\n<meta property=\"og:description\" content=\"Manifesta va decidir innovar: per primera vegada l&#8217;entitat amfitriona de la biennal europea no ser\u00e0 una ciutat, sin\u00f3 un museu, i un dels m\u00e9s venturosos del m\u00f3n: l\u2019Ermitage. I per...\" \/>\n<meta property=\"og:url\" content=\"https:\/\/a-desk.org\/ca\/magazine\/boicot-al-boicot-o-los-capritxos\/\" \/>\n<meta property=\"og:site_name\" content=\"A*Desk\" \/>\n<meta property=\"article:published_time\" content=\"2014-03-18T02:00:00+00:00\" \/>\n<meta property=\"og:image\" content=\"https:\/\/a-desk.org\/wp-content\/uploads\/2014\/03\/Spb_06-2012_Palace_Embankment_various_14.jpg\" \/>\n\t<meta property=\"og:image:width\" content=\"670\" \/>\n\t<meta property=\"og:image:height\" content=\"342\" \/>\n\t<meta property=\"og:image:type\" content=\"image\/jpeg\" \/>\n<meta name=\"author\" content=\"Claudio M Iglesias\" \/>\n<meta name=\"twitter:card\" content=\"summary_large_image\" \/>\n<meta name=\"twitter:label1\" content=\"Escrit per\" \/>\n\t<meta name=\"twitter:data1\" content=\"Claudio M Iglesias\" \/>\n\t<meta name=\"twitter:label2\" content=\"Temps estimat de lectura\" \/>\n\t<meta name=\"twitter:data2\" content=\"3 minuts\" \/>\n\t<meta name=\"twitter:label3\" content=\"Written by\" \/>\n\t<meta name=\"twitter:data3\" content=\"Claudio M Iglesias\" \/>\n<script type=\"application\/ld+json\" class=\"yoast-schema-graph\">{\"@context\":\"https:\/\/schema.org\",\"@graph\":[{\"@type\":\"WebPage\",\"@id\":\"https:\/\/a-desk.org\/ca\/magazine\/boicot-al-boicot-o-los-capritxos\/\",\"url\":\"https:\/\/a-desk.org\/ca\/magazine\/boicot-al-boicot-o-los-capritxos\/\",\"name\":\"Boicot al boicot, o los capritxos de la intel\u00b7lig\u00e8ncia &#8211; A*Desk\",\"isPartOf\":{\"@id\":\"https:\/\/a-desk.org\/#website\"},\"primaryImageOfPage\":{\"@id\":\"https:\/\/a-desk.org\/ca\/magazine\/boicot-al-boicot-o-los-capritxos\/#primaryimage\"},\"image\":{\"@id\":\"https:\/\/a-desk.org\/ca\/magazine\/boicot-al-boicot-o-los-capritxos\/#primaryimage\"},\"thumbnailUrl\":\"https:\/\/a-desk.org\/wp-content\/uploads\/2014\/03\/Spb_06-2012_Palace_Embankment_various_14.jpg\",\"datePublished\":\"2014-03-18T02:00:00+00:00\",\"dateModified\":\"2014-03-18T02:00:00+00:00\",\"author\":{\"@id\":\"https:\/\/a-desk.org\/#\/schema\/person\/08e388c7b314f2d2be2fc3c81c63af02\"},\"breadcrumb\":{\"@id\":\"https:\/\/a-desk.org\/ca\/magazine\/boicot-al-boicot-o-los-capritxos\/#breadcrumb\"},\"inLanguage\":\"ca\",\"potentialAction\":[{\"@type\":\"ReadAction\",\"target\":[\"https:\/\/a-desk.org\/ca\/magazine\/boicot-al-boicot-o-los-capritxos\/\"]}]},{\"@type\":\"ImageObject\",\"inLanguage\":\"ca\",\"@id\":\"https:\/\/a-desk.org\/ca\/magazine\/boicot-al-boicot-o-los-capritxos\/#primaryimage\",\"url\":\"https:\/\/a-desk.org\/wp-content\/uploads\/2014\/03\/Spb_06-2012_Palace_Embankment_various_14.jpg\",\"contentUrl\":\"https:\/\/a-desk.org\/wp-content\/uploads\/2014\/03\/Spb_06-2012_Palace_Embankment_various_14.jpg\",\"width\":670,\"height\":342,\"caption\":\"Spb_06-2012_Palace_Embankment_various_14.jpg\"},{\"@type\":\"BreadcrumbList\",\"@id\":\"https:\/\/a-desk.org\/ca\/magazine\/boicot-al-boicot-o-los-capritxos\/#breadcrumb\",\"itemListElement\":[{\"@type\":\"ListItem\",\"position\":1,\"name\":\"Portada\",\"item\":\"https:\/\/a-desk.org\/ca\/\"},{\"@type\":\"ListItem\",\"position\":2,\"name\":\"Boicot al boicot, o los capritxos de la intel\u00b7lig\u00e8ncia\"}]},{\"@type\":\"WebSite\",\"@id\":\"https:\/\/a-desk.org\/#website\",\"url\":\"https:\/\/a-desk.org\/\",\"name\":\"A*Desk\",\"description\":\"A*Desk Critical Thinking\",\"potentialAction\":[{\"@type\":\"SearchAction\",\"target\":{\"@type\":\"EntryPoint\",\"urlTemplate\":\"https:\/\/a-desk.org\/?s={search_term_string}\"},\"query-input\":\"required name=search_term_string\"}],\"inLanguage\":\"ca\"},{\"@type\":\"Person\",\"@id\":\"https:\/\/a-desk.org\/#\/schema\/person\/08e388c7b314f2d2be2fc3c81c63af02\",\"name\":\"Claudio M Iglesias\",\"image\":{\"@type\":\"ImageObject\",\"inLanguage\":\"ca\",\"@id\":\"https:\/\/a-desk.org\/#\/schema\/person\/image\/41616e70089c6e7a485787f1d4d6ac09\",\"url\":\"https:\/\/secure.gravatar.com\/avatar\/24e239b83af4a68fbf49e5b0385373ef?s=96&d=mm&r=g\",\"contentUrl\":\"https:\/\/secure.gravatar.com\/avatar\/24e239b83af4a68fbf49e5b0385373ef?s=96&d=mm&r=g\",\"caption\":\"Claudio M Iglesias\"},\"url\":\"https:\/\/a-desk.org\/ca\/autor\/claudio\/\"}]}<\/script>\n<!-- \/ Yoast SEO plugin. -->","yoast_head_json":{"title":"Boicot al boicot, o los capritxos de la intel\u00b7lig\u00e8ncia &#8211; A*Desk","robots":{"index":"index","follow":"follow","max-snippet":"max-snippet:-1","max-image-preview":"max-image-preview:large","max-video-preview":"max-video-preview:-1"},"canonical":"https:\/\/a-desk.org\/ca\/magazine\/boicot-al-boicot-o-los-capritxos\/","og_locale":"ca_ES","og_type":"article","og_title":"Boicot al boicot, o los capritxos de la intel\u00b7lig\u00e8ncia &#8211; A*Desk","og_description":"Manifesta va decidir innovar: per primera vegada l&#8217;entitat amfitriona de la biennal europea no ser\u00e0 una ciutat, sin\u00f3 un museu, i un dels m\u00e9s venturosos del m\u00f3n: l\u2019Ermitage. I per...","og_url":"https:\/\/a-desk.org\/ca\/magazine\/boicot-al-boicot-o-los-capritxos\/","og_site_name":"A*Desk","article_published_time":"2014-03-18T02:00:00+00:00","og_image":[{"width":670,"height":342,"url":"https:\/\/a-desk.org\/wp-content\/uploads\/2014\/03\/Spb_06-2012_Palace_Embankment_various_14.jpg","type":"image\/jpeg"}],"author":"Claudio M Iglesias","twitter_card":"summary_large_image","twitter_misc":{"Escrit per":"Claudio M Iglesias","Temps estimat de lectura":"3 minuts","Written by":"Claudio M Iglesias"},"schema":{"@context":"https:\/\/schema.org","@graph":[{"@type":"WebPage","@id":"https:\/\/a-desk.org\/ca\/magazine\/boicot-al-boicot-o-los-capritxos\/","url":"https:\/\/a-desk.org\/ca\/magazine\/boicot-al-boicot-o-los-capritxos\/","name":"Boicot al boicot, o los capritxos de la intel\u00b7lig\u00e8ncia &#8211; A*Desk","isPartOf":{"@id":"https:\/\/a-desk.org\/#website"},"primaryImageOfPage":{"@id":"https:\/\/a-desk.org\/ca\/magazine\/boicot-al-boicot-o-los-capritxos\/#primaryimage"},"image":{"@id":"https:\/\/a-desk.org\/ca\/magazine\/boicot-al-boicot-o-los-capritxos\/#primaryimage"},"thumbnailUrl":"https:\/\/a-desk.org\/wp-content\/uploads\/2014\/03\/Spb_06-2012_Palace_Embankment_various_14.jpg","datePublished":"2014-03-18T02:00:00+00:00","dateModified":"2014-03-18T02:00:00+00:00","author":{"@id":"https:\/\/a-desk.org\/#\/schema\/person\/08e388c7b314f2d2be2fc3c81c63af02"},"breadcrumb":{"@id":"https:\/\/a-desk.org\/ca\/magazine\/boicot-al-boicot-o-los-capritxos\/#breadcrumb"},"inLanguage":"ca","potentialAction":[{"@type":"ReadAction","target":["https:\/\/a-desk.org\/ca\/magazine\/boicot-al-boicot-o-los-capritxos\/"]}]},{"@type":"ImageObject","inLanguage":"ca","@id":"https:\/\/a-desk.org\/ca\/magazine\/boicot-al-boicot-o-los-capritxos\/#primaryimage","url":"https:\/\/a-desk.org\/wp-content\/uploads\/2014\/03\/Spb_06-2012_Palace_Embankment_various_14.jpg","contentUrl":"https:\/\/a-desk.org\/wp-content\/uploads\/2014\/03\/Spb_06-2012_Palace_Embankment_various_14.jpg","width":670,"height":342,"caption":"Spb_06-2012_Palace_Embankment_various_14.jpg"},{"@type":"BreadcrumbList","@id":"https:\/\/a-desk.org\/ca\/magazine\/boicot-al-boicot-o-los-capritxos\/#breadcrumb","itemListElement":[{"@type":"ListItem","position":1,"name":"Portada","item":"https:\/\/a-desk.org\/ca\/"},{"@type":"ListItem","position":2,"name":"Boicot al boicot, o los capritxos de la intel\u00b7lig\u00e8ncia"}]},{"@type":"WebSite","@id":"https:\/\/a-desk.org\/#website","url":"https:\/\/a-desk.org\/","name":"A*Desk","description":"A*Desk Critical Thinking","potentialAction":[{"@type":"SearchAction","target":{"@type":"EntryPoint","urlTemplate":"https:\/\/a-desk.org\/?s={search_term_string}"},"query-input":"required name=search_term_string"}],"inLanguage":"ca"},{"@type":"Person","@id":"https:\/\/a-desk.org\/#\/schema\/person\/08e388c7b314f2d2be2fc3c81c63af02","name":"Claudio M Iglesias","image":{"@type":"ImageObject","inLanguage":"ca","@id":"https:\/\/a-desk.org\/#\/schema\/person\/image\/41616e70089c6e7a485787f1d4d6ac09","url":"https:\/\/secure.gravatar.com\/avatar\/24e239b83af4a68fbf49e5b0385373ef?s=96&d=mm&r=g","contentUrl":"https:\/\/secure.gravatar.com\/avatar\/24e239b83af4a68fbf49e5b0385373ef?s=96&d=mm&r=g","caption":"Claudio M Iglesias"},"url":"https:\/\/a-desk.org\/ca\/autor\/claudio\/"}]}},"_links":{"self":[{"href":"https:\/\/a-desk.org\/ca\/wp-json\/wp\/v2\/posts\/8786"}],"collection":[{"href":"https:\/\/a-desk.org\/ca\/wp-json\/wp\/v2\/posts"}],"about":[{"href":"https:\/\/a-desk.org\/ca\/wp-json\/wp\/v2\/types\/post"}],"author":[{"embeddable":true,"href":"https:\/\/a-desk.org\/ca\/wp-json\/wp\/v2\/users\/1258"}],"replies":[{"embeddable":true,"href":"https:\/\/a-desk.org\/ca\/wp-json\/wp\/v2\/comments?post=8786"}],"version-history":[{"count":0,"href":"https:\/\/a-desk.org\/ca\/wp-json\/wp\/v2\/posts\/8786\/revisions"}],"wp:featuredmedia":[{"embeddable":true,"href":"https:\/\/a-desk.org\/ca\/wp-json\/wp\/v2\/media\/8721"}],"wp:attachment":[{"href":"https:\/\/a-desk.org\/ca\/wp-json\/wp\/v2\/media?parent=8786"}],"wp:term":[{"taxonomy":"category","embeddable":true,"href":"https:\/\/a-desk.org\/ca\/wp-json\/wp\/v2\/categories?post=8786"},{"taxonomy":"post_tag","embeddable":true,"href":"https:\/\/a-desk.org\/ca\/wp-json\/wp\/v2\/tags?post=8786"},{"taxonomy":"author","embeddable":true,"href":"https:\/\/a-desk.org\/ca\/wp-json\/wp\/v2\/coauthors?post=8786"}],"curies":[{"name":"wp","href":"https:\/\/api.w.org\/{rel}","templated":true}]}}