{"id":8790,"date":"2014-03-14T02:01:00","date_gmt":"2014-03-14T02:01:00","guid":{"rendered":"http:\/\/a-desk.org\/2014\/03\/14\/vers-un-altre-art-politic\/"},"modified":"2014-03-14T02:01:00","modified_gmt":"2014-03-14T02:01:00","slug":"vers-un-altre-art-politic","status":"publish","type":"post","link":"https:\/\/a-desk.org\/ca\/magazine\/vers-un-altre-art-politic\/","title":{"rendered":"Vers un altre art pol\u00edtic"},"content":{"rendered":"<p><img decoding=\"async\" class=\" alignleft size-full wp-image-8709\" src=\"http:\/\/a-desk.org\/wp-content\/uploads\/2014\/03\/IMG-20140311-WA0002.jpg\" alt=\"IMG-20140311-WA0002.jpg\" align=\"left\" width=\"670\" height=\"503\" srcset=\"https:\/\/a-desk.org\/wp-content\/uploads\/2014\/03\/IMG-20140311-WA0002.jpg 670w, https:\/\/a-desk.org\/wp-content\/uploads\/2014\/03\/IMG-20140311-WA0002-533x400.jpg 533w\" sizes=\"(max-width: 670px) 100vw, 670px\" \/><br \/>\nResulta quotidi\u00e0 descobrir que el concepte de <em>democr\u00e0cia<\/em> ha estat objecte de cont\u00ednues cr\u00edtiques i despla\u00e7aments, propiciant el seu q\u00fcestionament des de la reflexi\u00f3 de l&#8217;art actual. Si l&#8217;art en les nostres societats apareix com una mena d&#8217;espai minoritari i elitista, la veritat \u00e9s que caldr\u00e0 considerar qu\u00e8 ha de dir a l&#8217;hora de presentar-se com una reflexi\u00f3 que assenyali cap a les paradoxes pr\u00f2pies del capitalisme. Benjamin i Adorno van considerar que l&#8217;art podia mostrar aquest aspecte d&#8217;actualitat que ve a significar l&#8217;expressi\u00f3 llatina <em>hic et nunc (aqu\u00ed i ara)<\/em>. Aquest \u00e9s el cas de l&#8217;exposici\u00f3 itinerant, presentada ara al <a href=\"http:\/\/www.tempartspace.com\/#\/hic-i-nunc\/\">TEMP a Nova York,<\/a> despr\u00e9s del seu pas inicial al LOOP, com a s\u00edmbol del capitalisme m\u00e9s agitat. Com afirma la seva comiss\u00e0ria Imma Prieto, es tracta d&#8217;una exposici\u00f3 v\u00eddeo-gr\u00e0fica el nucli de la qual s&#8217;articula en una certa resist\u00e8ncia propiciada per una reflexi\u00f3 sobre la situaci\u00f3 cr\u00edtica de la pol\u00edtica actual.<\/p>\n<p>L&#8217;exposici\u00f3 es constitueix al voltant de tres conceptes que caracteritzen la situaci\u00f3 de l&#8217;art en la societat: la crisi global del present, l&#8217;espai de la comunitat a un nivell individual i l&#8217;estat de la democr\u00e0cia davant les seves contradiccions. Apareix tamb\u00e9 un component metaf\u00f2ric que assenyala cap a una deconstrucci\u00f3 de termes pol\u00edtics com <em>nacionalisme, estat, control o economia.<\/em> Aquest car\u00e0cter de modernitat, en el sentit de venir a parlar des del present i l&#8217;actualitat, atorga tamb\u00e9 el seu espai a la posici\u00f3 l&#8217;espectador com a ciutad\u00e0 i viceversa.<\/p>\n<p>Com que l&#8217;art pot meditar conceptualment <em>sobre<\/em> el present, podem comprendre que sigui tamb\u00e9 una manera de fer <em>polis<\/em>, participant d&#8217;aquest car\u00e0cter incoherent visible en una democr\u00e0cia viva i activa; que mostri espais d&#8217;hospitalitat i de resist\u00e8ncia. Un art realista que sigui tamb\u00e9 l&#8217;oportunitat d&#8217;incidir en alguns aspectes que ens facin pensar sobre el que pot ser una veritable democr\u00e0cia efectiva.<\/p>\n<p>Que l&#8217;art actual especuli voltant de la seva posici\u00f3 com a eina de reflexi\u00f3 pol\u00edtica vol dir que ha abandonat un posicionament des de la consigna. Si com deia Godard, l&#8217;art ha de fer-se pol\u00edticament, el cert \u00e9s que darrera aquesta voluntat que porta a creure que la democr\u00e0cia \u00e9s el millor dels mons possibles, hi habita tamb\u00e9 un cert escepticisme davant de casos espec\u00edfics com la immigraci\u00f3, el cost d&#8217;una vida hipotecada o l&#8217;estranyesa que suposa saber-nos al si d&#8217;un govern de les multinacionals.<\/p>\n<p>Si el treball dels artistes seleccionats abandona el posicionament ideol\u00f2gic per situar-se en una posici\u00f3 cr\u00edtica deslocalitzada, el fet que apareguin els mateixos problemes en diferents llocs, mostra que pot haver-hi un art que tracti a la pol\u00edtica com una for\u00e7a viva, on ja no es tracti al p\u00fablic com un simple espectador, sin\u00f3 requerint la seva participaci\u00f3.<\/p>\n<p>D&#8217;altra banda, caldria preguntar-se vers qu\u00e8 caldria resistir-se art\u00edsticament des de l&#8217;actualitat. Qu\u00e8 s&#8217;oposa a l&#8217;espai de l&#8217;art en la societat? \u00bfla seva inn\u00f2cua pres\u00e8ncia com a element de reflexi\u00f3? El que ha de plantejar un cert art pol\u00edtic \u00e9s la seva desvinculaci\u00f3 d\u2019all\u00f2 espectacular i adotzenat, per atendre les q\u00fcestions que han acabat convertint un cert estat de coses democr\u00e0tiques com l&#8217;art en alguna cosa m\u00e9s que objectes destinats a la seva comercialitzaci\u00f3 com a objectes de luxe. Si ja no pot romandre ali\u00e8 al mateix lloc social on apareix, t\u00e9 l&#8217;oportunitat de fer-nos coneixedors de la realitat on vivim, des d&#8217;una perspectiva reflexiva i oberta.<\/p>\n","protected":false},"excerpt":{"rendered":"<p>Resulta quotidi\u00e0 descobrir que el concepte de democr\u00e0cia ha estat objecte de cont\u00ednues cr\u00edtiques i despla\u00e7aments, propiciant el seu q\u00fcestionament des de la reflexi\u00f3 de l&#8217;art actual. Si l&#8217;art en&#8230;<\/p>\n","protected":false},"author":1320,"featured_media":8709,"comment_status":"open","ping_status":"open","sticky":false,"template":"","format":"standard","meta":{"_relevanssi_hide_post":"","_relevanssi_hide_content":"","_relevanssi_pin_for_all":"","_relevanssi_pin_keywords":"","_relevanssi_unpin_keywords":"","_relevanssi_related_keywords":"","_relevanssi_related_include_ids":"","_relevanssi_related_exclude_ids":"","_relevanssi_related_no_append":"","_relevanssi_related_not_related":"","_relevanssi_related_posts":"","_relevanssi_noindex_reason":"","footnotes":""},"categories":[6782],"tags":[],"coauthors":[],"acf":[],"yoast_head":"<!-- This site is optimized with the Yoast SEO plugin v22.6 - https:\/\/yoast.com\/wordpress\/plugins\/seo\/ -->\n<title>Vers un altre art pol\u00edtic &#8211; A*Desk<\/title>\n<meta name=\"robots\" content=\"index, follow, max-snippet:-1, max-image-preview:large, max-video-preview:-1\" \/>\n<link rel=\"canonical\" href=\"https:\/\/a-desk.org\/ca\/magazine\/vers-un-altre-art-politic\/\" \/>\n<meta property=\"og:locale\" content=\"ca_ES\" \/>\n<meta property=\"og:type\" content=\"article\" \/>\n<meta property=\"og:title\" content=\"Vers un altre art pol\u00edtic &#8211; A*Desk\" \/>\n<meta property=\"og:description\" content=\"Resulta quotidi\u00e0 descobrir que el concepte de democr\u00e0cia ha estat objecte de cont\u00ednues cr\u00edtiques i despla\u00e7aments, propiciant el seu q\u00fcestionament des de la reflexi\u00f3 de l&#8217;art actual. Si l&#8217;art en...\" \/>\n<meta property=\"og:url\" content=\"https:\/\/a-desk.org\/ca\/magazine\/vers-un-altre-art-politic\/\" \/>\n<meta property=\"og:site_name\" content=\"A*Desk\" \/>\n<meta property=\"article:published_time\" content=\"2014-03-14T02:01:00+00:00\" \/>\n<meta property=\"og:image\" content=\"https:\/\/a-desk.org\/wp-content\/uploads\/2014\/03\/IMG-20140311-WA0002.jpg\" \/>\n\t<meta property=\"og:image:width\" content=\"670\" \/>\n\t<meta property=\"og:image:height\" content=\"503\" \/>\n\t<meta property=\"og:image:type\" content=\"image\/jpeg\" \/>\n<meta name=\"author\" content=\"Jos\u00e9 Luis Coraz\u00f3n Ardura\" \/>\n<meta name=\"twitter:card\" content=\"summary_large_image\" \/>\n<meta name=\"twitter:label1\" content=\"Escrit per\" \/>\n\t<meta name=\"twitter:data1\" content=\"Jos\u00e9 Luis Coraz\u00f3n Ardura\" \/>\n\t<meta name=\"twitter:label2\" content=\"Temps estimat de lectura\" \/>\n\t<meta name=\"twitter:data2\" content=\"3 minuts\" \/>\n\t<meta name=\"twitter:label3\" content=\"Written by\" \/>\n\t<meta name=\"twitter:data3\" content=\"Jos\u00e9 Luis Coraz\u00f3n Ardura\" \/>\n<script type=\"application\/ld+json\" class=\"yoast-schema-graph\">{\"@context\":\"https:\/\/schema.org\",\"@graph\":[{\"@type\":\"WebPage\",\"@id\":\"https:\/\/a-desk.org\/ca\/magazine\/vers-un-altre-art-politic\/\",\"url\":\"https:\/\/a-desk.org\/ca\/magazine\/vers-un-altre-art-politic\/\",\"name\":\"Vers un altre art pol\u00edtic &#8211; A*Desk\",\"isPartOf\":{\"@id\":\"https:\/\/a-desk.org\/#website\"},\"primaryImageOfPage\":{\"@id\":\"https:\/\/a-desk.org\/ca\/magazine\/vers-un-altre-art-politic\/#primaryimage\"},\"image\":{\"@id\":\"https:\/\/a-desk.org\/ca\/magazine\/vers-un-altre-art-politic\/#primaryimage\"},\"thumbnailUrl\":\"https:\/\/a-desk.org\/wp-content\/uploads\/2014\/03\/IMG-20140311-WA0002.jpg\",\"datePublished\":\"2014-03-14T02:01:00+00:00\",\"dateModified\":\"2014-03-14T02:01:00+00:00\",\"author\":{\"@id\":\"https:\/\/a-desk.org\/#\/schema\/person\/f50fe0b99eb54f33cab5268b663e749a\"},\"breadcrumb\":{\"@id\":\"https:\/\/a-desk.org\/ca\/magazine\/vers-un-altre-art-politic\/#breadcrumb\"},\"inLanguage\":\"ca\",\"potentialAction\":[{\"@type\":\"ReadAction\",\"target\":[\"https:\/\/a-desk.org\/ca\/magazine\/vers-un-altre-art-politic\/\"]}]},{\"@type\":\"ImageObject\",\"inLanguage\":\"ca\",\"@id\":\"https:\/\/a-desk.org\/ca\/magazine\/vers-un-altre-art-politic\/#primaryimage\",\"url\":\"https:\/\/a-desk.org\/wp-content\/uploads\/2014\/03\/IMG-20140311-WA0002.jpg\",\"contentUrl\":\"https:\/\/a-desk.org\/wp-content\/uploads\/2014\/03\/IMG-20140311-WA0002.jpg\",\"width\":670,\"height\":503,\"caption\":\"IMG-20140311-WA0002.jpg\"},{\"@type\":\"BreadcrumbList\",\"@id\":\"https:\/\/a-desk.org\/ca\/magazine\/vers-un-altre-art-politic\/#breadcrumb\",\"itemListElement\":[{\"@type\":\"ListItem\",\"position\":1,\"name\":\"Portada\",\"item\":\"https:\/\/a-desk.org\/ca\/\"},{\"@type\":\"ListItem\",\"position\":2,\"name\":\"Vers un altre art pol\u00edtic\"}]},{\"@type\":\"WebSite\",\"@id\":\"https:\/\/a-desk.org\/#website\",\"url\":\"https:\/\/a-desk.org\/\",\"name\":\"A*Desk\",\"description\":\"A*Desk Critical Thinking\",\"potentialAction\":[{\"@type\":\"SearchAction\",\"target\":{\"@type\":\"EntryPoint\",\"urlTemplate\":\"https:\/\/a-desk.org\/?s={search_term_string}\"},\"query-input\":\"required name=search_term_string\"}],\"inLanguage\":\"ca\"},{\"@type\":\"Person\",\"@id\":\"https:\/\/a-desk.org\/#\/schema\/person\/f50fe0b99eb54f33cab5268b663e749a\",\"name\":\"Jos\u00e9 Luis Coraz\u00f3n Ardura\",\"image\":{\"@type\":\"ImageObject\",\"inLanguage\":\"ca\",\"@id\":\"https:\/\/a-desk.org\/#\/schema\/person\/image\/485e52a5166242f16e4aba870ba2122e\",\"url\":\"https:\/\/secure.gravatar.com\/avatar\/7eb20640281b68b7ad53f6be62c67359?s=96&d=mm&r=g\",\"contentUrl\":\"https:\/\/secure.gravatar.com\/avatar\/7eb20640281b68b7ad53f6be62c67359?s=96&d=mm&r=g\",\"caption\":\"Jos\u00e9 Luis Coraz\u00f3n Ardura\"},\"description\":\"Jos\u00e9 Luis Coraz\u00f3n Ardura est\u00e1 empe\u00f1ado en una cierta po\u00e9tica de la destrucci\u00f3n como signo de la modernidad. Una escritura que desarrolla a medio camino entre la est\u00e9tica y la literatura, esto es, en la ausencia propia del arte.\",\"url\":\"https:\/\/a-desk.org\/ca\/autor\/corazon\/\"}]}<\/script>\n<!-- \/ Yoast SEO plugin. -->","yoast_head_json":{"title":"Vers un altre art pol\u00edtic &#8211; A*Desk","robots":{"index":"index","follow":"follow","max-snippet":"max-snippet:-1","max-image-preview":"max-image-preview:large","max-video-preview":"max-video-preview:-1"},"canonical":"https:\/\/a-desk.org\/ca\/magazine\/vers-un-altre-art-politic\/","og_locale":"ca_ES","og_type":"article","og_title":"Vers un altre art pol\u00edtic &#8211; A*Desk","og_description":"Resulta quotidi\u00e0 descobrir que el concepte de democr\u00e0cia ha estat objecte de cont\u00ednues cr\u00edtiques i despla\u00e7aments, propiciant el seu q\u00fcestionament des de la reflexi\u00f3 de l&#8217;art actual. Si l&#8217;art en...","og_url":"https:\/\/a-desk.org\/ca\/magazine\/vers-un-altre-art-politic\/","og_site_name":"A*Desk","article_published_time":"2014-03-14T02:01:00+00:00","og_image":[{"width":670,"height":503,"url":"https:\/\/a-desk.org\/wp-content\/uploads\/2014\/03\/IMG-20140311-WA0002.jpg","type":"image\/jpeg"}],"author":"Jos\u00e9 Luis Coraz\u00f3n Ardura","twitter_card":"summary_large_image","twitter_misc":{"Escrit per":"Jos\u00e9 Luis Coraz\u00f3n Ardura","Temps estimat de lectura":"3 minuts","Written by":"Jos\u00e9 Luis Coraz\u00f3n Ardura"},"schema":{"@context":"https:\/\/schema.org","@graph":[{"@type":"WebPage","@id":"https:\/\/a-desk.org\/ca\/magazine\/vers-un-altre-art-politic\/","url":"https:\/\/a-desk.org\/ca\/magazine\/vers-un-altre-art-politic\/","name":"Vers un altre art pol\u00edtic &#8211; A*Desk","isPartOf":{"@id":"https:\/\/a-desk.org\/#website"},"primaryImageOfPage":{"@id":"https:\/\/a-desk.org\/ca\/magazine\/vers-un-altre-art-politic\/#primaryimage"},"image":{"@id":"https:\/\/a-desk.org\/ca\/magazine\/vers-un-altre-art-politic\/#primaryimage"},"thumbnailUrl":"https:\/\/a-desk.org\/wp-content\/uploads\/2014\/03\/IMG-20140311-WA0002.jpg","datePublished":"2014-03-14T02:01:00+00:00","dateModified":"2014-03-14T02:01:00+00:00","author":{"@id":"https:\/\/a-desk.org\/#\/schema\/person\/f50fe0b99eb54f33cab5268b663e749a"},"breadcrumb":{"@id":"https:\/\/a-desk.org\/ca\/magazine\/vers-un-altre-art-politic\/#breadcrumb"},"inLanguage":"ca","potentialAction":[{"@type":"ReadAction","target":["https:\/\/a-desk.org\/ca\/magazine\/vers-un-altre-art-politic\/"]}]},{"@type":"ImageObject","inLanguage":"ca","@id":"https:\/\/a-desk.org\/ca\/magazine\/vers-un-altre-art-politic\/#primaryimage","url":"https:\/\/a-desk.org\/wp-content\/uploads\/2014\/03\/IMG-20140311-WA0002.jpg","contentUrl":"https:\/\/a-desk.org\/wp-content\/uploads\/2014\/03\/IMG-20140311-WA0002.jpg","width":670,"height":503,"caption":"IMG-20140311-WA0002.jpg"},{"@type":"BreadcrumbList","@id":"https:\/\/a-desk.org\/ca\/magazine\/vers-un-altre-art-politic\/#breadcrumb","itemListElement":[{"@type":"ListItem","position":1,"name":"Portada","item":"https:\/\/a-desk.org\/ca\/"},{"@type":"ListItem","position":2,"name":"Vers un altre art pol\u00edtic"}]},{"@type":"WebSite","@id":"https:\/\/a-desk.org\/#website","url":"https:\/\/a-desk.org\/","name":"A*Desk","description":"A*Desk Critical Thinking","potentialAction":[{"@type":"SearchAction","target":{"@type":"EntryPoint","urlTemplate":"https:\/\/a-desk.org\/?s={search_term_string}"},"query-input":"required name=search_term_string"}],"inLanguage":"ca"},{"@type":"Person","@id":"https:\/\/a-desk.org\/#\/schema\/person\/f50fe0b99eb54f33cab5268b663e749a","name":"Jos\u00e9 Luis Coraz\u00f3n Ardura","image":{"@type":"ImageObject","inLanguage":"ca","@id":"https:\/\/a-desk.org\/#\/schema\/person\/image\/485e52a5166242f16e4aba870ba2122e","url":"https:\/\/secure.gravatar.com\/avatar\/7eb20640281b68b7ad53f6be62c67359?s=96&d=mm&r=g","contentUrl":"https:\/\/secure.gravatar.com\/avatar\/7eb20640281b68b7ad53f6be62c67359?s=96&d=mm&r=g","caption":"Jos\u00e9 Luis Coraz\u00f3n Ardura"},"description":"Jos\u00e9 Luis Coraz\u00f3n Ardura est\u00e1 empe\u00f1ado en una cierta po\u00e9tica de la destrucci\u00f3n como signo de la modernidad. Una escritura que desarrolla a medio camino entre la est\u00e9tica y la literatura, esto es, en la ausencia propia del arte.","url":"https:\/\/a-desk.org\/ca\/autor\/corazon\/"}]}},"_links":{"self":[{"href":"https:\/\/a-desk.org\/ca\/wp-json\/wp\/v2\/posts\/8790"}],"collection":[{"href":"https:\/\/a-desk.org\/ca\/wp-json\/wp\/v2\/posts"}],"about":[{"href":"https:\/\/a-desk.org\/ca\/wp-json\/wp\/v2\/types\/post"}],"author":[{"embeddable":true,"href":"https:\/\/a-desk.org\/ca\/wp-json\/wp\/v2\/users\/1320"}],"replies":[{"embeddable":true,"href":"https:\/\/a-desk.org\/ca\/wp-json\/wp\/v2\/comments?post=8790"}],"version-history":[{"count":0,"href":"https:\/\/a-desk.org\/ca\/wp-json\/wp\/v2\/posts\/8790\/revisions"}],"wp:featuredmedia":[{"embeddable":true,"href":"https:\/\/a-desk.org\/ca\/wp-json\/wp\/v2\/media\/8709"}],"wp:attachment":[{"href":"https:\/\/a-desk.org\/ca\/wp-json\/wp\/v2\/media?parent=8790"}],"wp:term":[{"taxonomy":"category","embeddable":true,"href":"https:\/\/a-desk.org\/ca\/wp-json\/wp\/v2\/categories?post=8790"},{"taxonomy":"post_tag","embeddable":true,"href":"https:\/\/a-desk.org\/ca\/wp-json\/wp\/v2\/tags?post=8790"},{"taxonomy":"author","embeddable":true,"href":"https:\/\/a-desk.org\/ca\/wp-json\/wp\/v2\/coauthors?post=8790"}],"curies":[{"name":"wp","href":"https:\/\/api.w.org\/{rel}","templated":true}]}}