{"id":8838,"date":"2014-04-16T02:36:00","date_gmt":"2014-04-16T02:36:00","guid":{"rendered":"http:\/\/a-desk.org\/2014\/04\/16\/participate-now-la-part-fosca-dels\/"},"modified":"2014-04-16T02:36:00","modified_gmt":"2014-04-16T02:36:00","slug":"participate-now-la-part-fosca-dels","status":"publish","type":"post","link":"https:\/\/a-desk.org\/ca\/magazine\/participate-now-la-part-fosca-dels\/","title":{"rendered":"Participate Now. La part fosca dels projectes 2.0"},"content":{"rendered":"<p><img decoding=\"async\" class=\" alignleft size-full wp-image-8787\" src=\"http:\/\/a-desk.org\/wp-content\/uploads\/2014\/04\/Participate_Now.jpg\" alt=\"Participate_Now.jpg\" align=\"left\" width=\"670\" height=\"245\" srcset=\"https:\/\/a-desk.org\/wp-content\/uploads\/2014\/04\/Participate_Now.jpg 670w, https:\/\/a-desk.org\/wp-content\/uploads\/2014\/04\/Participate_Now-595x218.jpg 595w\" sizes=\"(max-width: 670px) 100vw, 670px\" \/><br \/>\n&#8220;Instruccions: Qualsevol persona interessada en formar part d&#8217;aquesta performance ha de tenir un smartphone amb c\u00e0mera i acc\u00e9s a Internet.&#8221;<\/p>\n<p>La trobada amb l&#8217;obra d&#8217;Adrian Dan, <em><a href=\"http:\/\/waterfallca2m.tumblr.com\">Waterfall<\/a><\/em> present a l&#8217;exposici\u00f3 <em>Per\/form. C\u00f3mo hacer cosas con sin palabras<\/em> al CA2M, m&#8217;ha recordat la desconfian\u00e7a que em provoquen els projectes art\u00edstics 2.0. Aix\u00ed denomino, per entendre\u2019m amb mi mateixa, aquelles pr\u00e0ctiques art\u00edstiques que adopten les l\u00f2giques participatives de la web 2.0. Es tracta d&#8217;iniciatives unipersonals que conviden a la creaci\u00f3 descentralitzada d&#8217;imatges fotogr\u00e0fiques o en moviment. La gesti\u00f3 d&#8217;aquests continguts, creats volunt\u00e0riament per multitud de persones, es desenvolupa, per\u00f2, de forma totalment centralitzada, igual que les q\u00fcestions relatives a l&#8217;autoria i propietat. L&#8217;artista \u00e9s qui decideix com es publiquen aquestes imatges i si considera que alguna d&#8217;elles, per qualsevol motiu, no correspon a l&#8217;objectiu del seu projecte, \u00e9s l&#8217;\u00fanic amb capacitat per fer-la desapar\u00e8ixer. Tot aquest proc\u00e9s i les contradiccions que presenta queden generalment invisibilitzats pel car\u00e0cter neutral que moltes vegades s&#8217;atribueix a les plataformes digitals.<\/p>\n<p>Les condicions en qu\u00e8 de manera individual ens relacionem a trav\u00e9s d&#8217;Internet \u00e9s una inquietud personal-professional que em persegueix des de fa algun temps. Dins el panorama global de les tecnologies digitals de la informaci\u00f3 i la comunicaci\u00f3, gran part de la poblaci\u00f3 occidentalitzada ens trobem immersos en les l\u00f2giques participatives estructurades pel paradigma 2.0 i els sistemes d&#8217;interacci\u00f3 establerts per les xarxes socials. Les caracter\u00edstiques d&#8217;aquestes plataformes s&#8217;entenen molt sovint sota la premissa del proc\u00e9s de democratitzaci\u00f3 dels mitjans de producci\u00f3 i comunicaci\u00f3 d&#8217;informaci\u00f3; per\u00f2 \u00e9s fonamental considerar el context mercantil i la realitat capitalista en qu\u00e8 s&#8217;insereixen, no necess\u00e0riament per deixar d&#8217;utilitzar aquestes plataformes per complet, per\u00f2 s\u00ed per fer-ho de forma conscient i posicionada.<\/p>\n<p>Quan aquestes din\u00e0miques s&#8217;introdueixen sense cap q\u00fcestionament en l&#8217;\u00e0mbit de la creaci\u00f3 cultural, els <a href=\"http:\/\/oreilly.com\/web2\/archive\/what-is-web-20.html\">plantejaments de m\u00e0rqueting establerts per Tim O\u2019Reilly<\/a> per definir la web 2.0 queden encara m\u00e9s difuminats i configuren metodologies art\u00edstiques que responen a lloables objectius amb processos m\u00e9s aviat instrumentalitzadors. El que em fa desconfiar m\u00e9s d&#8217;aquest tipus de pr\u00e0ctiques s\u00f3n les consignes amb les que s&#8217;autodefineixen: lemes universalistes, com ara el subt\u00edtol &#8220;The people\u2019s art project&#8221; de <em><a href=\"http:\/\/www.insideoutproject.net\/en\">Inside Out<\/a><\/em> de l&#8217;artista urb\u00e0 JR o la definici\u00f3 del projecte <a href=\"https:\/\/www.youtube.com\/user\/lifeinaday\"><em>Life in a Day<\/em><\/a> dels cineastes Ridley i Tony Scott com &#8220;a historic cinematic experiment to create a documentary film about a single day on earth&#8221;.  Lemes que asseguren complir uns objectius massa ambiciosos i q\u00fcestionables en relaci\u00f3 a la gesti\u00f3 de la representaci\u00f3 i interpretaci\u00f3 de les aportacions; lemes que exalten un tipus de creaci\u00f3 comunit\u00e0ria a la que, ben analitzades, aquestes pr\u00e0ctiques no responen. El resultat metodol\u00f2gic de tot aix\u00f2 \u00e9s una pseudo-col\u00b7lectivitat que reprodueix al detall els processos de comunicaci\u00f3 homologats pels serveis corporatius de les empreses de tecnologia inform\u00e0tica.<\/p>\n<p>\u00c9s cert, que la posici\u00f3 del jove artista Adrian Dan no \u00e9s exactament la mateixa d&#8217;aquestes conegudes figures del panorama cultural internacional, per\u00f2 visibilitza igualment la forta estructura jer\u00e0rquica que es pot desenvolupar a partir de pressupostos participatius i els perills que comporta en relaci\u00f3 a la instrumentalitzaci\u00f3 del treball voluntari. Internet no \u00e9s un espai neutral, l&#8217;art no \u00e9s un espai neutral i la participaci\u00f3 en ambd\u00f3s necessita de responsabilitat social i transpar\u00e8ncia metodol\u00f2gica.<\/p>\n","protected":false},"excerpt":{"rendered":"<p>&#8220;Instruccions: Qualsevol persona interessada en formar part d&#8217;aquesta performance ha de tenir un smartphone amb c\u00e0mera i acc\u00e9s a Internet.&#8221; La trobada amb l&#8217;obra d&#8217;Adrian Dan, Waterfall present a l&#8217;exposici\u00f3&#8230;<\/p>\n","protected":false},"author":1306,"featured_media":8787,"comment_status":"open","ping_status":"open","sticky":false,"template":"","format":"standard","meta":{"_relevanssi_hide_post":"","_relevanssi_hide_content":"","_relevanssi_pin_for_all":"","_relevanssi_pin_keywords":"","_relevanssi_unpin_keywords":"","_relevanssi_related_keywords":"","_relevanssi_related_include_ids":"","_relevanssi_related_exclude_ids":"","_relevanssi_related_no_append":"","_relevanssi_related_not_related":"","_relevanssi_related_posts":"","_relevanssi_noindex_reason":"","footnotes":""},"categories":[6782],"tags":[],"coauthors":[],"acf":[],"yoast_head":"<!-- This site is optimized with the Yoast SEO plugin v22.6 - https:\/\/yoast.com\/wordpress\/plugins\/seo\/ -->\n<title>Participate Now. La part fosca dels projectes 2.0 &#8211; A*Desk<\/title>\n<meta name=\"robots\" content=\"index, follow, max-snippet:-1, max-image-preview:large, max-video-preview:-1\" \/>\n<link rel=\"canonical\" href=\"https:\/\/a-desk.org\/ca\/magazine\/participate-now-la-part-fosca-dels\/\" \/>\n<meta property=\"og:locale\" content=\"ca_ES\" \/>\n<meta property=\"og:type\" content=\"article\" \/>\n<meta property=\"og:title\" content=\"Participate Now. La part fosca dels projectes 2.0 &#8211; A*Desk\" \/>\n<meta property=\"og:description\" content=\"&#8220;Instruccions: Qualsevol persona interessada en formar part d&#8217;aquesta performance ha de tenir un smartphone amb c\u00e0mera i acc\u00e9s a Internet.&#8221; La trobada amb l&#8217;obra d&#8217;Adrian Dan, Waterfall present a l&#8217;exposici\u00f3...\" \/>\n<meta property=\"og:url\" content=\"https:\/\/a-desk.org\/ca\/magazine\/participate-now-la-part-fosca-dels\/\" \/>\n<meta property=\"og:site_name\" content=\"A*Desk\" \/>\n<meta property=\"article:published_time\" content=\"2014-04-16T02:36:00+00:00\" \/>\n<meta property=\"og:image\" content=\"https:\/\/a-desk.org\/wp-content\/uploads\/2014\/04\/Participate_Now.jpg\" \/>\n\t<meta property=\"og:image:width\" content=\"670\" \/>\n\t<meta property=\"og:image:height\" content=\"245\" \/>\n\t<meta property=\"og:image:type\" content=\"image\/jpeg\" \/>\n<meta name=\"author\" content=\"Manuela Pedr\u00f3n Nicolau\" \/>\n<meta name=\"twitter:card\" content=\"summary_large_image\" \/>\n<meta name=\"twitter:label1\" content=\"Escrit per\" \/>\n\t<meta name=\"twitter:data1\" content=\"Manuela Pedr\u00f3n Nicolau\" \/>\n\t<meta name=\"twitter:label2\" content=\"Temps estimat de lectura\" \/>\n\t<meta name=\"twitter:data2\" content=\"3 minuts\" \/>\n\t<meta name=\"twitter:label3\" content=\"Written by\" \/>\n\t<meta name=\"twitter:data3\" content=\"Manuela Pedr\u00f3n Nicolau\" \/>\n<script type=\"application\/ld+json\" class=\"yoast-schema-graph\">{\"@context\":\"https:\/\/schema.org\",\"@graph\":[{\"@type\":\"WebPage\",\"@id\":\"https:\/\/a-desk.org\/ca\/magazine\/participate-now-la-part-fosca-dels\/\",\"url\":\"https:\/\/a-desk.org\/ca\/magazine\/participate-now-la-part-fosca-dels\/\",\"name\":\"Participate Now. La part fosca dels projectes 2.0 &#8211; A*Desk\",\"isPartOf\":{\"@id\":\"https:\/\/a-desk.org\/#website\"},\"primaryImageOfPage\":{\"@id\":\"https:\/\/a-desk.org\/ca\/magazine\/participate-now-la-part-fosca-dels\/#primaryimage\"},\"image\":{\"@id\":\"https:\/\/a-desk.org\/ca\/magazine\/participate-now-la-part-fosca-dels\/#primaryimage\"},\"thumbnailUrl\":\"https:\/\/a-desk.org\/wp-content\/uploads\/2014\/04\/Participate_Now.jpg\",\"datePublished\":\"2014-04-16T02:36:00+00:00\",\"dateModified\":\"2014-04-16T02:36:00+00:00\",\"author\":{\"@id\":\"https:\/\/a-desk.org\/#\/schema\/person\/608c91b8dcfa3618005c87b09e5094e0\"},\"breadcrumb\":{\"@id\":\"https:\/\/a-desk.org\/ca\/magazine\/participate-now-la-part-fosca-dels\/#breadcrumb\"},\"inLanguage\":\"ca\",\"potentialAction\":[{\"@type\":\"ReadAction\",\"target\":[\"https:\/\/a-desk.org\/ca\/magazine\/participate-now-la-part-fosca-dels\/\"]}]},{\"@type\":\"ImageObject\",\"inLanguage\":\"ca\",\"@id\":\"https:\/\/a-desk.org\/ca\/magazine\/participate-now-la-part-fosca-dels\/#primaryimage\",\"url\":\"https:\/\/a-desk.org\/wp-content\/uploads\/2014\/04\/Participate_Now.jpg\",\"contentUrl\":\"https:\/\/a-desk.org\/wp-content\/uploads\/2014\/04\/Participate_Now.jpg\",\"width\":670,\"height\":245,\"caption\":\"Participate_Now.jpg\"},{\"@type\":\"BreadcrumbList\",\"@id\":\"https:\/\/a-desk.org\/ca\/magazine\/participate-now-la-part-fosca-dels\/#breadcrumb\",\"itemListElement\":[{\"@type\":\"ListItem\",\"position\":1,\"name\":\"Portada\",\"item\":\"https:\/\/a-desk.org\/ca\/\"},{\"@type\":\"ListItem\",\"position\":2,\"name\":\"Participate Now. La part fosca dels projectes 2.0\"}]},{\"@type\":\"WebSite\",\"@id\":\"https:\/\/a-desk.org\/#website\",\"url\":\"https:\/\/a-desk.org\/\",\"name\":\"A*Desk\",\"description\":\"A*Desk Critical Thinking\",\"potentialAction\":[{\"@type\":\"SearchAction\",\"target\":{\"@type\":\"EntryPoint\",\"urlTemplate\":\"https:\/\/a-desk.org\/?s={search_term_string}\"},\"query-input\":\"required name=search_term_string\"}],\"inLanguage\":\"ca\"},{\"@type\":\"Person\",\"@id\":\"https:\/\/a-desk.org\/#\/schema\/person\/608c91b8dcfa3618005c87b09e5094e0\",\"name\":\"Manuela Pedr\u00f3n Nicolau\",\"image\":{\"@type\":\"ImageObject\",\"inLanguage\":\"ca\",\"@id\":\"https:\/\/a-desk.org\/#\/schema\/person\/image\/c80ca972b27bdb0b9a407dd951dd0d1d\",\"url\":\"https:\/\/secure.gravatar.com\/avatar\/8b46b592edc478ad4b1e4f6ffaa1b64a?s=96&d=mm&r=g\",\"contentUrl\":\"https:\/\/secure.gravatar.com\/avatar\/8b46b592edc478ad4b1e4f6ffaa1b64a?s=96&d=mm&r=g\",\"caption\":\"Manuela Pedr\u00f3n Nicolau\"},\"url\":\"https:\/\/a-desk.org\/ca\/autor\/pedron\/\"}]}<\/script>\n<!-- \/ Yoast SEO plugin. -->","yoast_head_json":{"title":"Participate Now. La part fosca dels projectes 2.0 &#8211; A*Desk","robots":{"index":"index","follow":"follow","max-snippet":"max-snippet:-1","max-image-preview":"max-image-preview:large","max-video-preview":"max-video-preview:-1"},"canonical":"https:\/\/a-desk.org\/ca\/magazine\/participate-now-la-part-fosca-dels\/","og_locale":"ca_ES","og_type":"article","og_title":"Participate Now. La part fosca dels projectes 2.0 &#8211; A*Desk","og_description":"&#8220;Instruccions: Qualsevol persona interessada en formar part d&#8217;aquesta performance ha de tenir un smartphone amb c\u00e0mera i acc\u00e9s a Internet.&#8221; La trobada amb l&#8217;obra d&#8217;Adrian Dan, Waterfall present a l&#8217;exposici\u00f3...","og_url":"https:\/\/a-desk.org\/ca\/magazine\/participate-now-la-part-fosca-dels\/","og_site_name":"A*Desk","article_published_time":"2014-04-16T02:36:00+00:00","og_image":[{"width":670,"height":245,"url":"https:\/\/a-desk.org\/wp-content\/uploads\/2014\/04\/Participate_Now.jpg","type":"image\/jpeg"}],"author":"Manuela Pedr\u00f3n Nicolau","twitter_card":"summary_large_image","twitter_misc":{"Escrit per":"Manuela Pedr\u00f3n Nicolau","Temps estimat de lectura":"3 minuts","Written by":"Manuela Pedr\u00f3n Nicolau"},"schema":{"@context":"https:\/\/schema.org","@graph":[{"@type":"WebPage","@id":"https:\/\/a-desk.org\/ca\/magazine\/participate-now-la-part-fosca-dels\/","url":"https:\/\/a-desk.org\/ca\/magazine\/participate-now-la-part-fosca-dels\/","name":"Participate Now. La part fosca dels projectes 2.0 &#8211; A*Desk","isPartOf":{"@id":"https:\/\/a-desk.org\/#website"},"primaryImageOfPage":{"@id":"https:\/\/a-desk.org\/ca\/magazine\/participate-now-la-part-fosca-dels\/#primaryimage"},"image":{"@id":"https:\/\/a-desk.org\/ca\/magazine\/participate-now-la-part-fosca-dels\/#primaryimage"},"thumbnailUrl":"https:\/\/a-desk.org\/wp-content\/uploads\/2014\/04\/Participate_Now.jpg","datePublished":"2014-04-16T02:36:00+00:00","dateModified":"2014-04-16T02:36:00+00:00","author":{"@id":"https:\/\/a-desk.org\/#\/schema\/person\/608c91b8dcfa3618005c87b09e5094e0"},"breadcrumb":{"@id":"https:\/\/a-desk.org\/ca\/magazine\/participate-now-la-part-fosca-dels\/#breadcrumb"},"inLanguage":"ca","potentialAction":[{"@type":"ReadAction","target":["https:\/\/a-desk.org\/ca\/magazine\/participate-now-la-part-fosca-dels\/"]}]},{"@type":"ImageObject","inLanguage":"ca","@id":"https:\/\/a-desk.org\/ca\/magazine\/participate-now-la-part-fosca-dels\/#primaryimage","url":"https:\/\/a-desk.org\/wp-content\/uploads\/2014\/04\/Participate_Now.jpg","contentUrl":"https:\/\/a-desk.org\/wp-content\/uploads\/2014\/04\/Participate_Now.jpg","width":670,"height":245,"caption":"Participate_Now.jpg"},{"@type":"BreadcrumbList","@id":"https:\/\/a-desk.org\/ca\/magazine\/participate-now-la-part-fosca-dels\/#breadcrumb","itemListElement":[{"@type":"ListItem","position":1,"name":"Portada","item":"https:\/\/a-desk.org\/ca\/"},{"@type":"ListItem","position":2,"name":"Participate Now. La part fosca dels projectes 2.0"}]},{"@type":"WebSite","@id":"https:\/\/a-desk.org\/#website","url":"https:\/\/a-desk.org\/","name":"A*Desk","description":"A*Desk Critical Thinking","potentialAction":[{"@type":"SearchAction","target":{"@type":"EntryPoint","urlTemplate":"https:\/\/a-desk.org\/?s={search_term_string}"},"query-input":"required name=search_term_string"}],"inLanguage":"ca"},{"@type":"Person","@id":"https:\/\/a-desk.org\/#\/schema\/person\/608c91b8dcfa3618005c87b09e5094e0","name":"Manuela Pedr\u00f3n Nicolau","image":{"@type":"ImageObject","inLanguage":"ca","@id":"https:\/\/a-desk.org\/#\/schema\/person\/image\/c80ca972b27bdb0b9a407dd951dd0d1d","url":"https:\/\/secure.gravatar.com\/avatar\/8b46b592edc478ad4b1e4f6ffaa1b64a?s=96&d=mm&r=g","contentUrl":"https:\/\/secure.gravatar.com\/avatar\/8b46b592edc478ad4b1e4f6ffaa1b64a?s=96&d=mm&r=g","caption":"Manuela Pedr\u00f3n Nicolau"},"url":"https:\/\/a-desk.org\/ca\/autor\/pedron\/"}]}},"_links":{"self":[{"href":"https:\/\/a-desk.org\/ca\/wp-json\/wp\/v2\/posts\/8838"}],"collection":[{"href":"https:\/\/a-desk.org\/ca\/wp-json\/wp\/v2\/posts"}],"about":[{"href":"https:\/\/a-desk.org\/ca\/wp-json\/wp\/v2\/types\/post"}],"author":[{"embeddable":true,"href":"https:\/\/a-desk.org\/ca\/wp-json\/wp\/v2\/users\/1306"}],"replies":[{"embeddable":true,"href":"https:\/\/a-desk.org\/ca\/wp-json\/wp\/v2\/comments?post=8838"}],"version-history":[{"count":0,"href":"https:\/\/a-desk.org\/ca\/wp-json\/wp\/v2\/posts\/8838\/revisions"}],"wp:featuredmedia":[{"embeddable":true,"href":"https:\/\/a-desk.org\/ca\/wp-json\/wp\/v2\/media\/8787"}],"wp:attachment":[{"href":"https:\/\/a-desk.org\/ca\/wp-json\/wp\/v2\/media?parent=8838"}],"wp:term":[{"taxonomy":"category","embeddable":true,"href":"https:\/\/a-desk.org\/ca\/wp-json\/wp\/v2\/categories?post=8838"},{"taxonomy":"post_tag","embeddable":true,"href":"https:\/\/a-desk.org\/ca\/wp-json\/wp\/v2\/tags?post=8838"},{"taxonomy":"author","embeddable":true,"href":"https:\/\/a-desk.org\/ca\/wp-json\/wp\/v2\/coauthors?post=8838"}],"curies":[{"name":"wp","href":"https:\/\/api.w.org\/{rel}","templated":true}]}}