{"id":8981,"date":"2014-09-22T02:00:00","date_gmt":"2014-09-22T02:00:00","guid":{"rendered":"http:\/\/a-desk.org\/2014\/09\/22\/revisitant-com-explicar-catalunya\/"},"modified":"2023-07-10T12:32:13","modified_gmt":"2023-07-10T10:32:13","slug":"revisitant-com-explicar-catalunya","status":"publish","type":"post","link":"https:\/\/a-desk.org\/ca\/magazine\/revisitant-com-explicar-catalunya\/","title":{"rendered":"Arxiu: &#8220;Com explicar Catalunya&#8230;&#8221;"},"content":{"rendered":"<p><img decoding=\"async\" class=\" alignleft size-full wp-image-8979\" src=\"http:\/\/a-desk.org\/wp-content\/uploads\/2014\/09\/rubon242-2.jpg\" alt=\"rubon242-2.jpg\" width=\"670\" height=\"511\" align=\"left\" srcset=\"https:\/\/a-desk.org\/wp-content\/uploads\/2014\/09\/rubon242-2.jpg 670w, https:\/\/a-desk.org\/wp-content\/uploads\/2014\/09\/rubon242-2-524x400.jpg 524w\" sizes=\"(max-width: 670px) 100vw, 670px\" \/><br \/>\nDe vegades t\u00e9 sentit revisar els arxius i recuperar articles, perqu\u00e8 la dist\u00e0ncia temporal permet noves lectures o perqu\u00e8 els temes tractats continuen tenint tanta o m\u00e9s rellev\u00e0ncia que en el moment en qu\u00e8 van ser escrits. \u00c9s el cas del tema que recuperem avui. Fa un any, public\u00e0vem un magazine monogr\u00e0fic que analitzava des de la perspectiva de la cultura, la situaci\u00f3 a Catalunya i la seva tibant relaci\u00f3 pol\u00edtica amb Espanya. Fa un any era un tema rellevant, per\u00f2 en els \u00faltims mesos i, especialment els \u00faltims dies s\u2019ha convertit en m\u00e0xima actualitat. Aquesta setmana se celebrava el refer\u00e8ndum a Esc\u00f2cia, un mirall en el qual Catalunya s&#8217;ha mirat durant les \u00faltimes setmanes. Ha guanyat el NO i segueixen les reflexions sobre la possibilitat d\u2019autodeterminaci\u00f3, sobre com es configura la identitat de les nacions o com es defineixen les identitats de\/ i a Europa actualment, o sobre fins a on arriba el poder de l&#8217;economia.<\/p>\n<p>Fa un any ens aprop\u00e0vem al tema i deman\u00e0vem l&#8217;opini\u00f3 d&#8217;autors que podien aportar punts de vista cr\u00edtics i in\u00e8dits. Entre altres, Oriol Fontdevila, Mart\u00ed Manen, Joan M. Minguet Batllori, Peio Aguirre, Juan Canela, Eloy Fern\u00e1ndez Porta i Mart\u00ed Peran. Com sempre, el nostre posicionament ve marcat per l&#8217;art, no podia ser d&#8217;una altra manera. Aquesta setmana us convidem a rellegir <a href=\"http:\/\/a-desk.org\/ca\/magazine\/banderes-i-caca\/\">Com explicar Catalunya a una llebre morta?<\/a><\/p>\n","protected":false},"excerpt":{"rendered":"<p>De vegades t\u00e9 sentit revisar els arxius i recuperar articles, perqu\u00e8 la dist\u00e0ncia temporal permet noves lectures o perqu\u00e8 els temes tractats continuen tenint tanta o m\u00e9s rellev\u00e0ncia que en&#8230;<\/p>\n","protected":false},"author":1241,"featured_media":8979,"comment_status":"open","ping_status":"open","sticky":false,"template":"","format":"standard","meta":{"_relevanssi_hide_post":"","_relevanssi_hide_content":"","_relevanssi_pin_for_all":"","_relevanssi_pin_keywords":"","_relevanssi_unpin_keywords":"","_relevanssi_related_keywords":"","_relevanssi_related_include_ids":"","_relevanssi_related_exclude_ids":"","_relevanssi_related_no_append":"","_relevanssi_related_not_related":"","_relevanssi_related_posts":"","_relevanssi_noindex_reason":"","footnotes":""},"categories":[6782],"tags":[],"coauthors":[],"acf":[],"yoast_head":"<!-- This site is optimized with the Yoast SEO plugin v22.6 - https:\/\/yoast.com\/wordpress\/plugins\/seo\/ -->\n<title>Arxiu: &quot;Com explicar Catalunya...&quot; &#8211; A*Desk<\/title>\n<meta name=\"robots\" content=\"index, follow, max-snippet:-1, max-image-preview:large, max-video-preview:-1\" \/>\n<link rel=\"canonical\" href=\"https:\/\/a-desk.org\/ca\/magazine\/revisitant-com-explicar-catalunya\/\" \/>\n<meta property=\"og:locale\" content=\"ca_ES\" \/>\n<meta property=\"og:type\" content=\"article\" \/>\n<meta property=\"og:title\" content=\"Arxiu: &quot;Com explicar Catalunya...&quot; &#8211; A*Desk\" \/>\n<meta property=\"og:description\" content=\"De vegades t\u00e9 sentit revisar els arxius i recuperar articles, perqu\u00e8 la dist\u00e0ncia temporal permet noves lectures o perqu\u00e8 els temes tractats continuen tenint tanta o m\u00e9s rellev\u00e0ncia que en...\" \/>\n<meta property=\"og:url\" content=\"https:\/\/a-desk.org\/ca\/magazine\/revisitant-com-explicar-catalunya\/\" \/>\n<meta property=\"og:site_name\" content=\"A*Desk\" \/>\n<meta property=\"article:published_time\" content=\"2014-09-22T02:00:00+00:00\" \/>\n<meta property=\"article:modified_time\" content=\"2023-07-10T10:32:13+00:00\" \/>\n<meta property=\"og:image\" content=\"http:\/\/a-desk.org\/wp-content\/uploads\/2014\/09\/rubon242-2.jpg\" \/>\n\t<meta property=\"og:image:width\" content=\"670\" \/>\n\t<meta property=\"og:image:height\" content=\"511\" \/>\n\t<meta property=\"og:image:type\" content=\"image\/jpeg\" \/>\n<meta name=\"author\" content=\"A*DESK\" \/>\n<meta name=\"twitter:card\" content=\"summary_large_image\" \/>\n<meta name=\"twitter:label1\" content=\"Escrit per\" \/>\n\t<meta name=\"twitter:data1\" content=\"A*DESK\" \/>\n\t<meta name=\"twitter:label2\" content=\"Temps estimat de lectura\" \/>\n\t<meta name=\"twitter:data2\" content=\"1 minut\" \/>\n\t<meta name=\"twitter:label3\" content=\"Written by\" \/>\n\t<meta name=\"twitter:data3\" content=\"A*DESK\" \/>\n<script type=\"application\/ld+json\" class=\"yoast-schema-graph\">{\"@context\":\"https:\/\/schema.org\",\"@graph\":[{\"@type\":\"WebPage\",\"@id\":\"https:\/\/a-desk.org\/ca\/magazine\/revisitant-com-explicar-catalunya\/\",\"url\":\"https:\/\/a-desk.org\/ca\/magazine\/revisitant-com-explicar-catalunya\/\",\"name\":\"Arxiu: \\\"Com explicar Catalunya...\\\" &#8211; A*Desk\",\"isPartOf\":{\"@id\":\"https:\/\/a-desk.org\/#website\"},\"primaryImageOfPage\":{\"@id\":\"https:\/\/a-desk.org\/ca\/magazine\/revisitant-com-explicar-catalunya\/#primaryimage\"},\"image\":{\"@id\":\"https:\/\/a-desk.org\/ca\/magazine\/revisitant-com-explicar-catalunya\/#primaryimage\"},\"thumbnailUrl\":\"https:\/\/a-desk.org\/wp-content\/uploads\/2014\/09\/rubon242-2.jpg\",\"datePublished\":\"2014-09-22T02:00:00+00:00\",\"dateModified\":\"2023-07-10T10:32:13+00:00\",\"author\":{\"@id\":\"https:\/\/a-desk.org\/#\/schema\/person\/e32f2cc33a81d4e3e29207cb91b1c058\"},\"breadcrumb\":{\"@id\":\"https:\/\/a-desk.org\/ca\/magazine\/revisitant-com-explicar-catalunya\/#breadcrumb\"},\"inLanguage\":\"ca\",\"potentialAction\":[{\"@type\":\"ReadAction\",\"target\":[\"https:\/\/a-desk.org\/ca\/magazine\/revisitant-com-explicar-catalunya\/\"]}]},{\"@type\":\"ImageObject\",\"inLanguage\":\"ca\",\"@id\":\"https:\/\/a-desk.org\/ca\/magazine\/revisitant-com-explicar-catalunya\/#primaryimage\",\"url\":\"https:\/\/a-desk.org\/wp-content\/uploads\/2014\/09\/rubon242-2.jpg\",\"contentUrl\":\"https:\/\/a-desk.org\/wp-content\/uploads\/2014\/09\/rubon242-2.jpg\",\"width\":670,\"height\":511,\"caption\":\"rubon242-2.jpg\"},{\"@type\":\"BreadcrumbList\",\"@id\":\"https:\/\/a-desk.org\/ca\/magazine\/revisitant-com-explicar-catalunya\/#breadcrumb\",\"itemListElement\":[{\"@type\":\"ListItem\",\"position\":1,\"name\":\"Portada\",\"item\":\"https:\/\/a-desk.org\/ca\/\"},{\"@type\":\"ListItem\",\"position\":2,\"name\":\"Arxiu: &#8220;Com explicar Catalunya&#8230;&#8221;\"}]},{\"@type\":\"WebSite\",\"@id\":\"https:\/\/a-desk.org\/#website\",\"url\":\"https:\/\/a-desk.org\/\",\"name\":\"A*Desk\",\"description\":\"A*Desk Critical Thinking\",\"potentialAction\":[{\"@type\":\"SearchAction\",\"target\":{\"@type\":\"EntryPoint\",\"urlTemplate\":\"https:\/\/a-desk.org\/?s={search_term_string}\"},\"query-input\":\"required name=search_term_string\"}],\"inLanguage\":\"ca\"},{\"@type\":\"Person\",\"@id\":\"https:\/\/a-desk.org\/#\/schema\/person\/e32f2cc33a81d4e3e29207cb91b1c058\",\"name\":\"A*DESK\",\"image\":{\"@type\":\"ImageObject\",\"inLanguage\":\"ca\",\"@id\":\"https:\/\/a-desk.org\/#\/schema\/person\/image\/10ff463f7c1b7bf67a9b0c7cb7d009a0\",\"url\":\"https:\/\/secure.gravatar.com\/avatar\/512021342347efd46b63b4246a323676?s=96&d=mm&r=g\",\"contentUrl\":\"https:\/\/secure.gravatar.com\/avatar\/512021342347efd46b63b4246a323676?s=96&d=mm&r=g\",\"caption\":\"A*DESK\"},\"url\":\"https:\/\/a-desk.org\/ca\/autor\/audeske\/\"}]}<\/script>\n<!-- \/ Yoast SEO plugin. -->","yoast_head_json":{"title":"Arxiu: \"Com explicar Catalunya...\" &#8211; A*Desk","robots":{"index":"index","follow":"follow","max-snippet":"max-snippet:-1","max-image-preview":"max-image-preview:large","max-video-preview":"max-video-preview:-1"},"canonical":"https:\/\/a-desk.org\/ca\/magazine\/revisitant-com-explicar-catalunya\/","og_locale":"ca_ES","og_type":"article","og_title":"Arxiu: \"Com explicar Catalunya...\" &#8211; A*Desk","og_description":"De vegades t\u00e9 sentit revisar els arxius i recuperar articles, perqu\u00e8 la dist\u00e0ncia temporal permet noves lectures o perqu\u00e8 els temes tractats continuen tenint tanta o m\u00e9s rellev\u00e0ncia que en...","og_url":"https:\/\/a-desk.org\/ca\/magazine\/revisitant-com-explicar-catalunya\/","og_site_name":"A*Desk","article_published_time":"2014-09-22T02:00:00+00:00","article_modified_time":"2023-07-10T10:32:13+00:00","og_image":[{"width":670,"height":511,"url":"http:\/\/a-desk.org\/wp-content\/uploads\/2014\/09\/rubon242-2.jpg","type":"image\/jpeg"}],"author":"A*DESK","twitter_card":"summary_large_image","twitter_misc":{"Escrit per":"A*DESK","Temps estimat de lectura":"1 minut","Written by":"A*DESK"},"schema":{"@context":"https:\/\/schema.org","@graph":[{"@type":"WebPage","@id":"https:\/\/a-desk.org\/ca\/magazine\/revisitant-com-explicar-catalunya\/","url":"https:\/\/a-desk.org\/ca\/magazine\/revisitant-com-explicar-catalunya\/","name":"Arxiu: \"Com explicar Catalunya...\" &#8211; A*Desk","isPartOf":{"@id":"https:\/\/a-desk.org\/#website"},"primaryImageOfPage":{"@id":"https:\/\/a-desk.org\/ca\/magazine\/revisitant-com-explicar-catalunya\/#primaryimage"},"image":{"@id":"https:\/\/a-desk.org\/ca\/magazine\/revisitant-com-explicar-catalunya\/#primaryimage"},"thumbnailUrl":"https:\/\/a-desk.org\/wp-content\/uploads\/2014\/09\/rubon242-2.jpg","datePublished":"2014-09-22T02:00:00+00:00","dateModified":"2023-07-10T10:32:13+00:00","author":{"@id":"https:\/\/a-desk.org\/#\/schema\/person\/e32f2cc33a81d4e3e29207cb91b1c058"},"breadcrumb":{"@id":"https:\/\/a-desk.org\/ca\/magazine\/revisitant-com-explicar-catalunya\/#breadcrumb"},"inLanguage":"ca","potentialAction":[{"@type":"ReadAction","target":["https:\/\/a-desk.org\/ca\/magazine\/revisitant-com-explicar-catalunya\/"]}]},{"@type":"ImageObject","inLanguage":"ca","@id":"https:\/\/a-desk.org\/ca\/magazine\/revisitant-com-explicar-catalunya\/#primaryimage","url":"https:\/\/a-desk.org\/wp-content\/uploads\/2014\/09\/rubon242-2.jpg","contentUrl":"https:\/\/a-desk.org\/wp-content\/uploads\/2014\/09\/rubon242-2.jpg","width":670,"height":511,"caption":"rubon242-2.jpg"},{"@type":"BreadcrumbList","@id":"https:\/\/a-desk.org\/ca\/magazine\/revisitant-com-explicar-catalunya\/#breadcrumb","itemListElement":[{"@type":"ListItem","position":1,"name":"Portada","item":"https:\/\/a-desk.org\/ca\/"},{"@type":"ListItem","position":2,"name":"Arxiu: &#8220;Com explicar Catalunya&#8230;&#8221;"}]},{"@type":"WebSite","@id":"https:\/\/a-desk.org\/#website","url":"https:\/\/a-desk.org\/","name":"A*Desk","description":"A*Desk Critical Thinking","potentialAction":[{"@type":"SearchAction","target":{"@type":"EntryPoint","urlTemplate":"https:\/\/a-desk.org\/?s={search_term_string}"},"query-input":"required name=search_term_string"}],"inLanguage":"ca"},{"@type":"Person","@id":"https:\/\/a-desk.org\/#\/schema\/person\/e32f2cc33a81d4e3e29207cb91b1c058","name":"A*DESK","image":{"@type":"ImageObject","inLanguage":"ca","@id":"https:\/\/a-desk.org\/#\/schema\/person\/image\/10ff463f7c1b7bf67a9b0c7cb7d009a0","url":"https:\/\/secure.gravatar.com\/avatar\/512021342347efd46b63b4246a323676?s=96&d=mm&r=g","contentUrl":"https:\/\/secure.gravatar.com\/avatar\/512021342347efd46b63b4246a323676?s=96&d=mm&r=g","caption":"A*DESK"},"url":"https:\/\/a-desk.org\/ca\/autor\/audeske\/"}]}},"_links":{"self":[{"href":"https:\/\/a-desk.org\/ca\/wp-json\/wp\/v2\/posts\/8981"}],"collection":[{"href":"https:\/\/a-desk.org\/ca\/wp-json\/wp\/v2\/posts"}],"about":[{"href":"https:\/\/a-desk.org\/ca\/wp-json\/wp\/v2\/types\/post"}],"author":[{"embeddable":true,"href":"https:\/\/a-desk.org\/ca\/wp-json\/wp\/v2\/users\/1241"}],"replies":[{"embeddable":true,"href":"https:\/\/a-desk.org\/ca\/wp-json\/wp\/v2\/comments?post=8981"}],"version-history":[{"count":1,"href":"https:\/\/a-desk.org\/ca\/wp-json\/wp\/v2\/posts\/8981\/revisions"}],"predecessor-version":[{"id":22731,"href":"https:\/\/a-desk.org\/ca\/wp-json\/wp\/v2\/posts\/8981\/revisions\/22731"}],"wp:featuredmedia":[{"embeddable":true,"href":"https:\/\/a-desk.org\/ca\/wp-json\/wp\/v2\/media\/8979"}],"wp:attachment":[{"href":"https:\/\/a-desk.org\/ca\/wp-json\/wp\/v2\/media?parent=8981"}],"wp:term":[{"taxonomy":"category","embeddable":true,"href":"https:\/\/a-desk.org\/ca\/wp-json\/wp\/v2\/categories?post=8981"},{"taxonomy":"post_tag","embeddable":true,"href":"https:\/\/a-desk.org\/ca\/wp-json\/wp\/v2\/tags?post=8981"},{"taxonomy":"author","embeddable":true,"href":"https:\/\/a-desk.org\/ca\/wp-json\/wp\/v2\/coauthors?post=8981"}],"curies":[{"name":"wp","href":"https:\/\/api.w.org\/{rel}","templated":true}]}}