{"id":9001,"date":"2014-09-08T02:00:00","date_gmt":"2014-09-08T02:00:00","guid":{"rendered":"http:\/\/a-desk.org\/2014\/09\/08\/la-inquietut-discordant-i-ludica\/"},"modified":"2014-09-08T02:00:00","modified_gmt":"2014-09-08T02:00:00","slug":"la-inquietut-discordant-i-ludica","status":"publish","type":"post","link":"https:\/\/a-desk.org\/ca\/magazine\/la-inquietut-discordant-i-ludica\/","title":{"rendered":"L&#8217;inquietud discordant i l\u00fadica: Ajoblanco revisitat"},"content":{"rendered":"<p><img decoding=\"async\" class=\" alignleft size-full wp-image-8975\" src=\"http:\/\/a-desk.org\/wp-content\/uploads\/2014\/09\/ajoblanco.jpg\" alt=\"ajoblanco.jpg\" align=\"left\" width=\"670\" height=\"339\" srcset=\"https:\/\/a-desk.org\/wp-content\/uploads\/2014\/09\/ajoblanco.jpg 670w, https:\/\/a-desk.org\/wp-content\/uploads\/2014\/09\/ajoblanco-595x301.jpg 595w\" sizes=\"(max-width: 670px) 100vw, 670px\" \/><br \/>\nAra que ens trobem en una societat en qu\u00e8 l&#8217;esfera l\u00edquida ens aboca a fer-ho tot mal\u00b7leable i promptament caduc -fent de la c\u00f2pia i l&#8217;apropiaci\u00f3 el motor principal de la creaci\u00f3 i de la singularitat- sembla que necessitem recordar que hi va haver un temps anterior en qu\u00e8 la cr\u00edtica auda\u00e7 davant del que es produ\u00efa posse\u00efa l&#8217;objectiu com\u00fa d&#8217;arribar a una veritat que possibilit\u00e9s un m\u00f3n millor. Una \u00e8poca en la qual la negativitat imposava una autenticitat i innovaci\u00f3 constant; ara l&#8217;originalitat ja \u00e9s no \u00e9s una condici\u00f3 <em>sine qua non<\/em> per a produir. No pretenc fer una exercici de nost\u00e0lgia, no hi ha res m\u00e9s in\u00fatil que la nost\u00e0lgia, aquesta forma de record pel que tot temps passat va ser millor. Potser va ser millor, o potser no, per\u00f2 recordar-se\u2019n no serveix de gaireb\u00e9 res, o donat el cas per a, en comparar, poder comprendre amb una mica m\u00e9s de claredat el present que ens circumda, en el qual el posat supera al contingut. <\/p>\n<p>Ajoblanco va apar\u00e8ixer en un temps en qu\u00e8 el desencant propi de la postmodernitat encara no havia sorgit a la societat espanyola, esperonada en aquella \u00e8poca per un al\u00e8 d&#8217;optimisme sorgit de l&#8217;imminent final de la dictadura franquista. Com indica el t\u00edtol de la mostra -&#8220;<a href=\"http:\/\/www.condeduquemadrid.es\/evento\/ajoblanco\/\">Ajoblanco. Ruptura, contestaci\u00f3n y vitalismo<\/a>&#8220;, al Centro Conde Duque Madrid- la revista emblem\u00e0tica de les raneres del franquisme primer, i del segle XX despr\u00e9s, es proposava que, de la mateixa manera que ho feien els seus components, els seus lectors visqu\u00e9ssim intensament la cultura des d&#8217;un posicionament obert i a la contra de la corrent general, o del que ara anomenem amb l&#8217;anglicisme \u00abmainstream\u00bb. <\/p>\n<p>L&#8217;exposici\u00f3 recorre tem\u00e0ticament la traject\u00f2ria de la publicaci\u00f3, 180 n\u00fameros i 30 especials que es distribueixen en les seves dues \u00e8poques: de 1974 a 1980 i de 1987 a 1999. Ambdues es divideixen en diversos \u00e0mbits tem\u00e0tics, diferents en un i altre per\u00edode. A la &#8220;primera Ajoblanco&#8221; es troben: 1 &#8211; <em>Editos<\/em> (els editorials d\u2019Ajoblanco); 2 &#8211; Manifestos; 3 &#8211; Teatre, m\u00fasica, festes populars i carnestoltes; 4 &#8211; <em>Cloaca. Infociudades<\/em> (caixa de resson\u00e0ncia sobre el que succe\u00efa fora de la realitat oficial); 5 &#8211; <em>Llamadas y colectivos<\/em>; 6 &#8211; Personatges (fil\u00f2sofs, artistes, m\u00fasics o cineastes, ciutadans del carrer); 7 &#8211; Conflictes i tensions de car\u00e0cter contestatari; 8 &#8211; <em>Geografia ajoblanquera &#8220;Ir a las provincias<\/em>&#8220;; 9 &#8211; Visions del m\u00f3n (dossiers tem\u00e0tics); i 10 &#8211; Cultura llibert\u00e0ria. En aquesta secci\u00f3 museogr\u00e0fica veiem una Ajoblanco que \u00e9s acci\u00f3 de l&#8217;experimentaci\u00f3, una posici\u00f3 m\u00e9s carnal, que s\u2019amara com una esponja de les corrents que es mouen al voltant de les fronteres per injectar-les en una societat de balbucejos democr\u00e0tics. Es tracta d&#8217;arribar a l&#8217;intel\u00b7lectual a trav\u00e9s d&#8217;un proc\u00e9s d&#8217;\u00edndole sensorial, que converteix la publicaci\u00f3 en una mena d&#8217;epiteli de la vida cultural de l&#8217;\u00e8poca. <\/p>\n<p>Uns anys m\u00e9s tard, la &#8220;segona Ajoblanco&#8221; ha crescut, evolucionat, s&#8217;ha fet professional. Adquireix una perspectiva period\u00edstica que oblida el col\u00b7lectiu per centrar-se en all\u00f2 individual, influ\u00efda per la p\u00e8rdua d&#8217;innoc\u00e8ncia d&#8217;una democr\u00e0cia en la qual comencen a sortir a la llum els primers casos de corrupci\u00f3 pol\u00edtica. Els \u00e0mbits tem\u00e0tics sota el paraigua en el qu\u00e8 es presenta aquesta segona \u00e8poca desemboquen en: 1 &#8211; Cosm\u00f2polis (an\u00e0lisi de la ciutat contempor\u00e0nia); 2 &#8211; Observatori de les idees (reportatges monogr\u00e0fics i d&#8217;investigaci\u00f3, derivat dels dossiers de la primera \u00e8poca); 3 &#8211; L&#8217;art; 4 &#8211; Conversar \u00e9s div\u00ed (l&#8217;entrevista d\u2019Ajoblanco); 5 &#8211; Madrid versus Barcelona; 6 &#8211; <em>Tout est politique<\/em> (l&#8217;efecte de la corrupci\u00f3 a la societat i la pol\u00edtica espanyola); 7 &#8211; Mons sonors (la rellev\u00e0ncia de la m\u00fasica); 8 &#8211; Els escriptors d\u2019Ajoblanco; 9 &#8211; \u00c0gores (debats tem\u00e0tics amb interlocutors especialitzats). Com es constata, la revista mai deixa de ser bel\u00b7ligerant amb l\u2019establert i no contestat, per\u00f2 el somni de la culminaci\u00f3 d&#8217;una societat sota els valors llibertaris sembla quedar cada vegada m\u00e9s dins del limbe ut\u00f2pic. L&#8217;acci\u00f3 de la provocaci\u00f3 ha donat pas a una acci\u00f3 de tall anal\u00edtic. <\/p>\n<p>Les dues \u00e8poques completen l&#8217;esdevenir d&#8217;una revista que va ser m\u00e9s que una publicaci\u00f3 peri\u00f2dica i que va comen\u00e7ar a gestar-se al gener de 1973. Uns van tenir l&#8217;oportunitat de con\u00e8ixer-la des dels seus comen\u00e7aments; d\u2019altres, com \u00e9s el meu cas, \u00fanicament arribem a la segona \u00e8poca. D&#8217;aquesta manera, quan aquesta exposici\u00f3 convida a q\u00fcestionar &#8220;qu\u00e8 perviu avui de l&#8217;esperit <em>ajoblanquero<\/em> i, sobretot, com ho podem rescatar?&#8221;, descobrim que la pregunta, com no pot ser d&#8217;una altra manera, incomoda. I ho fa per dues raons: una, perqu\u00e8 \u00e9s fidel al seu esperit contestatari; i dos, perqu\u00e8 ens obliga a fer una mirada cr\u00edtica cap enrere, que rebota en el nostre present. Aquesta mostra de i sobre Ajoblanco s&#8217;estructura sobre una concepci\u00f3 que franqueja la hist\u00f2ria de sobres coneguda de la revista. Reuneix el passat amb l&#8217;actual i fa que ens n\u2019adonem de quan substancial \u00e9s veure\u2019s al mirall anterior. Amb m\u00e9s ra\u00f3, si \u00e9s possible, en aquesta \u00e8poca en la qual una mem\u00f2ria virtual transforma la nostra relaci\u00f3 amb les coses immaterials. <\/p>\n<p>Les dues etapes en qu\u00e8 es va desenvolupar Ajoblanco responien a un temps en qu\u00e8 es podia ser un impostor per\u00f2 no un mentider. Avui dia, per\u00f2, s&#8217;ha perdut l&#8217;aura que dotava a la figura del primer d&#8217;una perspic\u00e0cia que ens feia avan\u00e7ar a trav\u00e9s de l&#8217;esdeveniment comunicatiu que representaven publicacions com aquesta i tot un compendi de desacomplexades motivacions que portaven a l&#8217;acci\u00f3 cultural a general. Potser, per aix\u00f2, \u00e9s realment necessari aquest retorn. Es necessita un text que dirigeixi, com exposen Beaugrande i Dressler[[Beaugrande, Robert-Alain de, i Dressler, Wolfgang Ulrich, (1997) <em>Introducci\u00f3 a la ling\u00fc\u00edstica del text<\/em>. Barcelona: Ariel. (p. 9)]], l&#8217;\u00abactivitat interpretativa dels usuaris mitjan\u00e7ant cert nivell d&#8217;entropia\u00bb i des de, jo apuntaria, un espai constitu\u00eft d&#8217;excepcions subsumint el passat. D&#8217;aquesta manera es podria considerar aquest homenatge com una actualitzaci\u00f3 d\u2019Ajoblanco oberta a mal-interpretacions creatives que ens converteixi, en contra de l&#8217;opini\u00f3 de Harold Bloom, qui a <em>El c\u00e0non occidental<\/em> (2009), postula que la creaci\u00f3 no \u00e9s una realitat social en millors ciutadans previnguts de les idees preconcebudes que tenim sobre nosaltres mateixos i que ens impedeixen -com apunta Philip Zimbardo en el seu llibre <em>l&#8217;efecte Llucifer<\/em> (2008)- veure les similituds amb els altres. <\/p>\n<p><iframe loading=\"lazy\" width=\"670\" height=\"377\" src=\"\/\/www.youtube.com\/embed\/c-pxeBICY-U\" frameborder=\"0\" allowfullscreen><\/iframe><\/p>\n","protected":false},"excerpt":{"rendered":"<p>Ara que ens trobem en una societat en qu\u00e8 l&#8217;esfera l\u00edquida ens aboca a fer-ho tot mal\u00b7leable i promptament caduc -fent de la c\u00f2pia i l&#8217;apropiaci\u00f3 el motor principal de&#8230;<\/p>\n","protected":false},"author":1284,"featured_media":8975,"comment_status":"open","ping_status":"open","sticky":false,"template":"","format":"standard","meta":{"_relevanssi_hide_post":"","_relevanssi_hide_content":"","_relevanssi_pin_for_all":"","_relevanssi_pin_keywords":"","_relevanssi_unpin_keywords":"","_relevanssi_related_keywords":"","_relevanssi_related_include_ids":"","_relevanssi_related_exclude_ids":"","_relevanssi_related_no_append":"","_relevanssi_related_not_related":"","_relevanssi_related_posts":"","_relevanssi_noindex_reason":"","footnotes":""},"categories":[6782],"tags":[],"coauthors":[],"acf":[],"yoast_head":"<!-- This site is optimized with the Yoast SEO plugin v22.6 - https:\/\/yoast.com\/wordpress\/plugins\/seo\/ -->\n<title>L&#039;inquietud discordant i l\u00fadica: Ajoblanco revisitat &#8211; A*Desk<\/title>\n<meta name=\"robots\" content=\"index, follow, max-snippet:-1, max-image-preview:large, max-video-preview:-1\" \/>\n<link rel=\"canonical\" href=\"https:\/\/a-desk.org\/ca\/magazine\/la-inquietut-discordant-i-ludica\/\" \/>\n<meta property=\"og:locale\" content=\"ca_ES\" \/>\n<meta property=\"og:type\" content=\"article\" \/>\n<meta property=\"og:title\" content=\"L&#039;inquietud discordant i l\u00fadica: Ajoblanco revisitat &#8211; A*Desk\" \/>\n<meta property=\"og:description\" content=\"Ara que ens trobem en una societat en qu\u00e8 l&#8217;esfera l\u00edquida ens aboca a fer-ho tot mal\u00b7leable i promptament caduc -fent de la c\u00f2pia i l&#8217;apropiaci\u00f3 el motor principal de...\" \/>\n<meta property=\"og:url\" content=\"https:\/\/a-desk.org\/ca\/magazine\/la-inquietut-discordant-i-ludica\/\" \/>\n<meta property=\"og:site_name\" content=\"A*Desk\" \/>\n<meta property=\"article:published_time\" content=\"2014-09-08T02:00:00+00:00\" \/>\n<meta property=\"og:image\" content=\"https:\/\/a-desk.org\/wp-content\/uploads\/2014\/09\/ajoblanco.jpg\" \/>\n\t<meta property=\"og:image:width\" content=\"670\" \/>\n\t<meta property=\"og:image:height\" content=\"339\" \/>\n\t<meta property=\"og:image:type\" content=\"image\/jpeg\" \/>\n<meta name=\"author\" content=\"Susana G. Romanos\" \/>\n<meta name=\"twitter:card\" content=\"summary_large_image\" \/>\n<meta name=\"twitter:label1\" content=\"Escrit per\" \/>\n\t<meta name=\"twitter:data1\" content=\"Susana G. Romanos\" \/>\n\t<meta name=\"twitter:label2\" content=\"Temps estimat de lectura\" \/>\n\t<meta name=\"twitter:data2\" content=\"5 minuts\" \/>\n\t<meta name=\"twitter:label3\" content=\"Written by\" \/>\n\t<meta name=\"twitter:data3\" content=\"Susana G. Romanos\" \/>\n<script type=\"application\/ld+json\" class=\"yoast-schema-graph\">{\"@context\":\"https:\/\/schema.org\",\"@graph\":[{\"@type\":\"WebPage\",\"@id\":\"https:\/\/a-desk.org\/ca\/magazine\/la-inquietut-discordant-i-ludica\/\",\"url\":\"https:\/\/a-desk.org\/ca\/magazine\/la-inquietut-discordant-i-ludica\/\",\"name\":\"L'inquietud discordant i l\u00fadica: Ajoblanco revisitat &#8211; A*Desk\",\"isPartOf\":{\"@id\":\"https:\/\/a-desk.org\/#website\"},\"primaryImageOfPage\":{\"@id\":\"https:\/\/a-desk.org\/ca\/magazine\/la-inquietut-discordant-i-ludica\/#primaryimage\"},\"image\":{\"@id\":\"https:\/\/a-desk.org\/ca\/magazine\/la-inquietut-discordant-i-ludica\/#primaryimage\"},\"thumbnailUrl\":\"https:\/\/a-desk.org\/wp-content\/uploads\/2014\/09\/ajoblanco.jpg\",\"datePublished\":\"2014-09-08T02:00:00+00:00\",\"dateModified\":\"2014-09-08T02:00:00+00:00\",\"author\":{\"@id\":\"https:\/\/a-desk.org\/#\/schema\/person\/3ad5a412eb0505e958071fa928a61872\"},\"breadcrumb\":{\"@id\":\"https:\/\/a-desk.org\/ca\/magazine\/la-inquietut-discordant-i-ludica\/#breadcrumb\"},\"inLanguage\":\"ca\",\"potentialAction\":[{\"@type\":\"ReadAction\",\"target\":[\"https:\/\/a-desk.org\/ca\/magazine\/la-inquietut-discordant-i-ludica\/\"]}]},{\"@type\":\"ImageObject\",\"inLanguage\":\"ca\",\"@id\":\"https:\/\/a-desk.org\/ca\/magazine\/la-inquietut-discordant-i-ludica\/#primaryimage\",\"url\":\"https:\/\/a-desk.org\/wp-content\/uploads\/2014\/09\/ajoblanco.jpg\",\"contentUrl\":\"https:\/\/a-desk.org\/wp-content\/uploads\/2014\/09\/ajoblanco.jpg\",\"width\":670,\"height\":339,\"caption\":\"ajoblanco.jpg\"},{\"@type\":\"BreadcrumbList\",\"@id\":\"https:\/\/a-desk.org\/ca\/magazine\/la-inquietut-discordant-i-ludica\/#breadcrumb\",\"itemListElement\":[{\"@type\":\"ListItem\",\"position\":1,\"name\":\"Portada\",\"item\":\"https:\/\/a-desk.org\/ca\/\"},{\"@type\":\"ListItem\",\"position\":2,\"name\":\"L&#8217;inquietud discordant i l\u00fadica: Ajoblanco revisitat\"}]},{\"@type\":\"WebSite\",\"@id\":\"https:\/\/a-desk.org\/#website\",\"url\":\"https:\/\/a-desk.org\/\",\"name\":\"A*Desk\",\"description\":\"A*Desk Critical Thinking\",\"potentialAction\":[{\"@type\":\"SearchAction\",\"target\":{\"@type\":\"EntryPoint\",\"urlTemplate\":\"https:\/\/a-desk.org\/?s={search_term_string}\"},\"query-input\":\"required name=search_term_string\"}],\"inLanguage\":\"ca\"},{\"@type\":\"Person\",\"@id\":\"https:\/\/a-desk.org\/#\/schema\/person\/3ad5a412eb0505e958071fa928a61872\",\"name\":\"Susana G. Romanos\",\"image\":{\"@type\":\"ImageObject\",\"inLanguage\":\"ca\",\"@id\":\"https:\/\/a-desk.org\/#\/schema\/person\/image\/b1c31c782ad5d11278a87fdf27da015e\",\"url\":\"https:\/\/secure.gravatar.com\/avatar\/c18ca23911e4b8d6160118009a439e28?s=96&d=mm&r=g\",\"contentUrl\":\"https:\/\/secure.gravatar.com\/avatar\/c18ca23911e4b8d6160118009a439e28?s=96&d=mm&r=g\",\"caption\":\"Susana G. Romanos\"},\"url\":\"https:\/\/a-desk.org\/ca\/autor\/romanos\/\"}]}<\/script>\n<!-- \/ Yoast SEO plugin. -->","yoast_head_json":{"title":"L'inquietud discordant i l\u00fadica: Ajoblanco revisitat &#8211; A*Desk","robots":{"index":"index","follow":"follow","max-snippet":"max-snippet:-1","max-image-preview":"max-image-preview:large","max-video-preview":"max-video-preview:-1"},"canonical":"https:\/\/a-desk.org\/ca\/magazine\/la-inquietut-discordant-i-ludica\/","og_locale":"ca_ES","og_type":"article","og_title":"L'inquietud discordant i l\u00fadica: Ajoblanco revisitat &#8211; A*Desk","og_description":"Ara que ens trobem en una societat en qu\u00e8 l&#8217;esfera l\u00edquida ens aboca a fer-ho tot mal\u00b7leable i promptament caduc -fent de la c\u00f2pia i l&#8217;apropiaci\u00f3 el motor principal de...","og_url":"https:\/\/a-desk.org\/ca\/magazine\/la-inquietut-discordant-i-ludica\/","og_site_name":"A*Desk","article_published_time":"2014-09-08T02:00:00+00:00","og_image":[{"width":670,"height":339,"url":"https:\/\/a-desk.org\/wp-content\/uploads\/2014\/09\/ajoblanco.jpg","type":"image\/jpeg"}],"author":"Susana G. Romanos","twitter_card":"summary_large_image","twitter_misc":{"Escrit per":"Susana G. Romanos","Temps estimat de lectura":"5 minuts","Written by":"Susana G. Romanos"},"schema":{"@context":"https:\/\/schema.org","@graph":[{"@type":"WebPage","@id":"https:\/\/a-desk.org\/ca\/magazine\/la-inquietut-discordant-i-ludica\/","url":"https:\/\/a-desk.org\/ca\/magazine\/la-inquietut-discordant-i-ludica\/","name":"L'inquietud discordant i l\u00fadica: Ajoblanco revisitat &#8211; A*Desk","isPartOf":{"@id":"https:\/\/a-desk.org\/#website"},"primaryImageOfPage":{"@id":"https:\/\/a-desk.org\/ca\/magazine\/la-inquietut-discordant-i-ludica\/#primaryimage"},"image":{"@id":"https:\/\/a-desk.org\/ca\/magazine\/la-inquietut-discordant-i-ludica\/#primaryimage"},"thumbnailUrl":"https:\/\/a-desk.org\/wp-content\/uploads\/2014\/09\/ajoblanco.jpg","datePublished":"2014-09-08T02:00:00+00:00","dateModified":"2014-09-08T02:00:00+00:00","author":{"@id":"https:\/\/a-desk.org\/#\/schema\/person\/3ad5a412eb0505e958071fa928a61872"},"breadcrumb":{"@id":"https:\/\/a-desk.org\/ca\/magazine\/la-inquietut-discordant-i-ludica\/#breadcrumb"},"inLanguage":"ca","potentialAction":[{"@type":"ReadAction","target":["https:\/\/a-desk.org\/ca\/magazine\/la-inquietut-discordant-i-ludica\/"]}]},{"@type":"ImageObject","inLanguage":"ca","@id":"https:\/\/a-desk.org\/ca\/magazine\/la-inquietut-discordant-i-ludica\/#primaryimage","url":"https:\/\/a-desk.org\/wp-content\/uploads\/2014\/09\/ajoblanco.jpg","contentUrl":"https:\/\/a-desk.org\/wp-content\/uploads\/2014\/09\/ajoblanco.jpg","width":670,"height":339,"caption":"ajoblanco.jpg"},{"@type":"BreadcrumbList","@id":"https:\/\/a-desk.org\/ca\/magazine\/la-inquietut-discordant-i-ludica\/#breadcrumb","itemListElement":[{"@type":"ListItem","position":1,"name":"Portada","item":"https:\/\/a-desk.org\/ca\/"},{"@type":"ListItem","position":2,"name":"L&#8217;inquietud discordant i l\u00fadica: Ajoblanco revisitat"}]},{"@type":"WebSite","@id":"https:\/\/a-desk.org\/#website","url":"https:\/\/a-desk.org\/","name":"A*Desk","description":"A*Desk Critical Thinking","potentialAction":[{"@type":"SearchAction","target":{"@type":"EntryPoint","urlTemplate":"https:\/\/a-desk.org\/?s={search_term_string}"},"query-input":"required name=search_term_string"}],"inLanguage":"ca"},{"@type":"Person","@id":"https:\/\/a-desk.org\/#\/schema\/person\/3ad5a412eb0505e958071fa928a61872","name":"Susana G. Romanos","image":{"@type":"ImageObject","inLanguage":"ca","@id":"https:\/\/a-desk.org\/#\/schema\/person\/image\/b1c31c782ad5d11278a87fdf27da015e","url":"https:\/\/secure.gravatar.com\/avatar\/c18ca23911e4b8d6160118009a439e28?s=96&d=mm&r=g","contentUrl":"https:\/\/secure.gravatar.com\/avatar\/c18ca23911e4b8d6160118009a439e28?s=96&d=mm&r=g","caption":"Susana G. Romanos"},"url":"https:\/\/a-desk.org\/ca\/autor\/romanos\/"}]}},"_links":{"self":[{"href":"https:\/\/a-desk.org\/ca\/wp-json\/wp\/v2\/posts\/9001"}],"collection":[{"href":"https:\/\/a-desk.org\/ca\/wp-json\/wp\/v2\/posts"}],"about":[{"href":"https:\/\/a-desk.org\/ca\/wp-json\/wp\/v2\/types\/post"}],"author":[{"embeddable":true,"href":"https:\/\/a-desk.org\/ca\/wp-json\/wp\/v2\/users\/1284"}],"replies":[{"embeddable":true,"href":"https:\/\/a-desk.org\/ca\/wp-json\/wp\/v2\/comments?post=9001"}],"version-history":[{"count":0,"href":"https:\/\/a-desk.org\/ca\/wp-json\/wp\/v2\/posts\/9001\/revisions"}],"wp:featuredmedia":[{"embeddable":true,"href":"https:\/\/a-desk.org\/ca\/wp-json\/wp\/v2\/media\/8975"}],"wp:attachment":[{"href":"https:\/\/a-desk.org\/ca\/wp-json\/wp\/v2\/media?parent=9001"}],"wp:term":[{"taxonomy":"category","embeddable":true,"href":"https:\/\/a-desk.org\/ca\/wp-json\/wp\/v2\/categories?post=9001"},{"taxonomy":"post_tag","embeddable":true,"href":"https:\/\/a-desk.org\/ca\/wp-json\/wp\/v2\/tags?post=9001"},{"taxonomy":"author","embeddable":true,"href":"https:\/\/a-desk.org\/ca\/wp-json\/wp\/v2\/coauthors?post=9001"}],"curies":[{"name":"wp","href":"https:\/\/api.w.org\/{rel}","templated":true}]}}