{"id":9129,"date":"2015-04-24T02:00:00","date_gmt":"2015-04-24T02:00:00","guid":{"rendered":"http:\/\/a-desk.org\/2015\/04\/24\/profecies-son-promeses-per-complir\/"},"modified":"2015-04-24T02:00:00","modified_gmt":"2015-04-24T02:00:00","slug":"profecies-son-promeses-per-complir","status":"publish","type":"post","link":"https:\/\/a-desk.org\/ca\/magazine\/profecies-son-promeses-per-complir\/","title":{"rendered":"Profecies s\u00f3n, promeses per complir"},"content":{"rendered":"<p><img decoding=\"async\" class=\" alignleft size-full wp-image-9123\" src=\"http:\/\/a-desk.org\/wp-content\/uploads\/2015\/04\/HanneloreVanDijck_Untitled.jpg\" alt=\"Hannelore Van Dijck, Untitled. 2014. Foto cedida por la Fundaci\u00c3\u00b3 Mir\u00c3\u00b3\" align=\"left\" width=\"670\" height=\"316\" srcset=\"https:\/\/a-desk.org\/wp-content\/uploads\/2015\/04\/HanneloreVanDijck_Untitled.jpg 670w, https:\/\/a-desk.org\/wp-content\/uploads\/2015\/04\/HanneloreVanDijck_Untitled-595x281.jpg 595w\" sizes=\"(max-width: 670px) 100vw, 670px\" \/><\/p>\n<p>Porto uns dies donant-li voltes al concepte de la decepci\u00f3. A l\u2019engr\u00f2s, res personal. Pot ser que l&#8217;error fonamental es troba en l\u2019esperar quelcom d&#8217;una promesa? Encara en aquests termes, certament depriments, potser la conseq\u00fc\u00e8ncia m\u00e9s probable d&#8217;una exig\u00e8ncia o expectaci\u00f3 pr\u00e8via sigui la decepci\u00f3. Perqu\u00e8 si b\u00e9 \u00e9s clar que demanar el que un mereix \u00e9s una cosa positiva i necess\u00e0ria, m\u00e9s encara ho \u00e9s (clar) que no sempre s&#8217;aconsegueix.<\/p>\n<p>El punt del que parteix Imma Prieto, comiss\u00e0ria de <a href=\"http:\/\/www.fundaciomiro-bcn.org\/exposicio.php?idioma=6&#038;exposicio=5763&#038;titulo=Prophetia\">Prophetia a la Fundaci\u00f3 Mir\u00f3<\/a>, Barcelona, es troba precisament en l\u2019an\u00e0lisi d&#8217;una promesa; en aquest contrast entre una idea primig\u00e8nia, original d&#8217;Europa -altament demandant, i rom\u00e0ntica, en els seus propis termes- i la realitat actual, en la qual, potser per la grandesa de l&#8217;expectaci\u00f3 que va arribar a contenir la idea d\u2019&#8221;Europa&#8221; (que abastava economia, geopol\u00edtica, etc.) nom\u00e9s ha portat a la consecuci\u00f3, estesa, de la decepci\u00f3. Una decepci\u00f3 que per falta d&#8217;eines (intel\u00b7lectuals i pol\u00edtiques), pot encara desembocar en frustraci\u00f3 i desmantellament.<\/p>\n<p><em>Prophetia<\/em> \u00e9s un projecte complex, compost per l&#8217;exposici\u00f3 que podem visitar a Montju\u00efc fins al 7 de juny (recomanable) i una publicaci\u00f3 que porta el mateix nom (encara m\u00e9s recomanable), que inclou textos de C\u00e9cile Bourne-Farrell, Olga Bryukhovetska, Jos\u00e9 Luis Coraz\u00f3n Ardura, Ingrid Guardiola, Srecko Horvat, Bojana Kunst i Piedad Solans. A m\u00e9s, compta tamb\u00e9 amb un programa d&#8217;activitats paral\u00b7leles amb les quals aprofundir i compartir les reflexions que Prophetia ofereix.<\/p>\n<p>Tant en l&#8217;exposici\u00f3 com en la publicaci\u00f3, el punt de partida de la comiss\u00e0ria \u00e9s la &#8220;constataci\u00f3 de la separaci\u00f3 o abisme existent entre una idea d&#8217;Europa, gaireb\u00e9 rom\u00e0ntica, lligada a una suposada identitat col\u00b7lectiva, i l&#8217;actual projecte pol\u00edtico-econ\u00f2mic que no ens permet parlar d&#8217;una Europa unida&#8221;. Per fer-ho, estructura l&#8217;alineaci\u00f3 de les narratives a partir de tres conceptes igualment determinants: &#8220;rapte, correspond\u00e8ncia i responsabilitat&#8221;. Aquestes tres idees emmarquen, al seu torn, l&#8217;abast potencial de <em>Prophetia<\/em>.<\/p>\n<p><em>Rapte<\/em> remet per una banda al sentit m\u00edtic original: el segrest d&#8217;una dona fen\u00edcia, Europa, per part d&#8217;un toro blanc, Zeus, qui la va portar per mar fins a Creta per violar-la. D&#8217;altra banda, es refereix la situaci\u00f3 de submissi\u00f3 a la qual els ciutadans europeus ens hem anat habituant. Interessant, en qualsevol cas, arrel etimol\u00f2gica que arrosseguem. Amb <em>correspond\u00e8ncia<\/em> entendrem, com b\u00e9 explica Bojana Kunst en el seu cap\u00edtol, &#8220;la paradoxal capacitat dels cossos d&#8217;organitzar-se lliurement&#8221; (Prophetia, p\u00e0gina 39), capa\u00e7os de realitzar les coreografies m\u00e9s dispars entre si. La <em>responsabilitat<\/em> indicaria la capacitat dels ciutadans de formar part, de prendre partit en els seus raptes quotidians, com a part d&#8217;una ciutadania que es correspon i respon. En un sentit semblant, Marina Garc\u00e9s apuntava en una recent <a href=\"https:\/\/www.diagonalperiodico.net\/culturas\/22160-no-nos-salvaremos-solos.html\">entrevista<\/a> publicada al Periodico Diagonal que tots estem ja &#8220;compromesos&#8221;: tenim una responsabilitat de base que hem d&#8217;assumir i identificar per dur a terme.<\/p>\n<p>Aix\u00ed que, arribats a aquest punt, preguntar-se per com pensar Europa, o des d&#8217;on fer-ho, \u00e9s indispensable per entendre els l\u00edmits de Prophetia. En aquest sentit, s\u00f3n moltes les promeses de partida que el ciutad\u00e0 europeu ha anat assimilant, potser equivocadament, des que Europa va deixar de ser \u00fanicament un continent, com a concepte, per passar a ser un conjunt subjectiu de nocions variables, que inclou sovint un c\u00f2ctel d&#8217;instituci\u00f3, pol\u00edtiques socioecon\u00f2miques, govern i en menor mesura, geopol\u00edtica i ciutadania.<\/p>\n<p>Precisament, \u00e9s des d&#8217;aquest punt de vista intern, fragmentari i subjectiu, des d&#8217;on es concep Europa a <em>Prophetia<\/em>, i \u00e9s aquesta orientaci\u00f3 la que compon en gran mesura, el seu encert. Parlem d&#8217;una exposici\u00f3 sobre Europa feta des d&#8217;Europa. Des d&#8217;una Europa del sud, perif\u00e8rica, empobrida, llastrada, decebuda.<\/p>\n<p>La hist\u00f2ria, el rapte, la frustraci\u00f3 de l&#8217;esdevenir des d&#8217;una promesa original entesa de forma equivocada, el reconeixement de la decepci\u00f3 o les ganes de fugida s\u00f3n mat\u00e8ria en les obres de Jimmie Durham, Anri Sala, N\u00faria G\u00fcell, Chus Garc\u00eda-Fraile, Bassanos, Nygard o la implacable <em>CEE<\/em> d&#8217;Antoni Muntadas, que recalca el veritable origen de la UE.<\/p>\n<p>La dislocaci\u00f3 actual, la perplexitat davant la deriva sociopol\u00edtica i econ\u00f2mica dels \u00faltims temps, la den\u00fancia, s\u00f3n el tema de les obres de Simoes i Simon, AK Dolven, Filipa C\u00e9sar, Pelayo Varela, Peter Schrank, Daniel G. And\u00fajar o Avelino Sala. Especialment encertada en mostrar aquest ensurt en el que ens trobem, posant de relleu aquesta manca d&#8217;orientaci\u00f3, \u00e9s l&#8217;obra sense t\u00edtol de Hannelore Van Dick, una clara al\u00b7lusi\u00f3 a la g\u00e8nesi de la uni\u00f3 (el carb\u00f3) que dialoga amb el negre de la crisi de valors de l&#8217;actualitat.<\/p>\n<p>La responsabilitat, l&#8217;autocr\u00edtica, la percepci\u00f3 dels l\u00edmits de la nostra subjectivitat i els nostres errors s\u00f3n mat\u00e8ria del vist\u00f3s ne\u00f3 <em>Blinda<\/em> (Post Optimism), de Jorge Garc\u00eda, <em>Devastated<\/em> i <em>Plaga<\/em> d&#8217;Eugenio Ampudia, les obres de PSJM, Renata Poljak, Jordi Colomer i de Marco Fedele di Catrano, tamb\u00e9 de <em>\u00c0rea restringida<\/em>, de Mateo Mat\u00e9 o <em>History Zero<\/em>, de Stefanos Tsivopoulos.<\/p>\n<p>En definitiva, <em>Prophetia<\/em> \u00e9s una exposici\u00f3 en la qual el que \u00e9s, \u00e9s el que es representa; sense condicions, gaireb\u00e9 sense capes de lectura. Assumeix el perill intr\u00ednsec a tota obra i mostra d&#8217;art pol\u00edtic, en tota representaci\u00f3: el de l&#8217;esgotament, la banalitzaci\u00f3 o l\u2019estetititzaci\u00f3 de situacions que no poden ser menyspreades, esterilitzades o redu\u00efdes en el seu pas muse\u00edstic. Per contra, <em>Prophetia<\/em> \u00e9s una exposici\u00f3 valenta. Pedag\u00f2gica d&#8217;una certa ideologia. Fragment\u00e0ria, subjectiva, i en definitiva, en els termes m\u00e9s honrats que puguin quedar a aquesta injuriada paraula, <em>pol\u00edtica<\/em>.<\/p>\n","protected":false},"excerpt":{"rendered":"<p>Porto uns dies donant-li voltes al concepte de la decepci\u00f3. A l\u2019engr\u00f2s, res personal. Pot ser que l&#8217;error fonamental es troba en l\u2019esperar quelcom d&#8217;una promesa? Encara en aquests termes,&#8230;<\/p>\n","protected":false},"author":1269,"featured_media":9123,"comment_status":"open","ping_status":"open","sticky":false,"template":"","format":"standard","meta":{"_relevanssi_hide_post":"","_relevanssi_hide_content":"","_relevanssi_pin_for_all":"","_relevanssi_pin_keywords":"","_relevanssi_unpin_keywords":"","_relevanssi_related_keywords":"","_relevanssi_related_include_ids":"","_relevanssi_related_exclude_ids":"","_relevanssi_related_no_append":"","_relevanssi_related_not_related":"","_relevanssi_related_posts":"","_relevanssi_noindex_reason":"","footnotes":""},"categories":[4029],"tags":[],"coauthors":[6447],"acf":[],"yoast_head":"<!-- This site is optimized with the Yoast SEO plugin v22.6 - https:\/\/yoast.com\/wordpress\/plugins\/seo\/ -->\n<title>Profecies s\u00f3n, promeses per complir &#8211; A*Desk<\/title>\n<meta name=\"robots\" content=\"index, follow, max-snippet:-1, max-image-preview:large, max-video-preview:-1\" \/>\n<link rel=\"canonical\" href=\"https:\/\/a-desk.org\/ca\/magazine\/profecies-son-promeses-per-complir\/\" \/>\n<meta property=\"og:locale\" content=\"ca_ES\" \/>\n<meta property=\"og:type\" content=\"article\" \/>\n<meta property=\"og:title\" content=\"Profecies s\u00f3n, promeses per complir &#8211; A*Desk\" \/>\n<meta property=\"og:description\" content=\"Porto uns dies donant-li voltes al concepte de la decepci\u00f3. A l\u2019engr\u00f2s, res personal. Pot ser que l&#8217;error fonamental es troba en l\u2019esperar quelcom d&#8217;una promesa? Encara en aquests termes,...\" \/>\n<meta property=\"og:url\" content=\"https:\/\/a-desk.org\/ca\/magazine\/profecies-son-promeses-per-complir\/\" \/>\n<meta property=\"og:site_name\" content=\"A*Desk\" \/>\n<meta property=\"article:published_time\" content=\"2015-04-24T02:00:00+00:00\" \/>\n<meta property=\"og:image\" content=\"https:\/\/a-desk.org\/wp-content\/uploads\/2015\/04\/HanneloreVanDijck_Untitled.jpg\" \/>\n\t<meta property=\"og:image:width\" content=\"670\" \/>\n\t<meta property=\"og:image:height\" content=\"316\" \/>\n\t<meta property=\"og:image:type\" content=\"image\/jpeg\" \/>\n<meta name=\"author\" content=\"Marina Vives\" \/>\n<meta name=\"twitter:card\" content=\"summary_large_image\" \/>\n<meta name=\"twitter:label1\" content=\"Escrit per\" \/>\n\t<meta name=\"twitter:data1\" content=\"Marina Vives\" \/>\n\t<meta name=\"twitter:label2\" content=\"Temps estimat de lectura\" \/>\n\t<meta name=\"twitter:data2\" content=\"5 minuts\" \/>\n\t<meta name=\"twitter:label3\" content=\"Written by\" \/>\n\t<meta name=\"twitter:data3\" content=\"Marina Vives\" \/>\n<script type=\"application\/ld+json\" class=\"yoast-schema-graph\">{\"@context\":\"https:\/\/schema.org\",\"@graph\":[{\"@type\":\"WebPage\",\"@id\":\"https:\/\/a-desk.org\/ca\/magazine\/profecies-son-promeses-per-complir\/\",\"url\":\"https:\/\/a-desk.org\/ca\/magazine\/profecies-son-promeses-per-complir\/\",\"name\":\"Profecies s\u00f3n, promeses per complir &#8211; A*Desk\",\"isPartOf\":{\"@id\":\"https:\/\/a-desk.org\/#website\"},\"primaryImageOfPage\":{\"@id\":\"https:\/\/a-desk.org\/ca\/magazine\/profecies-son-promeses-per-complir\/#primaryimage\"},\"image\":{\"@id\":\"https:\/\/a-desk.org\/ca\/magazine\/profecies-son-promeses-per-complir\/#primaryimage\"},\"thumbnailUrl\":\"https:\/\/a-desk.org\/wp-content\/uploads\/2015\/04\/HanneloreVanDijck_Untitled.jpg\",\"datePublished\":\"2015-04-24T02:00:00+00:00\",\"dateModified\":\"2015-04-24T02:00:00+00:00\",\"author\":{\"@id\":\"https:\/\/a-desk.org\/#\/schema\/person\/ed5f8269b18478544df538bf3aea03e6\"},\"breadcrumb\":{\"@id\":\"https:\/\/a-desk.org\/ca\/magazine\/profecies-son-promeses-per-complir\/#breadcrumb\"},\"inLanguage\":\"ca\",\"potentialAction\":[{\"@type\":\"ReadAction\",\"target\":[\"https:\/\/a-desk.org\/ca\/magazine\/profecies-son-promeses-per-complir\/\"]}]},{\"@type\":\"ImageObject\",\"inLanguage\":\"ca\",\"@id\":\"https:\/\/a-desk.org\/ca\/magazine\/profecies-son-promeses-per-complir\/#primaryimage\",\"url\":\"https:\/\/a-desk.org\/wp-content\/uploads\/2015\/04\/HanneloreVanDijck_Untitled.jpg\",\"contentUrl\":\"https:\/\/a-desk.org\/wp-content\/uploads\/2015\/04\/HanneloreVanDijck_Untitled.jpg\",\"width\":670,\"height\":316,\"caption\":\"Hannelore Van Dijck, Untitled. 2014. Foto cedida por la Fundaci\u00c3\u00b3 Mir\u00c3\u00b3\"},{\"@type\":\"BreadcrumbList\",\"@id\":\"https:\/\/a-desk.org\/ca\/magazine\/profecies-son-promeses-per-complir\/#breadcrumb\",\"itemListElement\":[{\"@type\":\"ListItem\",\"position\":1,\"name\":\"Portada\",\"item\":\"https:\/\/a-desk.org\/ca\/\"},{\"@type\":\"ListItem\",\"position\":2,\"name\":\"Profecies s\u00f3n, promeses per complir\"}]},{\"@type\":\"WebSite\",\"@id\":\"https:\/\/a-desk.org\/#website\",\"url\":\"https:\/\/a-desk.org\/\",\"name\":\"A*Desk\",\"description\":\"A*Desk Critical Thinking\",\"potentialAction\":[{\"@type\":\"SearchAction\",\"target\":{\"@type\":\"EntryPoint\",\"urlTemplate\":\"https:\/\/a-desk.org\/?s={search_term_string}\"},\"query-input\":\"required name=search_term_string\"}],\"inLanguage\":\"ca\"},{\"@type\":\"Person\",\"@id\":\"https:\/\/a-desk.org\/#\/schema\/person\/ed5f8269b18478544df538bf3aea03e6\",\"name\":\"Marina Vives\",\"image\":{\"@type\":\"ImageObject\",\"inLanguage\":\"ca\",\"@id\":\"https:\/\/a-desk.org\/#\/schema\/person\/image\/8bab32d3d3bdc196694d4c2db6a43dcd\",\"url\":\"https:\/\/secure.gravatar.com\/avatar\/10712deef76591cf14666cd282c328bd?s=96&d=mm&r=g\",\"contentUrl\":\"https:\/\/secure.gravatar.com\/avatar\/10712deef76591cf14666cd282c328bd?s=96&d=mm&r=g\",\"caption\":\"Marina Vives\"},\"url\":\"https:\/\/a-desk.org\/ca\/autor\/marina\/\"}]}<\/script>\n<!-- \/ Yoast SEO plugin. -->","yoast_head_json":{"title":"Profecies s\u00f3n, promeses per complir &#8211; A*Desk","robots":{"index":"index","follow":"follow","max-snippet":"max-snippet:-1","max-image-preview":"max-image-preview:large","max-video-preview":"max-video-preview:-1"},"canonical":"https:\/\/a-desk.org\/ca\/magazine\/profecies-son-promeses-per-complir\/","og_locale":"ca_ES","og_type":"article","og_title":"Profecies s\u00f3n, promeses per complir &#8211; A*Desk","og_description":"Porto uns dies donant-li voltes al concepte de la decepci\u00f3. A l\u2019engr\u00f2s, res personal. Pot ser que l&#8217;error fonamental es troba en l\u2019esperar quelcom d&#8217;una promesa? Encara en aquests termes,...","og_url":"https:\/\/a-desk.org\/ca\/magazine\/profecies-son-promeses-per-complir\/","og_site_name":"A*Desk","article_published_time":"2015-04-24T02:00:00+00:00","og_image":[{"width":670,"height":316,"url":"https:\/\/a-desk.org\/wp-content\/uploads\/2015\/04\/HanneloreVanDijck_Untitled.jpg","type":"image\/jpeg"}],"author":"Marina Vives","twitter_card":"summary_large_image","twitter_misc":{"Escrit per":"Marina Vives","Temps estimat de lectura":"5 minuts","Written by":"Marina Vives"},"schema":{"@context":"https:\/\/schema.org","@graph":[{"@type":"WebPage","@id":"https:\/\/a-desk.org\/ca\/magazine\/profecies-son-promeses-per-complir\/","url":"https:\/\/a-desk.org\/ca\/magazine\/profecies-son-promeses-per-complir\/","name":"Profecies s\u00f3n, promeses per complir &#8211; A*Desk","isPartOf":{"@id":"https:\/\/a-desk.org\/#website"},"primaryImageOfPage":{"@id":"https:\/\/a-desk.org\/ca\/magazine\/profecies-son-promeses-per-complir\/#primaryimage"},"image":{"@id":"https:\/\/a-desk.org\/ca\/magazine\/profecies-son-promeses-per-complir\/#primaryimage"},"thumbnailUrl":"https:\/\/a-desk.org\/wp-content\/uploads\/2015\/04\/HanneloreVanDijck_Untitled.jpg","datePublished":"2015-04-24T02:00:00+00:00","dateModified":"2015-04-24T02:00:00+00:00","author":{"@id":"https:\/\/a-desk.org\/#\/schema\/person\/ed5f8269b18478544df538bf3aea03e6"},"breadcrumb":{"@id":"https:\/\/a-desk.org\/ca\/magazine\/profecies-son-promeses-per-complir\/#breadcrumb"},"inLanguage":"ca","potentialAction":[{"@type":"ReadAction","target":["https:\/\/a-desk.org\/ca\/magazine\/profecies-son-promeses-per-complir\/"]}]},{"@type":"ImageObject","inLanguage":"ca","@id":"https:\/\/a-desk.org\/ca\/magazine\/profecies-son-promeses-per-complir\/#primaryimage","url":"https:\/\/a-desk.org\/wp-content\/uploads\/2015\/04\/HanneloreVanDijck_Untitled.jpg","contentUrl":"https:\/\/a-desk.org\/wp-content\/uploads\/2015\/04\/HanneloreVanDijck_Untitled.jpg","width":670,"height":316,"caption":"Hannelore Van Dijck, Untitled. 2014. Foto cedida por la Fundaci\u00c3\u00b3 Mir\u00c3\u00b3"},{"@type":"BreadcrumbList","@id":"https:\/\/a-desk.org\/ca\/magazine\/profecies-son-promeses-per-complir\/#breadcrumb","itemListElement":[{"@type":"ListItem","position":1,"name":"Portada","item":"https:\/\/a-desk.org\/ca\/"},{"@type":"ListItem","position":2,"name":"Profecies s\u00f3n, promeses per complir"}]},{"@type":"WebSite","@id":"https:\/\/a-desk.org\/#website","url":"https:\/\/a-desk.org\/","name":"A*Desk","description":"A*Desk Critical Thinking","potentialAction":[{"@type":"SearchAction","target":{"@type":"EntryPoint","urlTemplate":"https:\/\/a-desk.org\/?s={search_term_string}"},"query-input":"required name=search_term_string"}],"inLanguage":"ca"},{"@type":"Person","@id":"https:\/\/a-desk.org\/#\/schema\/person\/ed5f8269b18478544df538bf3aea03e6","name":"Marina Vives","image":{"@type":"ImageObject","inLanguage":"ca","@id":"https:\/\/a-desk.org\/#\/schema\/person\/image\/8bab32d3d3bdc196694d4c2db6a43dcd","url":"https:\/\/secure.gravatar.com\/avatar\/10712deef76591cf14666cd282c328bd?s=96&d=mm&r=g","contentUrl":"https:\/\/secure.gravatar.com\/avatar\/10712deef76591cf14666cd282c328bd?s=96&d=mm&r=g","caption":"Marina Vives"},"url":"https:\/\/a-desk.org\/ca\/autor\/marina\/"}]}},"_links":{"self":[{"href":"https:\/\/a-desk.org\/ca\/wp-json\/wp\/v2\/posts\/9129"}],"collection":[{"href":"https:\/\/a-desk.org\/ca\/wp-json\/wp\/v2\/posts"}],"about":[{"href":"https:\/\/a-desk.org\/ca\/wp-json\/wp\/v2\/types\/post"}],"author":[{"embeddable":true,"href":"https:\/\/a-desk.org\/ca\/wp-json\/wp\/v2\/users\/1269"}],"replies":[{"embeddable":true,"href":"https:\/\/a-desk.org\/ca\/wp-json\/wp\/v2\/comments?post=9129"}],"version-history":[{"count":0,"href":"https:\/\/a-desk.org\/ca\/wp-json\/wp\/v2\/posts\/9129\/revisions"}],"wp:featuredmedia":[{"embeddable":true,"href":"https:\/\/a-desk.org\/ca\/wp-json\/wp\/v2\/media\/9123"}],"wp:attachment":[{"href":"https:\/\/a-desk.org\/ca\/wp-json\/wp\/v2\/media?parent=9129"}],"wp:term":[{"taxonomy":"category","embeddable":true,"href":"https:\/\/a-desk.org\/ca\/wp-json\/wp\/v2\/categories?post=9129"},{"taxonomy":"post_tag","embeddable":true,"href":"https:\/\/a-desk.org\/ca\/wp-json\/wp\/v2\/tags?post=9129"},{"taxonomy":"author","embeddable":true,"href":"https:\/\/a-desk.org\/ca\/wp-json\/wp\/v2\/coauthors?post=9129"}],"curies":[{"name":"wp","href":"https:\/\/api.w.org\/{rel}","templated":true}]}}