{"id":9318,"date":"2015-12-21T01:18:00","date_gmt":"2015-12-21T01:18:00","guid":{"rendered":"http:\/\/a-desk.org\/2015\/12\/21\/quan-allo-privat-es-public-i\/"},"modified":"2017-09-20T00:26:54","modified_gmt":"2017-09-20T00:26:54","slug":"quan-allo-privat-es-public-i","status":"publish","type":"post","link":"https:\/\/a-desk.org\/ca\/magazine\/quan-allo-privat-es-public-i\/","title":{"rendered":"Quan all\u00f2 privat \u00e9s p\u00fablic i viceversa"},"content":{"rendered":"<p><img decoding=\"async\" class=\" alignleft size-full wp-image-9316\" src=\"http:\/\/a-desk.org\/wp-content\/uploads\/2015\/12\/8512274-13389619.jpg\" alt=\"8512274-13389619.jpg\" align=\"left\" width=\"670\" height=\"501\" srcset=\"https:\/\/a-desk.org\/wp-content\/uploads\/2015\/12\/8512274-13389619.jpg 670w, https:\/\/a-desk.org\/wp-content\/uploads\/2015\/12\/8512274-13389619-535x400.jpg 535w\" sizes=\"(max-width: 670px) 100vw, 670px\" \/><\/p>\n<p>Airbnb, lloc web comunitari en el qual els usuaris poden oferir els seus habitatges o buscar allotjament a casa de particulars per a estades curtes, va llan\u00e7ar a principis de tardor la seva nova campanya publicit\u00e0ria a Fran\u00e7a. Sobreposades a retrats de persones joves i modernes, frases com &#8220;el meu apartament em paga la meva col\u00b7lecci\u00f3 de sabates&#8221;, &#8220;gr\u00e0cies a la meva habitaci\u00f3 de convidats em vaig comprar una motocicleta vintage&#8221; o fins i tot &#8220;el meu pis em va ajudar a finan\u00e7ar el meu start-up&#8221; anuncien els avantatges de posar la pr\u00f2pia resid\u00e8ncia a disposici\u00f3 del p\u00fablic. Si en anteriors campanyes l&#8217;empresa s&#8217;havia dirigit al turista -o, millor dit, al viatger- amb esl\u00f2gans que enaltien l&#8217;allotjament en habitatges particulars com a part d&#8217;una experi\u00e8ncia &#8220;aut\u00e8ntica&#8221;, m\u00e9s propera al &#8220;local&#8221; i menys prefabricada, en aquesta ocasi\u00f3 els anuncis van dirigits a l&#8217;hoste que proporcionar\u00e0 aquesta experi\u00e8ncia \u00fanica i especial -i que ho explotar\u00e0. En aquests anuncis, la casa deixa de ser una llar per esdevenir un lloc d&#8217;activitat econ\u00f2mica.<\/p>\n<p>Encara que no \u00e9s quelcom nou, en els \u00faltims temps hem assistit a una proliferaci\u00f3 de temes relacionats amb all\u00f2 dom\u00e8stic en la cultura, ja sigui com a punt de partida per a projectes art\u00edstics o com a context espacial en qu\u00e8 tenen lloc diferents propostes culturals, des d&#8217;exposicions fins a concerts. La primera vegada que vaig assistir a una exposici\u00f3 en un habitatge particular va ser a Bremen, en el marc del projecte <em>Der vierte Raum<\/em> (<a href=\"http:\/\/www.a-desk.org\/highlights\/Tallers-pobres-i-altres-llocs-de.html\">&#8220;la quarta habitaci\u00f3&#8221;<\/a>. Es tractava d&#8217;un pis compartit en el qual una de les habitacions era utilitzada com a espai d&#8217;investigaci\u00f3 art\u00edstica mentre la seva inquilina estava d&#8217;intercanvi estudiantil a l&#8217;estranger. En aquest cas, el marc espacial determinava la naturalesa de les propostes que es van presentar al llarg de la durada del projecte: totes <em>site specific<\/em> i tematitzant la dimensi\u00f3 dom\u00e8stica d&#8217;aquest espai.<\/p>\n<p>Hi ha, igualment, esdeveniments culturals que no tenen com a condici\u00f3 <em>sine qua non<\/em> el celebrar-se en un lloc destinat a l&#8217;habitatge per\u00f2, tot i aix\u00ed, ho fan. Per a justificar aquestes altres propostes, les raons que s&#8217;esgrimeixen solen estar relacionades amb l&#8217;experi\u00e8ncia de l&#8217;usuari, \u00e9s a dir, m\u00e9s \u00edntima i permetent una millor recepci\u00f3 de l&#8217;obra presentada; tot i que tamb\u00e9 n&#8217;hi ha que pretenen fer una certa cr\u00edtica institucional, posicionant-se com espais independents, o fins i tot de tipus hist\u00f2ric, en al\u00b7lusi\u00f3 als &#8220;salons literaris&#8221; francesos del segle XVIII i similars. Tot es resumeix a un culte del mund\u00e0 i de l\u2019&#8221;entre-soi&#8221; burg\u00e8s que ha calat entre les elits culturals, que no s\u00f3n ja necess\u00e0riament elits econ\u00f2miques, gr\u00e0cies a anys de discursos neoliberals.<\/p>\n<p>En el seu article <em>Notes on the Exploitation of Poor Artists<\/em> [[Hans Abbing: &#8220;Notes on the Exploitation of Poor Artists&#8221;, a D.A.: Joy Forever. The political economy of social creativity, Free\/Slow University of Warsaw, 2011, pp. 83-100 (http:\/\/mayflybooks.org\/wp-content\/uploads\/2014\/12\/9781906948191-web.pdf)]], Hans Abbing demostra que l&#8217;explotaci\u00f3 dels artistes pobres \u00e9s estrictament un assumpte intern de funcionament del m\u00f3n l&#8217;art (que aquest no t\u00e9 cap inter\u00e8s en solucionar), i analitza les causes i estrat\u00e8gies que contribueixen a la perpetuaci\u00f3 d&#8217;un sistema que nom\u00e9s afavoreix a una elit. Abbing veu una correlaci\u00f3 entre la democratitzaci\u00f3 de l&#8217;educaci\u00f3 i de la idea d&#8217;autenticitat en el per\u00edode de post-guerra, que ha afectat de manera directa a l&#8217;art: si tots podem ser aut\u00e8ntics, tots podem ser artistes -i que guanyi el millor. D&#8217;aquesta manera, recolzada per la teoria neoliberal que exal\u00e7a l&#8217;emprenedoria i el &#8220;ser el teu propi cap&#8221;, l&#8217;economia de l&#8217;art (i de la ind\u00fastria cultural en general) compta amb el benepl\u00e0cit dels artistes per promoure la seva pr\u00f2pia explotaci\u00f3, treballant per molt poc o fins i tot gratu\u00eftament, ja que l&#8217;objectiu principal en un primer moment \u00e9s l&#8217;acumulaci\u00f3 d&#8217;un capital simb\u00f2lic que, si tot va b\u00e9, m\u00e9s tard proporcionar\u00e0 oportunitats professionals remunerades.<\/p>\n<p>La gran majoria dels projectes art\u00edstics que tenen com a lloc de presentaci\u00f3 un habitatge s\u00f3n promoguts per gent jove o a l&#8217;inici de la seva carrera. Tradicionalment s\u00f3n els artistes i els grups de m\u00fasica que debuten amb presentacions en el seu propi taller o amb concerts en tuguris i bars amb poc p\u00fablic, cosa que els serveix com a entrenament i per adquirir &#8220;rodatge&#8221;. Cap aleshores dir que la proliferaci\u00f3 d&#8217;aquest tipus de presentacions en pisos particulars t\u00e9 a veure amb l&#8217;auge en la ind\u00fastria cultural de la professi\u00f3 del mediador, en forma de programador o de comissari, per al qual les oportunitats d\u2019&#8221;assajar&#8221; amb un menor risc s\u00f3n menys nombroses. La casa, l&#8217;habitaci\u00f3 de convidats o fins i tot el passad\u00eds es converteixen aix\u00ed en llocs d&#8217;activitat professional.<\/p>\n<p>Hans Abbing esmenta tamb\u00e9 en el seu text la (<a href=\"http:\/\/www.a-desk.org\/highlights\/Temps-d-oci-temps-de-treball.html\">molt teoritzada i explorada en art<\/a>) abs\u00e8ncia d&#8217;una distinci\u00f3 clara entre treball i oci en la vida del <em>freelancer<\/em>. S\u00ed, les inauguracions d&#8217;exposicions, les presentacions de llibres, les lectures p\u00fabliques i altres s\u00f3n esdeveniments socials, per\u00f2 per als professionals de la cultura, s\u00f3n sobretot espais de <em>networking<\/em>, d&#8217;establiment i manteniment d&#8217;una xarxa de contactes dins el m\u00f3n de la cultura. Si aix\u00f2 \u00e9s aix\u00ed en els espais p\u00fablics (museus, centres d&#8217;art, galeries, fundacions&#8230;), no cal ser molt creatiu per imaginar com ser\u00e0 una d&#8217;aquestes reunions en un lloc for\u00e7osament m\u00e9s petit i amb un p\u00fablic m\u00e9s redu\u00eft. Especialment a les ciutats petites i mitjanes -parlant del context espanyol i europeu-, els cercles socials que es donen en uns i altres espais sovint se superposen, la qual cosa d\u00f3na lloc a una endog\u00e0mia en l&#8217;\u00e0mbit de l&#8217;art que pot ser alhora profitosa per a uns i molt excloent per a d\u2019altres.<\/p>\n<p>Dos investigadors americans especialitzats en m\u00e0rqueting i estudis del consum van publicar l\u2019any 2011 al <em>Journal of Consumer Research<\/em> [[Zeynep Arsel &#038; Craig J.Thompson: &#8220;Demythologizing Consumption Practices: How Consumers Protect Their Field-Dependent Identity Investments from Devaluating Marketplace Myths&#8221;, a Journal of Consumer Research, vol. 37, n\u00ba5 (febrer del 2011), Oxford University Press, p\u00e0g. 791-806]], un treball que analitzava les estrat\u00e8gies de distinci\u00f3 que cert tipus de consumidors empraven per protegir la seva posici\u00f3 en un determinat camp, en aquest cas el de l\u2019<em>indie<\/em>. Arsel i Thompson demostraven com aquells consumidors de cultura <em>indie<\/em> que es consideraven a si mateixos &#8220;aut\u00e8ntics&#8221; buscaven diferenciar-se dins d&#8217;aquest n\u00ednxol de mercat una vegada que certes pr\u00e0ctiques s&#8217;havien convertit en <em>mainstream<\/em>. A partir de les idees i exemples que es donen en aquest treball podem fer una analogia i concloure que l&#8217;auge dels esdeveniments de petit format en espais normalment destinats a la vida privada forma part d&#8217;una estrat\u00e8gia de distinci\u00f3 de les elits culturals, que volen preservar la seva posici\u00f3 superior en un \u00e0mbit cultural que s&#8217;ha democratitzat, almenys en teoria, en els \u00faltims decennis.<\/p>\n<p>Nombrosos exemples demostren que, en el m\u00f3n de la cultura i especialment en el de l&#8217;art visual, els contactes s\u00f3n una part decisiva en l&#8217;ascens professional. Per aquesta ra\u00f3 no \u00e9s estrany que el discurs neoliberal que exal\u00e7a la figura de l&#8217;emprenedor com a persona aventurera, creativa i auda\u00e7 hagi calat en l&#8217;\u00e0mbit art\u00edstic de manera que aquests projectes de presentaci\u00f3 d&#8217;art a l&#8217;habitatge privat siguin vistos com a trampol\u00ed cap a l&#8217;\u00e8xit professional. Aix\u00ed, projectes art\u00edstics es presenten a un p\u00fablic redu\u00eft, especialitzat i c\u00f2mplice en un pis privat com es podrien presentar en una galeria o en un centre previst per a l&#8217;exposici\u00f3 perqu\u00e8 el que compta, en realitat, \u00e9s l&#8217;esdeveniment social mund\u00e0 que permet a l&#8217;hoste perfilar-se com a professional i als seus iguals estar en contacte i refor\u00e7ar les seves pr\u00f2pies xarxes. De cop i volta, la idea que el teu apartament et permeti finan\u00e7ar la teva primera pel\u00b7l\u00edcula sembla menys descabellada.<\/p>\n","protected":false},"excerpt":{"rendered":"<p>Airbnb, lloc web comunitari en el qual els usuaris poden oferir els seus habitatges o buscar allotjament a casa de particulars per a estades curtes, va llan\u00e7ar a principis de&#8230;<\/p>\n","protected":false},"author":1276,"featured_media":9316,"comment_status":"open","ping_status":"open","sticky":false,"template":"","format":"standard","meta":{"_relevanssi_hide_post":"","_relevanssi_hide_content":"","_relevanssi_pin_for_all":"","_relevanssi_pin_keywords":"","_relevanssi_unpin_keywords":"","_relevanssi_related_keywords":"","_relevanssi_related_include_ids":"","_relevanssi_related_exclude_ids":"","_relevanssi_related_no_append":"","_relevanssi_related_not_related":"","_relevanssi_related_posts":"","_relevanssi_noindex_reason":"","footnotes":""},"categories":[4362],"tags":[5775],"coauthors":[6370],"acf":[],"yoast_head":"<!-- This site is optimized with the Yoast SEO plugin v22.6 - https:\/\/yoast.com\/wordpress\/plugins\/seo\/ -->\n<title>Quan all\u00f2 privat \u00e9s p\u00fablic i viceversa &#8211; A*Desk<\/title>\n<meta name=\"robots\" content=\"index, follow, max-snippet:-1, max-image-preview:large, max-video-preview:-1\" \/>\n<link rel=\"canonical\" href=\"https:\/\/a-desk.org\/ca\/magazine\/quan-allo-privat-es-public-i\/\" \/>\n<meta property=\"og:locale\" content=\"ca_ES\" \/>\n<meta property=\"og:type\" content=\"article\" \/>\n<meta property=\"og:title\" content=\"Quan all\u00f2 privat \u00e9s p\u00fablic i viceversa &#8211; A*Desk\" \/>\n<meta property=\"og:description\" content=\"Airbnb, lloc web comunitari en el qual els usuaris poden oferir els seus habitatges o buscar allotjament a casa de particulars per a estades curtes, va llan\u00e7ar a principis de...\" \/>\n<meta property=\"og:url\" content=\"https:\/\/a-desk.org\/ca\/magazine\/quan-allo-privat-es-public-i\/\" \/>\n<meta property=\"og:site_name\" content=\"A*Desk\" \/>\n<meta property=\"article:published_time\" content=\"2015-12-21T01:18:00+00:00\" \/>\n<meta property=\"article:modified_time\" content=\"2017-09-20T00:26:54+00:00\" \/>\n<meta property=\"og:image\" content=\"https:\/\/a-desk.org\/wp-content\/uploads\/2015\/12\/8512274-13389619.jpg\" \/>\n\t<meta property=\"og:image:width\" content=\"670\" \/>\n\t<meta property=\"og:image:height\" content=\"501\" \/>\n\t<meta property=\"og:image:type\" content=\"image\/jpeg\" \/>\n<meta name=\"author\" content=\"Gl\u00f2ria Guso\" \/>\n<meta name=\"twitter:card\" content=\"summary_large_image\" \/>\n<meta name=\"twitter:label1\" content=\"Escrit per\" \/>\n\t<meta name=\"twitter:data1\" content=\"Gl\u00f2ria Guso\" \/>\n\t<meta name=\"twitter:label2\" content=\"Temps estimat de lectura\" \/>\n\t<meta name=\"twitter:data2\" content=\"7 minuts\" \/>\n\t<meta name=\"twitter:label3\" content=\"Written by\" \/>\n\t<meta name=\"twitter:data3\" content=\"Gl\u00f2ria Guso\" \/>\n<script type=\"application\/ld+json\" class=\"yoast-schema-graph\">{\"@context\":\"https:\/\/schema.org\",\"@graph\":[{\"@type\":\"WebPage\",\"@id\":\"https:\/\/a-desk.org\/ca\/magazine\/quan-allo-privat-es-public-i\/\",\"url\":\"https:\/\/a-desk.org\/ca\/magazine\/quan-allo-privat-es-public-i\/\",\"name\":\"Quan all\u00f2 privat \u00e9s p\u00fablic i viceversa &#8211; A*Desk\",\"isPartOf\":{\"@id\":\"https:\/\/a-desk.org\/#website\"},\"primaryImageOfPage\":{\"@id\":\"https:\/\/a-desk.org\/ca\/magazine\/quan-allo-privat-es-public-i\/#primaryimage\"},\"image\":{\"@id\":\"https:\/\/a-desk.org\/ca\/magazine\/quan-allo-privat-es-public-i\/#primaryimage\"},\"thumbnailUrl\":\"https:\/\/a-desk.org\/wp-content\/uploads\/2015\/12\/8512274-13389619.jpg\",\"datePublished\":\"2015-12-21T01:18:00+00:00\",\"dateModified\":\"2017-09-20T00:26:54+00:00\",\"author\":{\"@id\":\"https:\/\/a-desk.org\/#\/schema\/person\/ec857eb2538747e48347da028599fd70\"},\"breadcrumb\":{\"@id\":\"https:\/\/a-desk.org\/ca\/magazine\/quan-allo-privat-es-public-i\/#breadcrumb\"},\"inLanguage\":\"ca\",\"potentialAction\":[{\"@type\":\"ReadAction\",\"target\":[\"https:\/\/a-desk.org\/ca\/magazine\/quan-allo-privat-es-public-i\/\"]}]},{\"@type\":\"ImageObject\",\"inLanguage\":\"ca\",\"@id\":\"https:\/\/a-desk.org\/ca\/magazine\/quan-allo-privat-es-public-i\/#primaryimage\",\"url\":\"https:\/\/a-desk.org\/wp-content\/uploads\/2015\/12\/8512274-13389619.jpg\",\"contentUrl\":\"https:\/\/a-desk.org\/wp-content\/uploads\/2015\/12\/8512274-13389619.jpg\",\"width\":670,\"height\":501,\"caption\":\"8512274-13389619.jpg\"},{\"@type\":\"BreadcrumbList\",\"@id\":\"https:\/\/a-desk.org\/ca\/magazine\/quan-allo-privat-es-public-i\/#breadcrumb\",\"itemListElement\":[{\"@type\":\"ListItem\",\"position\":1,\"name\":\"Portada\",\"item\":\"https:\/\/a-desk.org\/ca\/\"},{\"@type\":\"ListItem\",\"position\":2,\"name\":\"Quan all\u00f2 privat \u00e9s p\u00fablic i viceversa\"}]},{\"@type\":\"WebSite\",\"@id\":\"https:\/\/a-desk.org\/#website\",\"url\":\"https:\/\/a-desk.org\/\",\"name\":\"A*Desk\",\"description\":\"A*Desk Critical Thinking\",\"potentialAction\":[{\"@type\":\"SearchAction\",\"target\":{\"@type\":\"EntryPoint\",\"urlTemplate\":\"https:\/\/a-desk.org\/?s={search_term_string}\"},\"query-input\":\"required name=search_term_string\"}],\"inLanguage\":\"ca\"},{\"@type\":\"Person\",\"@id\":\"https:\/\/a-desk.org\/#\/schema\/person\/ec857eb2538747e48347da028599fd70\",\"name\":\"Gl\u00f2ria Guso\",\"image\":{\"@type\":\"ImageObject\",\"inLanguage\":\"ca\",\"@id\":\"https:\/\/a-desk.org\/#\/schema\/person\/image\/0dc3815e6efbf64e975dd711f40827e1\",\"url\":\"https:\/\/secure.gravatar.com\/avatar\/e41cb3271f2f422dec18742294a9c1a9?s=96&d=mm&r=g\",\"contentUrl\":\"https:\/\/secure.gravatar.com\/avatar\/e41cb3271f2f422dec18742294a9c1a9?s=96&d=mm&r=g\",\"caption\":\"Gl\u00f2ria Guso\"},\"url\":\"https:\/\/a-desk.org\/ca\/autor\/guso\/\"}]}<\/script>\n<!-- \/ Yoast SEO plugin. -->","yoast_head_json":{"title":"Quan all\u00f2 privat \u00e9s p\u00fablic i viceversa &#8211; A*Desk","robots":{"index":"index","follow":"follow","max-snippet":"max-snippet:-1","max-image-preview":"max-image-preview:large","max-video-preview":"max-video-preview:-1"},"canonical":"https:\/\/a-desk.org\/ca\/magazine\/quan-allo-privat-es-public-i\/","og_locale":"ca_ES","og_type":"article","og_title":"Quan all\u00f2 privat \u00e9s p\u00fablic i viceversa &#8211; A*Desk","og_description":"Airbnb, lloc web comunitari en el qual els usuaris poden oferir els seus habitatges o buscar allotjament a casa de particulars per a estades curtes, va llan\u00e7ar a principis de...","og_url":"https:\/\/a-desk.org\/ca\/magazine\/quan-allo-privat-es-public-i\/","og_site_name":"A*Desk","article_published_time":"2015-12-21T01:18:00+00:00","article_modified_time":"2017-09-20T00:26:54+00:00","og_image":[{"width":670,"height":501,"url":"https:\/\/a-desk.org\/wp-content\/uploads\/2015\/12\/8512274-13389619.jpg","type":"image\/jpeg"}],"author":"Gl\u00f2ria Guso","twitter_card":"summary_large_image","twitter_misc":{"Escrit per":"Gl\u00f2ria Guso","Temps estimat de lectura":"7 minuts","Written by":"Gl\u00f2ria Guso"},"schema":{"@context":"https:\/\/schema.org","@graph":[{"@type":"WebPage","@id":"https:\/\/a-desk.org\/ca\/magazine\/quan-allo-privat-es-public-i\/","url":"https:\/\/a-desk.org\/ca\/magazine\/quan-allo-privat-es-public-i\/","name":"Quan all\u00f2 privat \u00e9s p\u00fablic i viceversa &#8211; A*Desk","isPartOf":{"@id":"https:\/\/a-desk.org\/#website"},"primaryImageOfPage":{"@id":"https:\/\/a-desk.org\/ca\/magazine\/quan-allo-privat-es-public-i\/#primaryimage"},"image":{"@id":"https:\/\/a-desk.org\/ca\/magazine\/quan-allo-privat-es-public-i\/#primaryimage"},"thumbnailUrl":"https:\/\/a-desk.org\/wp-content\/uploads\/2015\/12\/8512274-13389619.jpg","datePublished":"2015-12-21T01:18:00+00:00","dateModified":"2017-09-20T00:26:54+00:00","author":{"@id":"https:\/\/a-desk.org\/#\/schema\/person\/ec857eb2538747e48347da028599fd70"},"breadcrumb":{"@id":"https:\/\/a-desk.org\/ca\/magazine\/quan-allo-privat-es-public-i\/#breadcrumb"},"inLanguage":"ca","potentialAction":[{"@type":"ReadAction","target":["https:\/\/a-desk.org\/ca\/magazine\/quan-allo-privat-es-public-i\/"]}]},{"@type":"ImageObject","inLanguage":"ca","@id":"https:\/\/a-desk.org\/ca\/magazine\/quan-allo-privat-es-public-i\/#primaryimage","url":"https:\/\/a-desk.org\/wp-content\/uploads\/2015\/12\/8512274-13389619.jpg","contentUrl":"https:\/\/a-desk.org\/wp-content\/uploads\/2015\/12\/8512274-13389619.jpg","width":670,"height":501,"caption":"8512274-13389619.jpg"},{"@type":"BreadcrumbList","@id":"https:\/\/a-desk.org\/ca\/magazine\/quan-allo-privat-es-public-i\/#breadcrumb","itemListElement":[{"@type":"ListItem","position":1,"name":"Portada","item":"https:\/\/a-desk.org\/ca\/"},{"@type":"ListItem","position":2,"name":"Quan all\u00f2 privat \u00e9s p\u00fablic i viceversa"}]},{"@type":"WebSite","@id":"https:\/\/a-desk.org\/#website","url":"https:\/\/a-desk.org\/","name":"A*Desk","description":"A*Desk Critical Thinking","potentialAction":[{"@type":"SearchAction","target":{"@type":"EntryPoint","urlTemplate":"https:\/\/a-desk.org\/?s={search_term_string}"},"query-input":"required name=search_term_string"}],"inLanguage":"ca"},{"@type":"Person","@id":"https:\/\/a-desk.org\/#\/schema\/person\/ec857eb2538747e48347da028599fd70","name":"Gl\u00f2ria Guso","image":{"@type":"ImageObject","inLanguage":"ca","@id":"https:\/\/a-desk.org\/#\/schema\/person\/image\/0dc3815e6efbf64e975dd711f40827e1","url":"https:\/\/secure.gravatar.com\/avatar\/e41cb3271f2f422dec18742294a9c1a9?s=96&d=mm&r=g","contentUrl":"https:\/\/secure.gravatar.com\/avatar\/e41cb3271f2f422dec18742294a9c1a9?s=96&d=mm&r=g","caption":"Gl\u00f2ria Guso"},"url":"https:\/\/a-desk.org\/ca\/autor\/guso\/"}]}},"_links":{"self":[{"href":"https:\/\/a-desk.org\/ca\/wp-json\/wp\/v2\/posts\/9318"}],"collection":[{"href":"https:\/\/a-desk.org\/ca\/wp-json\/wp\/v2\/posts"}],"about":[{"href":"https:\/\/a-desk.org\/ca\/wp-json\/wp\/v2\/types\/post"}],"author":[{"embeddable":true,"href":"https:\/\/a-desk.org\/ca\/wp-json\/wp\/v2\/users\/1276"}],"replies":[{"embeddable":true,"href":"https:\/\/a-desk.org\/ca\/wp-json\/wp\/v2\/comments?post=9318"}],"version-history":[{"count":1,"href":"https:\/\/a-desk.org\/ca\/wp-json\/wp\/v2\/posts\/9318\/revisions"}],"predecessor-version":[{"id":17392,"href":"https:\/\/a-desk.org\/ca\/wp-json\/wp\/v2\/posts\/9318\/revisions\/17392"}],"wp:featuredmedia":[{"embeddable":true,"href":"https:\/\/a-desk.org\/ca\/wp-json\/wp\/v2\/media\/9316"}],"wp:attachment":[{"href":"https:\/\/a-desk.org\/ca\/wp-json\/wp\/v2\/media?parent=9318"}],"wp:term":[{"taxonomy":"category","embeddable":true,"href":"https:\/\/a-desk.org\/ca\/wp-json\/wp\/v2\/categories?post=9318"},{"taxonomy":"post_tag","embeddable":true,"href":"https:\/\/a-desk.org\/ca\/wp-json\/wp\/v2\/tags?post=9318"},{"taxonomy":"author","embeddable":true,"href":"https:\/\/a-desk.org\/ca\/wp-json\/wp\/v2\/coauthors?post=9318"}],"curies":[{"name":"wp","href":"https:\/\/api.w.org\/{rel}","templated":true}]}}