{"id":49573,"global_id":"a-desk.org\/en\/?id=49573","global_id_lineage":["a-desk.org\/en\/?id=49573"],"author":"2786","status":"publish","date":"2023-10-03 14:17:55","date_utc":"2023-10-03 12:17:55","modified":"2023-10-03 14:17:55","modified_utc":"2023-10-03 12:17:55","url":"https:\/\/a-desk.org\/en\/agenda\/1001-dias-de-una-historia-nuestra-ejercicio-de-memoria-y-ficcion-para-construir-imaginarios-de-futuros-a-50-anos-del-golpe-de-estado-en-chile-linda-valdes-nancy-garin-fena-celedon-muerte-a-la\/","rest_url":"https:\/\/a-desk.org\/en\/wp-json\/tribe\/events\/v1\/events\/49573","title":"&#8220;1001 d\u00edas de una Historia Nuestra. Ejercicio de memoria y ficci\u00f3n para construir imaginarios de Futuros a 50 a\u00f1os del golpe de estado en Chile.&#8221; Linda Vald\u00e9s, Nancy Gar\u00edn, Fe\u00f1a Celed\u00f3n (Muerte a la Norma), Fernanda Herrada y Roc\u00edo del Pino Lobos","description":"","excerpt":"","slug":"1001-dias-de-una-historia-nuestra-ejercicio-de-memoria-y-ficcion-para-construir-imaginarios-de-futuros-a-50-anos-del-golpe-de-estado-en-chile-linda-valdes-nancy-garin-fena-celedon-muerte-a-la","image":false,"all_day":false,"start_date":"2023-10-06 18:00:00","start_date_details":{"year":"2023","month":"10","day":"06","hour":"18","minutes":"00","seconds":"00"},"end_date":"2023-10-06 20:30:00","end_date_details":{"year":"2023","month":"10","day":"06","hour":"20","minutes":"30","seconds":"00"},"utc_start_date":"2023-10-06 16:00:00","utc_start_date_details":{"year":"2023","month":"10","day":"06","hour":"16","minutes":"00","seconds":"00"},"utc_end_date":"2023-10-06 18:30:00","utc_end_date_details":{"year":"2023","month":"10","day":"06","hour":"18","minutes":"30","seconds":"00"},"timezone":"Europe\/Madrid","timezone_abbr":"CEST","cost":"","cost_details":{"currency_symbol":"","currency_code":"","currency_position":"prefix","values":[]},"website":"","show_map":true,"show_map_link":true,"hide_from_listings":false,"sticky":false,"featured":false,"categories":[{"name":"Coloquio","slug":"coloquio","term_group":0,"term_taxonomy_id":6297,"taxonomy":"tribe_events_cat","description":"","parent":0,"count":53,"filter":"raw","term_order":"0","id":6297,"urls":{"self":"https:\/\/a-desk.org\/en\/wp-json\/tribe\/events\/v1\/categories\/6297","collection":"https:\/\/a-desk.org\/en\/wp-json\/tribe\/events\/v1\/categories"}},{"name":"Di\u00e1logo","slug":"dialogo","term_group":0,"term_taxonomy_id":6342,"taxonomy":"tribe_events_cat","description":"","parent":0,"count":12,"filter":"raw","term_order":"0","id":6342,"urls":{"self":"https:\/\/a-desk.org\/en\/wp-json\/tribe\/events\/v1\/categories\/6342","collection":"https:\/\/a-desk.org\/en\/wp-json\/tribe\/events\/v1\/categories"}},{"name":"Taller","slug":"taller","term_group":0,"term_taxonomy_id":6269,"taxonomy":"tribe_events_cat","description":"","parent":0,"count":463,"filter":"raw","term_order":"0","id":6269,"urls":{"self":"https:\/\/a-desk.org\/en\/wp-json\/tribe\/events\/v1\/categories\/6269","collection":"https:\/\/a-desk.org\/en\/wp-json\/tribe\/events\/v1\/categories"}}],"tags":[],"venue":{"id":40285,"author":"2786","status":"publish","date":"2023-01-14 16:20:34","date_utc":"2023-01-14 14:20:34","modified":"2023-01-14 16:20:34","modified_utc":"2023-01-14 14:20:34","url":"https:\/\/a-desk.org\/en\/venue\/libreria-la-canibal\/","venue":"Libreria La Can\u00edbal","slug":"libreria-la-canibal","address":"C\/ N\u00e0pols, 314, 08025 Barcelona mapa","city":"Barcelona","country":"Spain","province":"Barcelona","state":"Barcelona","zip":"08044","stateprovince":"Barcelona","json_ld":{"@type":"Place","name":"Libreria La Can\u00edbal","description":"","url":"","address":{"@type":"PostalAddress","streetAddress":"C\/ N\u00e0pols, 314, 08025 Barcelona mapa","addressLocality":"Barcelona","addressRegion":"Barcelona","postalCode":"08044","addressCountry":"Spain"},"telephone":"","sameAs":""},"show_map":false,"show_map_link":false,"global_id":"a-desk.org\/en\/?id=40285","global_id_lineage":["a-desk.org\/en\/?id=40285"]},"organizer":[{"id":40201,"author":"2786","status":"publish","date":"2023-01-14 16:07:25","date_utc":"2023-01-14 14:07:25","modified":"2023-01-14 16:07:25","modified_utc":"2023-01-14 14:07:25","url":"https:\/\/a-desk.org\/en\/organizer\/libreria-la-canibal\/","organizer":"Libreria La Can\u00edbal","slug":"libreria-la-canibal","website":"https:\/\/lacanibal.net","json_ld":{"@type":"Person","name":"Libreria La Can\u00edbal","description":"","url":"https:\/\/lacanibal.net","telephone":"","email":"","sameAs":"https:\/\/lacanibal.net"},"global_id":"a-desk.org\/en\/?id=40201","global_id_lineage":["a-desk.org\/en\/?id=40201"]}],"json_ld":{"@context":"http:\/\/schema.org","@type":"Event","name":"&#8220;1001 d\u00edas de una Historia Nuestra. Ejercicio de memoria y ficci\u00f3n para construir imaginarios de Futuros a 50 a\u00f1os del golpe de estado en Chile.&#8221; Linda Vald\u00e9s, Nancy Gar\u00edn, Fe\u00f1a Celed\u00f3n (Muerte a la Norma), Fernanda Herrada y Roc\u00edo del Pino Lobos","description":"","url":"https:\/\/a-desk.org\/en\/agenda\/1001-dias-de-una-historia-nuestra-ejercicio-de-memoria-y-ficcion-para-construir-imaginarios-de-futuros-a-50-anos-del-golpe-de-estado-en-chile-linda-valdes-nancy-garin-fena-celedon-muerte-a-la\/","eventAttendanceMode":"https:\/\/schema.org\/OfflineEventAttendanceMode","eventStatus":"https:\/\/schema.org\/EventScheduled","startDate":"2023-10-06T18:00:00+02:00","endDate":"2023-10-06T20:30:00+02:00","location":{"@type":"Place","name":"Libreria La Can\u00edbal","description":"","url":"","address":{"@type":"PostalAddress","streetAddress":"C\/ N\u00e0pols, 314, 08025 Barcelona mapa","addressLocality":"Barcelona","addressRegion":"Barcelona","postalCode":"08044","addressCountry":"Spain"},"telephone":"","sameAs":""},"organizer":{"@type":"Person","name":"Libreria La Can\u00edbal","description":"","url":"https:\/\/lacanibal.net","telephone":"","email":"","sameAs":"https:\/\/lacanibal.net"},"performer":"Organization"}}