{"id":50782,"global_id":"a-desk.org\/en\/?id=50782","global_id_lineage":["a-desk.org\/en\/?id=50782"],"author":"2786","status":"publish","date":"2023-11-10 12:41:54","date_utc":"2023-11-10 11:41:54","modified":"2023-11-10 12:41:54","modified_utc":"2023-11-10 11:41:54","url":"https:\/\/a-desk.org\/en\/agenda\/el-cos-i-els-seus-fragments-mariano-andreu-alexander-archipenko-ramon-casas-toni-catany-apel%c2%b7les-fenosa-maria-fortuny-julio-gonzalez-manolo-hugue-manuel-humbert-baltasar-lobo-ramon\/","rest_url":"https:\/\/a-desk.org\/en\/wp-json\/tribe\/events\/v1\/events\/50782","title":"&#8220;El cos i els seus fragments&#8221; Mariano Andreu, Alexander Archipenko, Ramon Casas, Toni Catany, Apel\u00b7les Fenosa, Mari\u00e0 Fortuny, Julio Gonz\u00e1lez, Manolo Hugu\u00e9, Manuel Humbert, Baltasar Lobo, Ramon Mart\u00ed Alsina, Segundo Matilla, Pablo Picasso, Josep Santilari, Josep Simont, Josep Maria Subirachs, Antony Williams amb Ana DMatos","description":"<p><img decoding=\"async\" width=\"1024\" height=\"1024\" class=\"alignnone size-full wp-image-50784\" src=\"http:\/\/a-desk.org\/wp-content\/uploads\/2023\/11\/WIErAVSL4q9B.jpg\" alt=\"\" srcset=\"https:\/\/a-desk.org\/wp-content\/uploads\/2023\/11\/WIErAVSL4q9B.jpg 1024w, https:\/\/a-desk.org\/wp-content\/uploads\/2023\/11\/WIErAVSL4q9B-400x400.jpg 400w, https:\/\/a-desk.org\/wp-content\/uploads\/2023\/11\/WIErAVSL4q9B-150x150.jpg 150w, https:\/\/a-desk.org\/wp-content\/uploads\/2023\/11\/WIErAVSL4q9B-768x768.jpg 768w\" sizes=\"(max-width: 1024px) 100vw, 1024px\" \/><\/p>","excerpt":"","slug":"el-cos-i-els-seus-fragments-mariano-andreu-alexander-archipenko-ramon-casas-toni-catany-apel%c2%b7les-fenosa-maria-fortuny-julio-gonzalez-manolo-hugue-manuel-humbert-baltasar-lobo-ramon","image":false,"all_day":false,"start_date":"2023-11-16 17:00:00","start_date_details":{"year":"2023","month":"11","day":"16","hour":"17","minutes":"00","seconds":"00"},"end_date":"2023-11-16 20:00:00","end_date_details":{"year":"2023","month":"11","day":"16","hour":"20","minutes":"00","seconds":"00"},"utc_start_date":"2023-11-16 16:00:00","utc_start_date_details":{"year":"2023","month":"11","day":"16","hour":"16","minutes":"00","seconds":"00"},"utc_end_date":"2023-11-16 19:00:00","utc_end_date_details":{"year":"2023","month":"11","day":"16","hour":"19","minutes":"00","seconds":"00"},"timezone":"Europe\/Madrid","timezone_abbr":"CET","cost":"","cost_details":{"currency_symbol":"","currency_code":"","currency_position":"prefix","values":[]},"website":"https:\/\/arturamon.com\/espaidart\/salon-salvaje\/","show_map":true,"show_map_link":true,"hide_from_listings":false,"sticky":false,"featured":false,"categories":[{"name":"Inauguraci\u00f3\/Exposici\u00f3","slug":"inauguracio-exposicio","term_group":0,"term_taxonomy_id":6328,"taxonomy":"tribe_events_cat","description":"","parent":0,"count":832,"filter":"raw","term_order":"0","id":6328,"urls":{"self":"https:\/\/a-desk.org\/en\/wp-json\/tribe\/events\/v1\/categories\/6328","collection":"https:\/\/a-desk.org\/en\/wp-json\/tribe\/events\/v1\/categories"}}],"tags":[],"venue":{"id":43996,"author":"2786","status":"publish","date":"2023-05-03 09:17:08","date_utc":"2023-05-03 07:17:08","modified":"2023-05-03 09:17:08","modified_utc":"2023-05-03 07:17:08","url":"https:\/\/a-desk.org\/en\/venue\/artur-ramon-art\/","venue":"Artur Ramon Art","slug":"artur-ramon-art","address":"C\/ de Bail\u00e8n, 19","city":"Barcelona","country":"Espa\u00f1a","province":"Barcelona","zip":"08010","website":"https:\/\/www.arturamon.com\/es\/","stateprovince":"Barcelona","json_ld":{"@type":"Place","name":"Artur Ramon Art","description":"","url":"","address":{"@type":"PostalAddress","streetAddress":"C\/ de Bail\u00e8n, 19","addressLocality":"Barcelona","addressRegion":"Barcelona","postalCode":"08010","addressCountry":"Espa\u00f1a"},"telephone":"","sameAs":"https:\/\/www.arturamon.com\/es\/"},"show_map":true,"show_map_link":true,"global_id":"a-desk.org\/en\/?id=43996","global_id_lineage":["a-desk.org\/en\/?id=43996"]},"organizer":[{"id":43997,"author":"2786","status":"publish","date":"2023-05-03 09:17:08","date_utc":"2023-05-03 07:17:08","modified":"2023-05-03 09:17:08","modified_utc":"2023-05-03 07:17:08","url":"https:\/\/a-desk.org\/en\/organizer\/artur-ramon-art\/","organizer":"Artur Ramon Art","slug":"artur-ramon-art","website":"https:\/\/www.arturamon.com\/es\/","json_ld":{"@type":"Person","name":"Artur Ramon Art","description":"","url":"https:\/\/www.arturamon.com\/es\/","telephone":"","email":"","sameAs":"https:\/\/www.arturamon.com\/es\/"},"global_id":"a-desk.org\/en\/?id=43997","global_id_lineage":["a-desk.org\/en\/?id=43997"]}],"json_ld":{"@context":"http:\/\/schema.org","@type":"Event","name":"&#8220;El cos i els seus fragments&#8221; Mariano Andreu, Alexander Archipenko, Ramon Casas, Toni Catany, Apel\u00b7les Fenosa, Mari\u00e0 Fortuny, Julio Gonz\u00e1lez, Manolo Hugu\u00e9, Manuel Humbert, Baltasar Lobo, Ramon Mart\u00ed Alsina, Segundo Matilla, Pablo Picasso, Josep Santilari, Josep Simont, Josep Maria Subirachs, Antony Williams amb Ana DMatos","description":"","url":"https:\/\/a-desk.org\/en\/agenda\/el-cos-i-els-seus-fragments-mariano-andreu-alexander-archipenko-ramon-casas-toni-catany-apel%c2%b7les-fenosa-maria-fortuny-julio-gonzalez-manolo-hugue-manuel-humbert-baltasar-lobo-ramon\/","eventAttendanceMode":"https:\/\/schema.org\/OfflineEventAttendanceMode","eventStatus":"https:\/\/schema.org\/EventScheduled","startDate":"2023-11-16T17:00:00+01:00","endDate":"2023-11-16T20:00:00+01:00","location":{"@type":"Place","name":"Artur Ramon Art","description":"","url":"","address":{"@type":"PostalAddress","streetAddress":"C\/ de Bail\u00e8n, 19","addressLocality":"Barcelona","addressRegion":"Barcelona","postalCode":"08010","addressCountry":"Espa\u00f1a"},"telephone":"","sameAs":"https:\/\/www.arturamon.com\/es\/"},"organizer":{"@type":"Person","name":"Artur Ramon Art","description":"","url":"https:\/\/www.arturamon.com\/es\/","telephone":"","email":"","sameAs":"https:\/\/www.arturamon.com\/es\/"},"performer":"Organization"}}