{"id":52014,"global_id":"a-desk.org\/en\/?id=52014","global_id_lineage":["a-desk.org\/en\/?id=52014"],"author":"2786","status":"publish","date":"2023-12-07 18:38:52","date_utc":"2023-12-07 17:38:52","modified":"2023-12-07 18:38:52","modified_utc":"2023-12-07 17:38:52","url":"https:\/\/a-desk.org\/en\/agenda\/el-bandung-del-nord-pau-revolucionaria-des-de-palestina-travessant-el-mon-i-des-del-mon-travessant-palestina-francoise-verges-khaled-jarrar-i-kader-attia\/","rest_url":"https:\/\/a-desk.org\/en\/wp-json\/tribe\/events\/v1\/events\/52014","title":"&#8220;El Bandung del Nord: Pau revolucion\u00e0ria, des de Palestina travessant el m\u00f3n i des del m\u00f3n travessant Palestina&#8221; Fran\u00e7oise Verg\u00e8s, Khaled Jarrar i Kader Attia","description":"","excerpt":"","slug":"el-bandung-del-nord-pau-revolucionaria-des-de-palestina-travessant-el-mon-i-des-del-mon-travessant-palestina-francoise-verges-khaled-jarrar-i-kader-attia","image":false,"all_day":false,"start_date":"2023-12-15 19:00:00","start_date_details":{"year":"2023","month":"12","day":"15","hour":"19","minutes":"00","seconds":"00"},"end_date":"2023-12-15 21:00:00","end_date_details":{"year":"2023","month":"12","day":"15","hour":"21","minutes":"00","seconds":"00"},"utc_start_date":"2023-12-15 18:00:00","utc_start_date_details":{"year":"2023","month":"12","day":"15","hour":"18","minutes":"00","seconds":"00"},"utc_end_date":"2023-12-15 20:00:00","utc_end_date_details":{"year":"2023","month":"12","day":"15","hour":"20","minutes":"00","seconds":"00"},"timezone":"Europe\/Madrid","timezone_abbr":"CET","cost":"","cost_details":{"currency_symbol":"","currency_code":"","currency_position":"prefix","values":[]},"website":"https:\/\/www.macba.cat\/ca\/exposicions-activitats\/activitats\/bandung-nord-pau-revolucionaria-des-palestina-travessant-mon-i","show_map":true,"show_map_link":true,"hide_from_listings":false,"sticky":false,"featured":false,"categories":[{"name":"Presentaci\u00f3","slug":"presentacio","term_group":0,"term_taxonomy_id":6345,"taxonomy":"tribe_events_cat","description":"","parent":0,"count":320,"filter":"raw","term_order":"0","id":6345,"urls":{"self":"https:\/\/a-desk.org\/en\/wp-json\/tribe\/events\/v1\/categories\/6345","collection":"https:\/\/a-desk.org\/en\/wp-json\/tribe\/events\/v1\/categories"}},{"name":"Projecci\u00f3","slug":"projeccio-2","term_group":0,"term_taxonomy_id":6316,"taxonomy":"tribe_events_cat","description":"","parent":0,"count":555,"filter":"raw","term_order":"0","id":6316,"urls":{"self":"https:\/\/a-desk.org\/en\/wp-json\/tribe\/events\/v1\/categories\/6316","collection":"https:\/\/a-desk.org\/en\/wp-json\/tribe\/events\/v1\/categories"}},{"name":"Projecte","slug":"projecte","term_group":0,"term_taxonomy_id":6815,"taxonomy":"tribe_events_cat","description":"","parent":0,"count":110,"filter":"raw","term_order":"0","id":6815,"urls":{"self":"https:\/\/a-desk.org\/en\/wp-json\/tribe\/events\/v1\/categories\/6815","collection":"https:\/\/a-desk.org\/en\/wp-json\/tribe\/events\/v1\/categories"}},{"name":"Trobada","slug":"trobada","term_group":0,"term_taxonomy_id":6308,"taxonomy":"tribe_events_cat","description":"","parent":0,"count":460,"filter":"raw","term_order":"0","id":6308,"urls":{"self":"https:\/\/a-desk.org\/en\/wp-json\/tribe\/events\/v1\/categories\/6308","collection":"https:\/\/a-desk.org\/en\/wp-json\/tribe\/events\/v1\/categories"}}],"tags":[],"venue":{"id":40288,"author":"2786","status":"publish","date":"2023-01-14 16:20:49","date_utc":"2023-01-14 14:20:49","modified":"2023-01-14 16:20:49","modified_utc":"2023-01-14 14:20:49","url":"https:\/\/a-desk.org\/en\/venue\/macba\/","venue":"MACBA","slug":"macba","address":"Pla\u00e7a dels \u00c0ngels, 1, 08001 Barcelona mapa","city":"Barcelona","country":"Spain","province":"Barcelona","state":"Barcelona","zip":"08001","stateprovince":"Barcelona","json_ld":{"@type":"Place","name":"MACBA","description":"","url":"","address":{"@type":"PostalAddress","streetAddress":"Pla\u00e7a dels \u00c0ngels, 1, 08001 Barcelona mapa","addressLocality":"Barcelona","addressRegion":"Barcelona","postalCode":"08001","addressCountry":"Spain"},"telephone":"","sameAs":""},"show_map":false,"show_map_link":false,"global_id":"a-desk.org\/en\/?id=40288","global_id_lineage":["a-desk.org\/en\/?id=40288"]},"organizer":[{"id":40206,"author":"2786","status":"publish","date":"2023-01-14 16:07:55","date_utc":"2023-01-14 14:07:55","modified":"2023-01-14 16:07:55","modified_utc":"2023-01-14 14:07:55","url":"https:\/\/a-desk.org\/en\/organizer\/macba\/","organizer":"MACBA","slug":"macba","website":"https:\/\/www.macba.cat\/ca\/","json_ld":{"@type":"Person","name":"MACBA","description":"","url":"https:\/\/www.macba.cat\/ca\/","telephone":"","email":"","sameAs":"https:\/\/www.macba.cat\/ca\/"},"global_id":"a-desk.org\/en\/?id=40206","global_id_lineage":["a-desk.org\/en\/?id=40206"]}],"json_ld":{"@context":"http:\/\/schema.org","@type":"Event","name":"&#8220;El Bandung del Nord: Pau revolucion\u00e0ria, des de Palestina travessant el m\u00f3n i des del m\u00f3n travessant Palestina&#8221; Fran\u00e7oise Verg\u00e8s, Khaled Jarrar i Kader Attia","description":"","url":"https:\/\/a-desk.org\/en\/agenda\/el-bandung-del-nord-pau-revolucionaria-des-de-palestina-travessant-el-mon-i-des-del-mon-travessant-palestina-francoise-verges-khaled-jarrar-i-kader-attia\/","eventAttendanceMode":"https:\/\/schema.org\/OfflineEventAttendanceMode","eventStatus":"https:\/\/schema.org\/EventScheduled","startDate":"2023-12-15T19:00:00+01:00","endDate":"2023-12-15T21:00:00+01:00","location":{"@type":"Place","name":"MACBA","description":"","url":"","address":{"@type":"PostalAddress","streetAddress":"Pla\u00e7a dels \u00c0ngels, 1, 08001 Barcelona mapa","addressLocality":"Barcelona","addressRegion":"Barcelona","postalCode":"08001","addressCountry":"Spain"},"telephone":"","sameAs":""},"organizer":{"@type":"Person","name":"MACBA","description":"","url":"https:\/\/www.macba.cat\/ca\/","telephone":"","email":"","sameAs":"https:\/\/www.macba.cat\/ca\/"},"performer":"Organization"}}