{"id":59054,"global_id":"a-desk.org\/en\/?id=59054","global_id_lineage":["a-desk.org\/en\/?id=59054"],"author":"2786","status":"publish","date":"2024-09-09 10:33:22","date_utc":"2024-09-09 08:33:22","modified":"2024-09-09 10:33:22","modified_utc":"2024-09-09 08:33:22","url":"https:\/\/a-desk.org\/en\/agenda\/la-preso-de-mataro-visites-a-ledifici-historic-larquitectura-panoptica-el-poder-de-la-ment-sobre-la-ment\/","rest_url":"https:\/\/a-desk.org\/en\/wp-json\/tribe\/events\/v1\/events\/59054","title":"La Pres\u00f3 de Matar\u00f3. Visites a l\u2019edifici hist\u00f2ric | L\u2019arquitectura pan\u00f2ptica: el poder de la ment sobre la ment","description":"","excerpt":"","slug":"la-preso-de-mataro-visites-a-ledifici-historic-larquitectura-panoptica-el-poder-de-la-ment-sobre-la-ment","image":false,"all_day":false,"start_date":"2024-09-15 12:00:00","start_date_details":{"year":"2024","month":"09","day":"15","hour":"12","minutes":"00","seconds":"00"},"end_date":"2024-09-15 12:00:00","end_date_details":{"year":"2024","month":"09","day":"15","hour":"12","minutes":"00","seconds":"00"},"utc_start_date":"2024-09-15 10:00:00","utc_start_date_details":{"year":"2024","month":"09","day":"15","hour":"10","minutes":"00","seconds":"00"},"utc_end_date":"2024-09-15 10:00:00","utc_end_date_details":{"year":"2024","month":"09","day":"15","hour":"10","minutes":"00","seconds":"00"},"timezone":"Europe\/Madrid","timezone_abbr":"CEST","cost":"","cost_details":{"currency_symbol":"\u20ac","currency_code":"EUR","currency_position":"prefix","values":[]},"website":"https:\/\/www.mataroartcontemporani.cat\/seccio\/calendari-2\/","show_map":true,"show_map_link":true,"hide_from_listings":false,"sticky":false,"featured":false,"categories":[{"name":"Visita guiada","slug":"visita-guiada","term_group":0,"term_taxonomy_id":6237,"taxonomy":"tribe_events_cat","description":"","parent":0,"count":492,"filter":"raw","term_order":"0","id":6237,"urls":{"self":"https:\/\/a-desk.org\/en\/wp-json\/tribe\/events\/v1\/categories\/6237","collection":"https:\/\/a-desk.org\/en\/wp-json\/tribe\/events\/v1\/categories"}}],"tags":[],"venue":{"id":41855,"author":"2786","status":"publish","date":"2023-03-07 09:36:13","date_utc":"2023-03-07 08:36:13","modified":"2023-03-07 09:36:13","modified_utc":"2023-03-07 08:36:13","url":"https:\/\/a-desk.org\/en\/venue\/mac-mataro\/","venue":"MAC Matar\u00f3","slug":"mac-mataro","address":"Muralla de la Pres\u00f3 2","city":"Matar\u00f3","country":"Espa\u00f1a","province":"Barcelona","zip":"08302","phone":"937582456","website":"https:\/\/www.mataroartcontemporani.cat","stateprovince":"Barcelona","json_ld":{"@type":"Place","name":"MAC Matar\u00f3","description":"","url":"","address":{"@type":"PostalAddress","streetAddress":"Muralla de la Pres\u00f3 2","addressLocality":"Matar\u00f3","addressRegion":"Barcelona","postalCode":"08302","addressCountry":"Espa\u00f1a"},"telephone":"937582456","sameAs":"https:\/\/www.mataroartcontemporani.cat"},"show_map":true,"show_map_link":true,"global_id":"a-desk.org\/en\/?id=41855","global_id_lineage":["a-desk.org\/en\/?id=41855"]},"organizer":[{"id":45802,"author":"2786","status":"publish","date":"2023-06-12 21:19:12","date_utc":"2023-06-12 19:19:12","modified":"2023-06-12 21:19:12","modified_utc":"2023-06-12 19:19:12","url":"https:\/\/a-desk.org\/en\/organizer\/mac-mataro\/","organizer":"MAC Matar\u00f3","slug":"mac-mataro","website":"https:\/\/www.mataroartcontemporani.cat\/","json_ld":{"@type":"Person","name":"MAC Matar\u00f3","description":"","url":"https:\/\/www.mataroartcontemporani.cat\/","telephone":"","email":"","sameAs":"https:\/\/www.mataroartcontemporani.cat\/"},"global_id":"a-desk.org\/en\/?id=45802","global_id_lineage":["a-desk.org\/en\/?id=45802"]}],"json_ld":{"@context":"http:\/\/schema.org","@type":"Event","name":"La Pres\u00f3 de Matar\u00f3. Visites a l\u2019edifici hist\u00f2ric | L\u2019arquitectura pan\u00f2ptica: el poder de la ment sobre la ment","description":"","url":"https:\/\/a-desk.org\/en\/agenda\/la-preso-de-mataro-visites-a-ledifici-historic-larquitectura-panoptica-el-poder-de-la-ment-sobre-la-ment\/","eventAttendanceMode":"https:\/\/schema.org\/OfflineEventAttendanceMode","eventStatus":"https:\/\/schema.org\/EventScheduled","startDate":"2024-09-15T12:00:00+02:00","endDate":"2024-09-15T12:00:00+02:00","location":{"@type":"Place","name":"MAC Matar\u00f3","description":"","url":"","address":{"@type":"PostalAddress","streetAddress":"Muralla de la Pres\u00f3 2","addressLocality":"Matar\u00f3","addressRegion":"Barcelona","postalCode":"08302","addressCountry":"Espa\u00f1a"},"telephone":"937582456","sameAs":"https:\/\/www.mataroartcontemporani.cat"},"organizer":{"@type":"Person","name":"MAC Matar\u00f3","description":"","url":"https:\/\/www.mataroartcontemporani.cat\/","telephone":"","email":"","sameAs":"https:\/\/www.mataroartcontemporani.cat\/"},"performer":"Organization"}}