{"id":59561,"global_id":"a-desk.org\/en\/?id=59561","global_id_lineage":["a-desk.org\/en\/?id=59561"],"author":"2786","status":"publish","date":"2024-09-22 11:24:27","date_utc":"2024-09-22 09:24:27","modified":"2024-09-22 11:24:27","modified_utc":"2024-09-22 09:24:27","url":"https:\/\/a-desk.org\/en\/agenda\/cafe-cientifics-de-la-ub-mes-enlla-del-sol-i-del-vent\/","rest_url":"https:\/\/a-desk.org\/en\/wp-json\/tribe\/events\/v1\/events\/59561","title":"Caf\u00e8 cient\u00edfics de la UB &#8211; &#8220;M\u00e9s enll\u00e0 del sol i del vent\u201d","description":"","excerpt":"","slug":"cafe-cientifics-de-la-ub-mes-enlla-del-sol-i-del-vent","image":false,"all_day":false,"start_date":"2024-09-25 18:30:00","start_date_details":{"year":"2024","month":"09","day":"25","hour":"18","minutes":"30","seconds":"00"},"end_date":"2024-09-25 18:30:00","end_date_details":{"year":"2024","month":"09","day":"25","hour":"18","minutes":"30","seconds":"00"},"utc_start_date":"2024-09-25 16:30:00","utc_start_date_details":{"year":"2024","month":"09","day":"25","hour":"16","minutes":"30","seconds":"00"},"utc_end_date":"2024-09-25 16:30:00","utc_end_date_details":{"year":"2024","month":"09","day":"25","hour":"16","minutes":"30","seconds":"00"},"timezone":"Europe\/Madrid","timezone_abbr":"CEST","cost":"","cost_details":{"currency_symbol":"\u20ac","currency_code":"EUR","currency_position":"prefix","values":[]},"website":"https:\/\/www.altair.es\/cat\/noticias\/cafes-cientifics-de-la-ub-mes-enlla-del-sol-i-el-vent_768 ","show_map":true,"show_map_link":true,"hide_from_listings":false,"sticky":false,"featured":false,"categories":[{"name":"Cicle","slug":"cicle","term_group":0,"term_taxonomy_id":6317,"taxonomy":"tribe_events_cat","description":"","parent":0,"count":503,"filter":"raw","term_order":"0","id":6317,"urls":{"self":"https:\/\/a-desk.org\/en\/wp-json\/tribe\/events\/v1\/categories\/6317","collection":"https:\/\/a-desk.org\/en\/wp-json\/tribe\/events\/v1\/categories"}},{"name":"Conversa","slug":"conversa","term_group":0,"term_taxonomy_id":6336,"taxonomy":"tribe_events_cat","description":"","parent":0,"count":494,"filter":"raw","term_order":"0","id":6336,"urls":{"self":"https:\/\/a-desk.org\/en\/wp-json\/tribe\/events\/v1\/categories\/6336","collection":"https:\/\/a-desk.org\/en\/wp-json\/tribe\/events\/v1\/categories"}}],"tags":[],"venue":{"id":55252,"author":"2786","status":"publish","date":"2024-03-26 09:35:40","date_utc":"2024-03-26 08:35:40","modified":"2024-03-26 09:35:40","modified_utc":"2024-03-26 08:35:40","url":"https:\/\/a-desk.org\/en\/venue\/llibreria-altair\/","venue":"Llibreria Alta\u00efr","slug":"llibreria-altair","address":"Gran Via de les Corts Catalanes, 616, L'Eixample","city":"Barcelona","country":"Espa\u00f1a","province":"Barcelona","zip":"08007","stateprovince":"Barcelona","json_ld":{"@type":"Place","name":"Llibreria Alta\u00efr","description":"","url":"","address":{"@type":"PostalAddress","streetAddress":"Gran Via de les Corts Catalanes, 616, L&#039;Eixample","addressLocality":"Barcelona","addressRegion":"Barcelona","postalCode":"08007","addressCountry":"Espa\u00f1a"},"telephone":"","sameAs":""},"show_map":true,"show_map_link":true,"global_id":"a-desk.org\/en\/?id=55252","global_id_lineage":["a-desk.org\/en\/?id=55252"]},"organizer":[{"id":55253,"author":"2786","status":"publish","date":"2024-03-26 09:35:41","date_utc":"2024-03-26 08:35:41","modified":"2024-03-26 09:35:41","modified_utc":"2024-03-26 08:35:41","url":"https:\/\/a-desk.org\/en\/organizer\/llibreria-altair\/","organizer":"Llibreria Alta\u00efr","slug":"llibreria-altair","website":"https:\/\/www.altair.es\/cat\/","json_ld":{"@type":"Person","name":"Llibreria Alta\u00efr","description":"","url":"https:\/\/www.altair.es\/cat\/","telephone":"","email":"","sameAs":"https:\/\/www.altair.es\/cat\/"},"global_id":"a-desk.org\/en\/?id=55253","global_id_lineage":["a-desk.org\/en\/?id=55253"]}],"json_ld":{"@context":"http:\/\/schema.org","@type":"Event","name":"Caf\u00e8 cient\u00edfics de la UB &#8211; &#8220;M\u00e9s enll\u00e0 del sol i del vent\u201d","description":"","url":"https:\/\/a-desk.org\/en\/agenda\/cafe-cientifics-de-la-ub-mes-enlla-del-sol-i-del-vent\/","eventAttendanceMode":"https:\/\/schema.org\/OfflineEventAttendanceMode","eventStatus":"https:\/\/schema.org\/EventScheduled","startDate":"2024-09-25T18:30:00+02:00","endDate":"2024-09-25T18:30:00+02:00","location":{"@type":"Place","name":"Llibreria Alta\u00efr","description":"","url":"","address":{"@type":"PostalAddress","streetAddress":"Gran Via de les Corts Catalanes, 616, L&#039;Eixample","addressLocality":"Barcelona","addressRegion":"Barcelona","postalCode":"08007","addressCountry":"Espa\u00f1a"},"telephone":"","sameAs":""},"organizer":{"@type":"Person","name":"Llibreria Alta\u00efr","description":"","url":"https:\/\/www.altair.es\/cat\/","telephone":"","email":"","sameAs":"https:\/\/www.altair.es\/cat\/"},"performer":"Organization"}}