{"id":59607,"global_id":"a-desk.org\/en\/?id=59607","global_id_lineage":["a-desk.org\/en\/?id=59607"],"author":"2786","status":"publish","date":"2024-09-23 19:54:52","date_utc":"2024-09-23 17:54:52","modified":"2024-09-23 19:54:52","modified_utc":"2024-09-23 17:54:52","url":"https:\/\/a-desk.org\/en\/agenda\/4-maraton-poetica-lo-intimo-tambien-es-politico-bibiana-collado-cabrera-laia-lopez-manrique-jun-komura\/","rest_url":"https:\/\/a-desk.org\/en\/wp-json\/tribe\/events\/v1\/events\/59607","title":"#4 Marat\u00f3n po\u00e9tica: \u00abLo \u00edntimo tambi\u00e9n es pol\u00edtico\u00bb. Bibiana Collado Cabrera, Laia L\u00f3pez Manrique, Jun Komura","description":"","excerpt":"","slug":"4-maraton-poetica-lo-intimo-tambien-es-politico-bibiana-collado-cabrera-laia-lopez-manrique-jun-komura","image":false,"all_day":false,"start_date":"2024-09-26 19:00:00","start_date_details":{"year":"2024","month":"09","day":"26","hour":"19","minutes":"00","seconds":"00"},"end_date":"2024-09-26 19:00:00","end_date_details":{"year":"2024","month":"09","day":"26","hour":"19","minutes":"00","seconds":"00"},"utc_start_date":"2024-09-26 17:00:00","utc_start_date_details":{"year":"2024","month":"09","day":"26","hour":"17","minutes":"00","seconds":"00"},"utc_end_date":"2024-09-26 17:00:00","utc_end_date_details":{"year":"2024","month":"09","day":"26","hour":"17","minutes":"00","seconds":"00"},"timezone":"Europe\/Madrid","timezone_abbr":"CEST","cost":"","cost_details":{"currency_symbol":"\u20ac","currency_code":"EUR","currency_position":"prefix","values":[]},"website":"https:\/\/www.labellavarsovia.com\/maraton-poetica-en-barcelona\/","show_map":true,"show_map_link":true,"hide_from_listings":false,"sticky":false,"featured":false,"categories":[{"name":"Conversa","slug":"conversa","term_group":0,"term_taxonomy_id":6336,"taxonomy":"tribe_events_cat","description":"","parent":0,"count":494,"filter":"raw","term_order":"0","id":6336,"urls":{"self":"https:\/\/a-desk.org\/en\/wp-json\/tribe\/events\/v1\/categories\/6336","collection":"https:\/\/a-desk.org\/en\/wp-json\/tribe\/events\/v1\/categories"}}],"tags":[],"venue":{"id":59609,"author":"2786","status":"publish","date":"2024-09-23 19:54:52","date_utc":"2024-09-23 17:54:52","modified":"2024-09-23 19:54:52","modified_utc":"2024-09-23 17:54:52","url":"https:\/\/a-desk.org\/en\/venue\/llibreria-calders\/","venue":"Llibreria Calders","slug":"llibreria-calders","address":"Passatge de Pere Calders, 9, L'Eixample, 08015 Barcelona","json_ld":{"@type":"Place","name":"Llibreria Calders","description":"","url":"","address":{"@type":"PostalAddress","streetAddress":"Passatge de Pere Calders, 9, L&#039;Eixample, 08015 Barcelona"},"telephone":"","sameAs":""},"show_map":false,"show_map_link":false,"global_id":"a-desk.org\/en\/?id=59609","global_id_lineage":["a-desk.org\/en\/?id=59609"]},"organizer":[{"id":59210,"author":"2786","status":"publish","date":"2024-09-13 12:25:34","date_utc":"2024-09-13 10:25:34","modified":"2024-09-13 12:25:34","modified_utc":"2024-09-13 10:25:34","url":"https:\/\/a-desk.org\/en\/organizer\/la-bella-varsovia\/","organizer":"La Bella Varsovia","slug":"la-bella-varsovia","website":"https:\/\/www.labellavarsovia.com\/","json_ld":{"@type":"Person","name":"La Bella Varsovia","description":"","url":"https:\/\/www.labellavarsovia.com\/","telephone":"","email":"","sameAs":"https:\/\/www.labellavarsovia.com\/"},"global_id":"a-desk.org\/en\/?id=59210","global_id_lineage":["a-desk.org\/en\/?id=59210"]}],"json_ld":{"@context":"http:\/\/schema.org","@type":"Event","name":"#4 Marat\u00f3n po\u00e9tica: \u00abLo \u00edntimo tambi\u00e9n es pol\u00edtico\u00bb. Bibiana Collado Cabrera, Laia L\u00f3pez Manrique, Jun Komura","description":"","url":"https:\/\/a-desk.org\/en\/agenda\/4-maraton-poetica-lo-intimo-tambien-es-politico-bibiana-collado-cabrera-laia-lopez-manrique-jun-komura\/","eventAttendanceMode":"https:\/\/schema.org\/OfflineEventAttendanceMode","eventStatus":"https:\/\/schema.org\/EventScheduled","startDate":"2024-09-26T19:00:00+02:00","endDate":"2024-09-26T19:00:00+02:00","location":{"@type":"Place","name":"Llibreria Calders","description":"","url":"","address":{"@type":"PostalAddress","streetAddress":"Passatge de Pere Calders, 9, L&#039;Eixample, 08015 Barcelona"},"telephone":"","sameAs":""},"organizer":{"@type":"Person","name":"La Bella Varsovia","description":"","url":"https:\/\/www.labellavarsovia.com\/","telephone":"","email":"","sameAs":"https:\/\/www.labellavarsovia.com\/"},"performer":"Organization"}}