{"id":63956,"global_id":"a-desk.org\/en\/?id=63956","global_id_lineage":["a-desk.org\/en\/?id=63956"],"author":"2786","status":"publish","date":"2025-01-25 23:20:20","date_utc":"2025-01-25 22:20:20","modified":"2025-01-25 23:20:20","modified_utc":"2025-01-25 22:20:20","url":"https:\/\/a-desk.org\/en\/agenda\/una-mirada-des-de-la-practica-xiuxiuejar-amb-el-teixit\/","rest_url":"https:\/\/a-desk.org\/en\/wp-json\/tribe\/events\/v1\/events\/63956","title":"&#8220;Una mirada des de la pr\u00e0ctica: xiuxiuejar amb el teixit&#8221;","description":"","excerpt":"","slug":"una-mirada-des-de-la-practica-xiuxiuejar-amb-el-teixit","image":false,"all_day":false,"start_date":"2025-01-30 18:00:00","start_date_details":{"year":"2025","month":"01","day":"30","hour":"18","minutes":"00","seconds":"00"},"end_date":"2025-01-30 20:00:00","end_date_details":{"year":"2025","month":"01","day":"30","hour":"20","minutes":"00","seconds":"00"},"utc_start_date":"2025-01-30 17:00:00","utc_start_date_details":{"year":"2025","month":"01","day":"30","hour":"17","minutes":"00","seconds":"00"},"utc_end_date":"2025-01-30 19:00:00","utc_end_date_details":{"year":"2025","month":"01","day":"30","hour":"19","minutes":"00","seconds":"00"},"timezone":"Europe\/Madrid","timezone_abbr":"CET","cost":"","cost_details":{"currency_symbol":"\u20ac","currency_code":"EUR","currency_position":"prefix","values":[]},"website":"https:\/\/centresculturals.santcugat.cat\/28637\/acte\/3519\/","show_map":true,"show_map_link":true,"hide_from_listings":false,"sticky":false,"featured":false,"categories":[{"name":"Activitat","slug":"activitat","term_group":0,"term_taxonomy_id":6331,"taxonomy":"tribe_events_cat","description":"","parent":0,"count":351,"filter":"raw","term_order":"0","id":6331,"urls":{"self":"https:\/\/a-desk.org\/en\/wp-json\/tribe\/events\/v1\/categories\/6331","collection":"https:\/\/a-desk.org\/en\/wp-json\/tribe\/events\/v1\/categories"}}],"tags":[],"venue":{"id":63959,"author":"2786","status":"publish","date":"2025-01-25 23:20:20","date_utc":"2025-01-25 22:20:20","modified":"2025-01-25 23:20:20","modified_utc":"2025-01-25 22:20:20","url":"https:\/\/a-desk.org\/en\/venue\/centre-grau-garriga-dart-textil-contemporani\/","venue":"Centre Grau-Garriga d&#8217;Art T\u00e8xtil Contemporani","slug":"centre-grau-garriga-dart-textil-contemporani","address":"Pla\u00e7a de Can Quit\u00e8ria, 1, 08172 Sant Cugat del Vall\u00e8s, Barcelona","json_ld":{"@type":"Place","name":"Centre Grau-Garriga d&#8217;Art T\u00e8xtil Contemporani","description":"","url":"","address":{"@type":"PostalAddress","streetAddress":"Pla\u00e7a de Can Quit\u00e8ria, 1, 08172 Sant Cugat del Vall\u00e8s, Barcelona"},"telephone":"","sameAs":""},"show_map":false,"show_map_link":false,"global_id":"a-desk.org\/en\/?id=63959","global_id_lineage":["a-desk.org\/en\/?id=63959"]},"organizer":[{"id":59040,"author":"2786","status":"publish","date":"2024-09-08 11:32:40","date_utc":"2024-09-08 09:32:40","modified":"2024-09-08 11:32:40","modified_utc":"2024-09-08 09:32:40","url":"https:\/\/a-desk.org\/en\/organizer\/art-sant-cugat\/","organizer":"Art Sant Cugat","slug":"art-sant-cugat","json_ld":{"@type":"Person","name":"Art Sant Cugat","description":"","url":"","telephone":"","email":"","sameAs":""},"global_id":"a-desk.org\/en\/?id=59040","global_id_lineage":["a-desk.org\/en\/?id=59040"]}],"json_ld":{"@context":"http:\/\/schema.org","@type":"Event","name":"&#8220;Una mirada des de la pr\u00e0ctica: xiuxiuejar amb el teixit&#8221;","description":"","url":"https:\/\/a-desk.org\/en\/agenda\/una-mirada-des-de-la-practica-xiuxiuejar-amb-el-teixit\/","eventAttendanceMode":"https:\/\/schema.org\/OfflineEventAttendanceMode","eventStatus":"https:\/\/schema.org\/EventScheduled","startDate":"2025-01-30T18:00:00+01:00","endDate":"2025-01-30T20:00:00+01:00","location":{"@type":"Place","name":"Centre Grau-Garriga d&#8217;Art T\u00e8xtil Contemporani","description":"","url":"","address":{"@type":"PostalAddress","streetAddress":"Pla\u00e7a de Can Quit\u00e8ria, 1, 08172 Sant Cugat del Vall\u00e8s, Barcelona"},"telephone":"","sameAs":""},"organizer":{"@type":"Person","name":"Art Sant Cugat","description":"","url":"","telephone":"","email":"","sameAs":""},"performer":"Organization"}}