{"id":71059,"global_id":"a-desk.org\/en\/?id=71059","global_id_lineage":["a-desk.org\/en\/?id=71059"],"author":"2786","status":"publish","date":"2025-10-14 08:37:25","date_utc":"2025-10-14 06:37:25","modified":"2025-10-14 08:37:25","modified_utc":"2025-10-14 06:37:25","url":"https:\/\/a-desk.org\/en\/agenda\/cafes-cientifics-de-la-ub-mes-diners-per-a-la-guerra\/","rest_url":"https:\/\/a-desk.org\/en\/wp-json\/tribe\/events\/v1\/events\/71059","title":"&#8220;Caf\u00e8s Cient\u00edfics de la UB  | M\u00e9s diners per a la guerra?&#8221;","description":"","excerpt":"","slug":"cafes-cientifics-de-la-ub-mes-diners-per-a-la-guerra","image":false,"all_day":false,"start_date":"2025-10-22 18:30:00","start_date_details":{"year":"2025","month":"10","day":"22","hour":"18","minutes":"30","seconds":"00"},"end_date":"2025-10-22 18:30:00","end_date_details":{"year":"2025","month":"10","day":"22","hour":"18","minutes":"30","seconds":"00"},"utc_start_date":"2025-10-22 16:30:00","utc_start_date_details":{"year":"2025","month":"10","day":"22","hour":"16","minutes":"30","seconds":"00"},"utc_end_date":"2025-10-22 16:30:00","utc_end_date_details":{"year":"2025","month":"10","day":"22","hour":"16","minutes":"30","seconds":"00"},"timezone":"Europe\/Madrid","timezone_abbr":"CEST","cost":"","cost_details":{"currency_symbol":"\u20ac","currency_code":"EUR","currency_position":"prefix","values":[]},"website":"https:\/\/www.altair.es\/cat\/noticias\/cafes-cientifics-de-la-ub-mes-diners-per-a-la-guerra-_869","show_map":true,"show_map_link":true,"hide_from_listings":false,"sticky":false,"featured":false,"categories":[{"name":"Debat","slug":"debat","term_group":0,"term_taxonomy_id":6339,"taxonomy":"tribe_events_cat","description":"","parent":0,"count":299,"filter":"raw","term_order":"0","id":6339,"urls":{"self":"https:\/\/a-desk.org\/en\/wp-json\/tribe\/events\/v1\/categories\/6339","collection":"https:\/\/a-desk.org\/en\/wp-json\/tribe\/events\/v1\/categories"}}],"tags":[],"venue":{"id":55252,"author":"2786","status":"publish","date":"2024-03-26 09:35:40","date_utc":"2024-03-26 08:35:40","modified":"2024-03-26 09:35:40","modified_utc":"2024-03-26 08:35:40","url":"https:\/\/a-desk.org\/en\/venue\/llibreria-altair\/","venue":"Llibreria Alta\u00efr","slug":"llibreria-altair","address":"Gran Via de les Corts Catalanes, 616, L'Eixample","city":"Barcelona","country":"Espa\u00f1a","province":"Barcelona","zip":"08007","stateprovince":"Barcelona","json_ld":{"@type":"Place","name":"Llibreria Alta\u00efr","description":"","url":"","address":{"@type":"PostalAddress","streetAddress":"Gran Via de les Corts Catalanes, 616, L&#039;Eixample","addressLocality":"Barcelona","addressRegion":"Barcelona","postalCode":"08007","addressCountry":"Espa\u00f1a"},"telephone":"","sameAs":""},"show_map":true,"show_map_link":true,"global_id":"a-desk.org\/en\/?id=55252","global_id_lineage":["a-desk.org\/en\/?id=55252"]},"organizer":[{"id":46657,"author":"2786","status":"publish","date":"2023-07-05 01:36:56","date_utc":"2023-07-04 23:36:56","modified":"2023-07-05 01:36:56","modified_utc":"2023-07-04 23:36:56","url":"https:\/\/a-desk.org\/en\/organizer\/universitat-de-barcelona\/","organizer":"Universitat de Barcelona","slug":"universitat-de-barcelona","website":"https:\/\/web.ub.edu\/web\/ub\/","json_ld":{"@type":"Person","name":"Universitat de Barcelona","description":"","url":"https:\/\/web.ub.edu\/web\/ub\/","telephone":"","email":"","sameAs":"https:\/\/web.ub.edu\/web\/ub\/"},"global_id":"a-desk.org\/en\/?id=46657","global_id_lineage":["a-desk.org\/en\/?id=46657"]},{"id":55253,"author":"2786","status":"publish","date":"2024-03-26 09:35:41","date_utc":"2024-03-26 08:35:41","modified":"2024-03-26 09:35:41","modified_utc":"2024-03-26 08:35:41","url":"https:\/\/a-desk.org\/en\/organizer\/llibreria-altair\/","organizer":"Llibreria Alta\u00efr","slug":"llibreria-altair","website":"https:\/\/www.altair.es\/cat\/","json_ld":{"@type":"Person","name":"Llibreria Alta\u00efr","description":"","url":"https:\/\/www.altair.es\/cat\/","telephone":"","email":"","sameAs":"https:\/\/www.altair.es\/cat\/"},"global_id":"a-desk.org\/en\/?id=55253","global_id_lineage":["a-desk.org\/en\/?id=55253"]}],"json_ld":{"@context":"http:\/\/schema.org","@type":"Event","name":"&#8220;Caf\u00e8s Cient\u00edfics de la UB  | M\u00e9s diners per a la guerra?&#8221;","description":"","url":"https:\/\/a-desk.org\/en\/agenda\/cafes-cientifics-de-la-ub-mes-diners-per-a-la-guerra\/","eventAttendanceMode":"https:\/\/schema.org\/OfflineEventAttendanceMode","eventStatus":"https:\/\/schema.org\/EventScheduled","startDate":"2025-10-22T18:30:00+02:00","endDate":"2025-10-22T18:30:00+02:00","location":{"@type":"Place","name":"Llibreria Alta\u00efr","description":"","url":"","address":{"@type":"PostalAddress","streetAddress":"Gran Via de les Corts Catalanes, 616, L&#039;Eixample","addressLocality":"Barcelona","addressRegion":"Barcelona","postalCode":"08007","addressCountry":"Espa\u00f1a"},"telephone":"","sameAs":""},"organizer":{"@type":"Person","name":"Universitat de Barcelona","description":"","url":"https:\/\/web.ub.edu\/web\/ub\/","telephone":"","email":"","sameAs":"https:\/\/web.ub.edu\/web\/ub\/"},"performer":"Organization"}}