{"id":72434,"global_id":"a-desk.org\/en\/?id=72434","global_id_lineage":["a-desk.org\/en\/?id=72434"],"author":"2786","status":"publish","date":"2025-11-29 12:41:33","date_utc":"2025-11-29 11:41:33","modified":"2025-11-29 12:41:33","modified_utc":"2025-11-29 11:41:33","url":"https:\/\/a-desk.org\/en\/agenda\/reencarnacions-v-menjar-xavier-olive-i-joan-brossa-encarnats-per-laia-fabre-i-liminal\/","rest_url":"https:\/\/a-desk.org\/en\/wp-json\/tribe\/events\/v1\/events\/72434","title":"&#8220;Reencarnacions V: Menjar. Xavier Oliv\u00e9 i Joan Brossa, encarnats per Laia Fabre i Liminal&#8221;","description":"","excerpt":"","slug":"reencarnacions-v-menjar-xavier-olive-i-joan-brossa-encarnats-per-laia-fabre-i-liminal","image":false,"all_day":false,"start_date":"2025-12-13 19:00:00","start_date_details":{"year":"2025","month":"12","day":"13","hour":"19","minutes":"00","seconds":"00"},"end_date":"2025-12-13 20:00:00","end_date_details":{"year":"2025","month":"12","day":"13","hour":"20","minutes":"00","seconds":"00"},"utc_start_date":"2025-12-13 18:00:00","utc_start_date_details":{"year":"2025","month":"12","day":"13","hour":"18","minutes":"00","seconds":"00"},"utc_end_date":"2025-12-13 19:00:00","utc_end_date_details":{"year":"2025","month":"12","day":"13","hour":"19","minutes":"00","seconds":"00"},"timezone":"Europe\/Madrid","timezone_abbr":"CET","cost":"\u20ac10","cost_details":{"currency_symbol":"\u20ac","currency_code":"EUR","currency_position":"prefix","values":["10"]},"website":"https:\/\/www.fmirobcn.org\/ca\/activitats\/adults-i-altres-grups\/0\/369\/reencarnacions-v-menjar-xavier-olive-i-joan-brossa-encarnats-per-laia-fabre-i-liminal","show_map":true,"show_map_link":true,"hide_from_listings":false,"sticky":false,"featured":false,"categories":[{"name":"Festa","slug":"festa","term_group":0,"term_taxonomy_id":6948,"taxonomy":"tribe_events_cat","description":"","parent":0,"count":86,"filter":"raw","term_order":"0","id":6948,"urls":{"self":"https:\/\/a-desk.org\/en\/wp-json\/tribe\/events\/v1\/categories\/6948","collection":"https:\/\/a-desk.org\/en\/wp-json\/tribe\/events\/v1\/categories"}}],"tags":[],"venue":{"id":40268,"author":"2786","status":"publish","date":"2023-01-14 16:18:49","date_utc":"2023-01-14 14:18:49","modified":"2023-01-14 16:18:49","modified_utc":"2023-01-14 14:18:49","url":"https:\/\/a-desk.org\/en\/venue\/fundacion-joan-miro\/","venue":"Fundaci\u00f3n Joan Mir\u00f3","slug":"fundacion-joan-miro","address":"Parc de Montju\u00efc, s\/n, 08038 Barcelona mapa","city":"Barcelona","country":"Spain","province":"Barcelona","state":"Barcelona","zip":"08038","stateprovince":"Barcelona","json_ld":{"@type":"Place","name":"Fundaci\u00f3n Joan Mir\u00f3","description":"","url":"","address":{"@type":"PostalAddress","streetAddress":"Parc de Montju\u00efc, s\/n, 08038 Barcelona mapa","addressLocality":"Barcelona","addressRegion":"Barcelona","postalCode":"08038","addressCountry":"Spain"},"telephone":"","sameAs":""},"show_map":false,"show_map_link":false,"global_id":"a-desk.org\/en\/?id=40268","global_id_lineage":["a-desk.org\/en\/?id=40268"]},"organizer":[{"id":40184,"author":"2786","status":"publish","date":"2023-01-14 16:05:40","date_utc":"2023-01-14 14:05:40","modified":"2023-01-14 16:05:40","modified_utc":"2023-01-14 14:05:40","url":"https:\/\/a-desk.org\/en\/organizer\/fundacion-joan-miro\/","organizer":"Fundaci\u00f3n Joan Mir\u00f3","slug":"fundacion-joan-miro","website":"https:\/\/www.fmirobcn.org\/ca\/","json_ld":{"@type":"Person","name":"Fundaci\u00f3n Joan Mir\u00f3","description":"","url":"https:\/\/www.fmirobcn.org\/ca\/","telephone":"","email":"","sameAs":"https:\/\/www.fmirobcn.org\/ca\/"},"global_id":"a-desk.org\/en\/?id=40184","global_id_lineage":["a-desk.org\/en\/?id=40184"]}],"json_ld":{"@context":"http:\/\/schema.org","@type":"Event","name":"&#8220;Reencarnacions V: Menjar. Xavier Oliv\u00e9 i Joan Brossa, encarnats per Laia Fabre i Liminal&#8221;","description":"","url":"https:\/\/a-desk.org\/en\/agenda\/reencarnacions-v-menjar-xavier-olive-i-joan-brossa-encarnats-per-laia-fabre-i-liminal\/","eventAttendanceMode":"https:\/\/schema.org\/OfflineEventAttendanceMode","eventStatus":"https:\/\/schema.org\/EventScheduled","startDate":"2025-12-13T19:00:00+01:00","endDate":"2025-12-13T20:00:00+01:00","location":{"@type":"Place","name":"Fundaci\u00f3n Joan Mir\u00f3","description":"","url":"","address":{"@type":"PostalAddress","streetAddress":"Parc de Montju\u00efc, s\/n, 08038 Barcelona mapa","addressLocality":"Barcelona","addressRegion":"Barcelona","postalCode":"08038","addressCountry":"Spain"},"telephone":"","sameAs":""},"organizer":{"@type":"Person","name":"Fundaci\u00f3n Joan Mir\u00f3","description":"","url":"https:\/\/www.fmirobcn.org\/ca\/","telephone":"","email":"","sameAs":"https:\/\/www.fmirobcn.org\/ca\/"},"offers":{"@type":"Offer","price":"10","priceCurrency":"EUR","url":"https:\/\/a-desk.org\/en\/agenda\/reencarnacions-v-menjar-xavier-olive-i-joan-brossa-encarnats-per-laia-fabre-i-liminal\/","category":"primary","availability":"inStock","validFrom":"1970-01-01T00:00:00+00:00"},"performer":"Organization"}}