{"id":19079,"date":"2014-03-31T01:00:00","date_gmt":"2014-03-31T01:00:00","guid":{"rendered":"http:\/\/a-desk.org\/2014\/03\/31\/con-los-zapatos-lijados-para-que\/"},"modified":"2014-03-31T01:00:00","modified_gmt":"2014-03-31T01:00:00","slug":"con-los-zapatos-lijados-para-que","status":"publish","type":"post","link":"https:\/\/a-desk.org\/en\/magazine\/con-los-zapatos-lijados-para-que\/","title":{"rendered":"Con los zapatos lijados, para que no pase desapercibida: Ferm\u00edn Jim\u00e9nez Landa y El lago de los cisnes"},"content":{"rendered":"<p><img decoding=\"async\" class=\" alignleft size-full wp-image-8737\" src=\"http:\/\/a-desk.org\/wp-content\/uploads\/2014\/03\/fermin.png\" alt=\"fermin.png\" align=\"left\" width=\"670\" height=\"447\" srcset=\"https:\/\/a-desk.org\/wp-content\/uploads\/2014\/03\/fermin.png 670w, https:\/\/a-desk.org\/wp-content\/uploads\/2014\/03\/fermin-595x397.png 595w\" sizes=\"(max-width: 670px) 100vw, 670px\" \/><br \/>\nPoco importa que su estreno estuviese marcado por los desajustes entre la m\u00fasica y la coreograf\u00eda, por el escaso \u00e9xito que logr\u00f3 a todos los niveles. Porque ni p\u00fablico ni cr\u00edtica se apiadaron de <em>El lago de los cisnes<\/em> cuando la partitura de Tchaikovski son\u00f3 por primera vez en el Teatro Bolsh\u00f3i de Mosc\u00fa en 1877. <\/p>\n<p>Ferm\u00edn Jim\u00e9nez Landa la ha puesto a sonar de nuevo en la galer\u00eda Bacelos de Vigo, con el suelo cubierto de papel de lija. Poco importa todo lo dicho porque Jim\u00e9nez Landa explica que podr\u00eda haber sido <em>Cascanueces<\/em> o <em>El Danubio Azul<\/em>, pero ha sido <em>El lago de los cisnes<\/em>, simplemente porque en relaci\u00f3n con los dos mil pliegos de lija utilizados, se genera <em>un aspecto acentuadamente seco, \u00e1spero, que es muy poco lago y muy poco cisne<\/em>.<\/p>\n<p>La primera vez que vi a Ferm\u00edn Jim\u00e9nez Landa, \u00e9l estaba bajo una mesa, elaborando un mosaico, separando confeti por colores en lo que titul\u00f3: <em>Arrebato de tedio<\/em>. Sobre las paredes del stand que Bacelos regentaba esos d\u00edas en ARCO\u201913, colgaban las hojas que una m\u00e9dium hab\u00eda garabateado en una presunta conversaci\u00f3n con F\u00e9lix Rodr\u00edguez de la Fuente. El trabajo de Jim\u00e9nez Landa se vuelve delirante, pero siempre bajo control. Sus acciones producen una sensaci\u00f3n de estar frente a algo que no ha sido pensado m\u00e1s all\u00e1 de un breve instante. Sin embargo, echando un ojo a Moby Dick, el libro en el que se re\u00fanen los trabajos que el artista ha realizado entre 2011 y 2013, esos gestos supuestamente despreocupados adquieren una dimensi\u00f3n mayor.<\/p>\n<p>Provocar esa sensaci\u00f3n de cercan\u00eda, de que los gestos son aparentemente precipitados y sencillos, insta al p\u00fablico a considerar estos trabajos cercanos a la par que elementales. Que se les podr\u00edan haber ocurrido a ellos, por supuesto. Pensar en las acciones de William Wegman o Bas Jan Ader, o en Faemino y Cansado cuando hablan de la <em>evidente<\/em> simpleza de su actividad. <\/p>\n<p>Lo interesante del trabajo de Jim\u00e9nez Landa es, en primer lugar, que se le ha ocurrido a \u00e9l. Lo segundo, la falta de prejuicios a la hora de sacar adelante peque\u00f1as ideas que, fruto de una larga reflexi\u00f3n, provocan esa sensaci\u00f3n de la que la mayor\u00eda de los artistas huye.    <\/p>\n<p>Ahora, entrar en el espacio de la galer\u00eda Bacelos resulta inquietante por la limpieza de sus paredes. Jim\u00e9nez Landa ha decidido dejarlas en blanco y ha convertido el suelo en un azaroso mosaico sobre el que uno a uno ha pegado todos esos pliegos naranjas y verdes. No hay un orden preestablecido, todo responde al capricho de un artista que decide generar un espacio por el que pasear se convierte en un acto extra\u00f1o, desagradable cuando descubres que la lija no facilita tu desplazamiento, y piensas en esos bailarines de ballet desliz\u00e1ndose por el escenario; por lo dif\u00edcil que resultar\u00eda acompasar m\u00fasica y baile en ese espacio al que has entrado a no ver nada, sino a sentir el leve crujido que tus pasos provocan mientras Tchaikovski suena a todo volumen.  <\/p>\n<p>Ferm\u00edn Jim\u00e9nez Landa es uno de esos artistas con los que puedes mantener una conversaci\u00f3n que siempre lleva a esos atolladeros en los que por norma general nadie repara. Relata durante un viaje en coche una experiencia personal vivida hace a\u00f1os con Leopoldo Mar\u00eda Panero y es inevitable pensar en Peter Pan, porque a lo cercano de sus gestos se une lo lejano de pertenecer a un estadio temporal que desgraciadamente se nos ha escapado. Todos y cada uno de sus trabajos arrastran a partes iguales la ingenuidad y la picaresca infantil, al mismo tiempo que cuentan con los referentes de un post-conceptual basado en la iron\u00eda que es tan dif\u00edcil mostrar en su justa medida. Cuando buscamos crear algo para todos, pero sin caer en lo vulgar, podemos echar mano del cine y citar casos como los de Ernst Lubitsch, Luis Garc\u00eda Berlanga o Aki Kaurism\u00e4ki, gente capaz de tirarnos a la cara nuestras miserias en clave de humor, para que tras pasar un buen rato, volvamos a casa y descubramos que esas pel\u00edculas llegan, como la primera edici\u00f3n de <em>Memoires<\/em> de Guy Debord y Asger Jorn, cubiertas de lija, para que jam\u00e1s pasen desapercibidas all\u00e1 por donde vayan.    <\/p>\n","protected":false},"excerpt":{"rendered":"<p>Poco importa que su estreno estuviese marcado por los desajustes entre la m\u00fasica y la coreograf\u00eda, por el escaso \u00e9xito que logr\u00f3 a todos los niveles. Porque ni p\u00fablico ni&#8230;<\/p>\n","protected":false},"author":1268,"featured_media":15432,"comment_status":"open","ping_status":"open","sticky":false,"template":"","format":"standard","meta":{"_relevanssi_hide_post":"","_relevanssi_hide_content":"","_relevanssi_pin_for_all":"","_relevanssi_pin_keywords":"","_relevanssi_unpin_keywords":"","_relevanssi_related_keywords":"","_relevanssi_related_include_ids":"","_relevanssi_related_exclude_ids":"","_relevanssi_related_no_append":"","_relevanssi_related_not_related":"","_relevanssi_related_posts":"","_relevanssi_noindex_reason":"","footnotes":""},"categories":[6783],"tags":[],"coauthors":[],"acf":[],"yoast_head":"<!-- This site is optimized with the Yoast SEO plugin v22.6 - https:\/\/yoast.com\/wordpress\/plugins\/seo\/ -->\n<title>Con los zapatos lijados, para que no pase desapercibida: Ferm\u00edn Jim\u00e9nez Landa y El lago de los cisnes &#8211; A*Desk<\/title>\n<meta name=\"robots\" content=\"index, follow, max-snippet:-1, max-image-preview:large, max-video-preview:-1\" \/>\n<link rel=\"canonical\" href=\"https:\/\/a-desk.org\/magazine\/con-los-zapatos-lijados-para-que\/\" \/>\n<meta property=\"og:locale\" content=\"en_US\" \/>\n<meta property=\"og:type\" content=\"article\" \/>\n<meta property=\"og:title\" content=\"Con los zapatos lijados, para que no pase desapercibida: Ferm\u00edn Jim\u00e9nez Landa y El lago de los cisnes &#8211; A*Desk\" \/>\n<meta property=\"og:description\" content=\"Poco importa que su estreno estuviese marcado por los desajustes entre la m\u00fasica y la coreograf\u00eda, por el escaso \u00e9xito que logr\u00f3 a todos los niveles. Porque ni p\u00fablico ni...\" \/>\n<meta property=\"og:url\" content=\"https:\/\/a-desk.org\/magazine\/con-los-zapatos-lijados-para-que\/\" \/>\n<meta property=\"og:site_name\" content=\"A*Desk\" \/>\n<meta property=\"article:published_time\" content=\"2014-03-31T01:00:00+00:00\" \/>\n<meta property=\"og:image\" content=\"https:\/\/a-desk.org\/wp-content\/uploads\/2014\/03\/fermin.png\" \/>\n\t<meta property=\"og:image:width\" content=\"670\" \/>\n\t<meta property=\"og:image:height\" content=\"447\" \/>\n\t<meta property=\"og:image:type\" content=\"image\/png\" \/>\n<meta name=\"author\" content=\"\u00c1ngel Calvo Ulloa\" \/>\n<meta name=\"twitter:card\" content=\"summary_large_image\" \/>\n<meta name=\"twitter:label1\" content=\"Written by\" \/>\n\t<meta name=\"twitter:data1\" content=\"\u00c1ngel Calvo Ulloa\" \/>\n\t<meta name=\"twitter:label2\" content=\"Est. reading time\" \/>\n\t<meta name=\"twitter:data2\" content=\"4 minutes\" \/>\n<script type=\"application\/ld+json\" class=\"yoast-schema-graph\">{\"@context\":\"https:\/\/schema.org\",\"@graph\":[{\"@type\":\"WebPage\",\"@id\":\"https:\/\/a-desk.org\/magazine\/con-los-zapatos-lijados-para-que\/\",\"url\":\"https:\/\/a-desk.org\/magazine\/con-los-zapatos-lijados-para-que\/\",\"name\":\"Con los zapatos lijados, para que no pase desapercibida: Ferm\u00edn Jim\u00e9nez Landa y El lago de los cisnes &#8211; A*Desk\",\"isPartOf\":{\"@id\":\"https:\/\/a-desk.org\/#website\"},\"primaryImageOfPage\":{\"@id\":\"https:\/\/a-desk.org\/magazine\/con-los-zapatos-lijados-para-que\/#primaryimage\"},\"image\":{\"@id\":\"https:\/\/a-desk.org\/magazine\/con-los-zapatos-lijados-para-que\/#primaryimage\"},\"thumbnailUrl\":\"https:\/\/a-desk.org\/wp-content\/uploads\/2014\/03\/fermin.png\",\"datePublished\":\"2014-03-31T01:00:00+00:00\",\"dateModified\":\"2014-03-31T01:00:00+00:00\",\"author\":{\"@id\":\"https:\/\/a-desk.org\/#\/schema\/person\/aa5343d9283d358682ee0ccf2195a5ce\"},\"breadcrumb\":{\"@id\":\"https:\/\/a-desk.org\/magazine\/con-los-zapatos-lijados-para-que\/#breadcrumb\"},\"inLanguage\":\"en-US\",\"potentialAction\":[{\"@type\":\"ReadAction\",\"target\":[\"https:\/\/a-desk.org\/magazine\/con-los-zapatos-lijados-para-que\/\"]}]},{\"@type\":\"ImageObject\",\"inLanguage\":\"en-US\",\"@id\":\"https:\/\/a-desk.org\/magazine\/con-los-zapatos-lijados-para-que\/#primaryimage\",\"url\":\"https:\/\/a-desk.org\/wp-content\/uploads\/2014\/03\/fermin.png\",\"contentUrl\":\"https:\/\/a-desk.org\/wp-content\/uploads\/2014\/03\/fermin.png\",\"width\":670,\"height\":447},{\"@type\":\"BreadcrumbList\",\"@id\":\"https:\/\/a-desk.org\/magazine\/con-los-zapatos-lijados-para-que\/#breadcrumb\",\"itemListElement\":[{\"@type\":\"ListItem\",\"position\":1,\"name\":\"Portada\",\"item\":\"https:\/\/a-desk.org\/en\/\"},{\"@type\":\"ListItem\",\"position\":2,\"name\":\"Con los zapatos lijados, para que no pase desapercibida: Ferm\u00edn Jim\u00e9nez Landa y El lago de los cisnes\"}]},{\"@type\":\"WebSite\",\"@id\":\"https:\/\/a-desk.org\/#website\",\"url\":\"https:\/\/a-desk.org\/\",\"name\":\"A*Desk\",\"description\":\"A*Desk Critical Thinking\",\"potentialAction\":[{\"@type\":\"SearchAction\",\"target\":{\"@type\":\"EntryPoint\",\"urlTemplate\":\"https:\/\/a-desk.org\/?s={search_term_string}\"},\"query-input\":\"required name=search_term_string\"}],\"inLanguage\":\"en-US\"},{\"@type\":\"Person\",\"@id\":\"https:\/\/a-desk.org\/#\/schema\/person\/aa5343d9283d358682ee0ccf2195a5ce\",\"name\":\"\u00c1ngel Calvo Ulloa\",\"image\":{\"@type\":\"ImageObject\",\"inLanguage\":\"en-US\",\"@id\":\"https:\/\/a-desk.org\/#\/schema\/person\/image\/5efcb3cc979dad39f823143cba45214c\",\"url\":\"https:\/\/secure.gravatar.com\/avatar\/18d27f5800ee49b0abb26eb9e5bfe8e6?s=96&d=mm&r=g\",\"contentUrl\":\"https:\/\/secure.gravatar.com\/avatar\/18d27f5800ee49b0abb26eb9e5bfe8e6?s=96&d=mm&r=g\",\"caption\":\"\u00c1ngel Calvo Ulloa\"},\"url\":\"https:\/\/a-desk.org\/en\/autor\/angel\/\"}]}<\/script>\n<!-- \/ Yoast SEO plugin. -->","yoast_head_json":{"title":"Con los zapatos lijados, para que no pase desapercibida: Ferm\u00edn Jim\u00e9nez Landa y El lago de los cisnes &#8211; A*Desk","robots":{"index":"index","follow":"follow","max-snippet":"max-snippet:-1","max-image-preview":"max-image-preview:large","max-video-preview":"max-video-preview:-1"},"canonical":"https:\/\/a-desk.org\/magazine\/con-los-zapatos-lijados-para-que\/","og_locale":"en_US","og_type":"article","og_title":"Con los zapatos lijados, para que no pase desapercibida: Ferm\u00edn Jim\u00e9nez Landa y El lago de los cisnes &#8211; A*Desk","og_description":"Poco importa que su estreno estuviese marcado por los desajustes entre la m\u00fasica y la coreograf\u00eda, por el escaso \u00e9xito que logr\u00f3 a todos los niveles. Porque ni p\u00fablico ni...","og_url":"https:\/\/a-desk.org\/magazine\/con-los-zapatos-lijados-para-que\/","og_site_name":"A*Desk","article_published_time":"2014-03-31T01:00:00+00:00","og_image":[{"width":670,"height":447,"url":"https:\/\/a-desk.org\/wp-content\/uploads\/2014\/03\/fermin.png","type":"image\/png"}],"author":"\u00c1ngel Calvo Ulloa","twitter_card":"summary_large_image","twitter_misc":{"Written by":"\u00c1ngel Calvo Ulloa","Est. reading time":"4 minutes"},"schema":{"@context":"https:\/\/schema.org","@graph":[{"@type":"WebPage","@id":"https:\/\/a-desk.org\/magazine\/con-los-zapatos-lijados-para-que\/","url":"https:\/\/a-desk.org\/magazine\/con-los-zapatos-lijados-para-que\/","name":"Con los zapatos lijados, para que no pase desapercibida: Ferm\u00edn Jim\u00e9nez Landa y El lago de los cisnes &#8211; A*Desk","isPartOf":{"@id":"https:\/\/a-desk.org\/#website"},"primaryImageOfPage":{"@id":"https:\/\/a-desk.org\/magazine\/con-los-zapatos-lijados-para-que\/#primaryimage"},"image":{"@id":"https:\/\/a-desk.org\/magazine\/con-los-zapatos-lijados-para-que\/#primaryimage"},"thumbnailUrl":"https:\/\/a-desk.org\/wp-content\/uploads\/2014\/03\/fermin.png","datePublished":"2014-03-31T01:00:00+00:00","dateModified":"2014-03-31T01:00:00+00:00","author":{"@id":"https:\/\/a-desk.org\/#\/schema\/person\/aa5343d9283d358682ee0ccf2195a5ce"},"breadcrumb":{"@id":"https:\/\/a-desk.org\/magazine\/con-los-zapatos-lijados-para-que\/#breadcrumb"},"inLanguage":"en-US","potentialAction":[{"@type":"ReadAction","target":["https:\/\/a-desk.org\/magazine\/con-los-zapatos-lijados-para-que\/"]}]},{"@type":"ImageObject","inLanguage":"en-US","@id":"https:\/\/a-desk.org\/magazine\/con-los-zapatos-lijados-para-que\/#primaryimage","url":"https:\/\/a-desk.org\/wp-content\/uploads\/2014\/03\/fermin.png","contentUrl":"https:\/\/a-desk.org\/wp-content\/uploads\/2014\/03\/fermin.png","width":670,"height":447},{"@type":"BreadcrumbList","@id":"https:\/\/a-desk.org\/magazine\/con-los-zapatos-lijados-para-que\/#breadcrumb","itemListElement":[{"@type":"ListItem","position":1,"name":"Portada","item":"https:\/\/a-desk.org\/en\/"},{"@type":"ListItem","position":2,"name":"Con los zapatos lijados, para que no pase desapercibida: Ferm\u00edn Jim\u00e9nez Landa y El lago de los cisnes"}]},{"@type":"WebSite","@id":"https:\/\/a-desk.org\/#website","url":"https:\/\/a-desk.org\/","name":"A*Desk","description":"A*Desk Critical Thinking","potentialAction":[{"@type":"SearchAction","target":{"@type":"EntryPoint","urlTemplate":"https:\/\/a-desk.org\/?s={search_term_string}"},"query-input":"required name=search_term_string"}],"inLanguage":"en-US"},{"@type":"Person","@id":"https:\/\/a-desk.org\/#\/schema\/person\/aa5343d9283d358682ee0ccf2195a5ce","name":"\u00c1ngel Calvo Ulloa","image":{"@type":"ImageObject","inLanguage":"en-US","@id":"https:\/\/a-desk.org\/#\/schema\/person\/image\/5efcb3cc979dad39f823143cba45214c","url":"https:\/\/secure.gravatar.com\/avatar\/18d27f5800ee49b0abb26eb9e5bfe8e6?s=96&d=mm&r=g","contentUrl":"https:\/\/secure.gravatar.com\/avatar\/18d27f5800ee49b0abb26eb9e5bfe8e6?s=96&d=mm&r=g","caption":"\u00c1ngel Calvo Ulloa"},"url":"https:\/\/a-desk.org\/en\/autor\/angel\/"}]}},"_links":{"self":[{"href":"https:\/\/a-desk.org\/en\/wp-json\/wp\/v2\/posts\/19079"}],"collection":[{"href":"https:\/\/a-desk.org\/en\/wp-json\/wp\/v2\/posts"}],"about":[{"href":"https:\/\/a-desk.org\/en\/wp-json\/wp\/v2\/types\/post"}],"author":[{"embeddable":true,"href":"https:\/\/a-desk.org\/en\/wp-json\/wp\/v2\/users\/1268"}],"replies":[{"embeddable":true,"href":"https:\/\/a-desk.org\/en\/wp-json\/wp\/v2\/comments?post=19079"}],"version-history":[{"count":0,"href":"https:\/\/a-desk.org\/en\/wp-json\/wp\/v2\/posts\/19079\/revisions"}],"wp:featuredmedia":[{"embeddable":true,"href":"https:\/\/a-desk.org\/en\/wp-json\/wp\/v2\/media\/15432"}],"wp:attachment":[{"href":"https:\/\/a-desk.org\/en\/wp-json\/wp\/v2\/media?parent=19079"}],"wp:term":[{"taxonomy":"category","embeddable":true,"href":"https:\/\/a-desk.org\/en\/wp-json\/wp\/v2\/categories?post=19079"},{"taxonomy":"post_tag","embeddable":true,"href":"https:\/\/a-desk.org\/en\/wp-json\/wp\/v2\/tags?post=19079"},{"taxonomy":"author","embeddable":true,"href":"https:\/\/a-desk.org\/en\/wp-json\/wp\/v2\/coauthors?post=19079"}],"curies":[{"name":"wp","href":"https:\/\/api.w.org\/{rel}","templated":true}]}}