{"id":19093,"date":"2014-03-16T01:01:00","date_gmt":"2014-03-16T01:01:00","guid":{"rendered":"http:\/\/a-desk.org\/2014\/03\/16\/las-vidas-perfectas-de-robert\/"},"modified":"2014-03-16T01:01:00","modified_gmt":"2014-03-16T01:01:00","slug":"las-vidas-perfectas-de-robert","status":"publish","type":"post","link":"https:\/\/a-desk.org\/en\/magazine\/las-vidas-perfectas-de-robert\/","title":{"rendered":"Las vidas perfectas de Robert Ashley"},"content":{"rendered":"<p>En el centro del escenario no encontramos ni a la orquesta, ni a los \u00abperformers\u00bb, ni tan siquiera a la m\u00fasica; en \u00e9l aparece \u00fanicamente el compositor, voz metaf\u00f3rica y literal que produce toda la obra. Tambi\u00e9n caemos en el error de agudizar nuestros o\u00eddos para alcanzar la m\u00fasica, pero esta no suena igual a como estamos acostumbrados; debemos pensar la m\u00fasica en historias. Lo que cre\u00edamos una representaci\u00f3n oper\u00edstica m\u00e1s nos sorprende al convertirse en un paisaje pol\u00edtico; lo que nos est\u00e1n contando se ha colocado por fin en el lugar apropiado: un parque, un supermercado, una televisi\u00f3n&#8230; As\u00ed de contundente defin\u00eda el concepto de \u00ab\u00f3pera\u00bb <a href=\"http:\/\/www.robertashley.org\">Robert Ashley<\/a>. <\/p>\n<p>Sabemos lo que ocurre, todo el mundo habla, no existe en la obra una versi\u00f3n acabada, definitiva; el flujo es denso y no existe idealizaci\u00f3n posible, son nuestras vidas perfectas las que Ashley expone. Es un contador de historias que encontr\u00f3 una estructura para poder plantearnos \u00bfen qui\u00e9n nos convertimos al escuchar la m\u00fasica de otros? <\/p>\n<p>\u00ab<em>Robert Ashley muri\u00f3 el 3 de marzo de 2014, tres meses despu\u00e9s de que acabara su \u00faltima \u00f3pera \u201cCrash\u201d, y mientras se estaban llevando a cabo los ensayos para su estreno en la 2014 Museo Whitney Biennial<\/em>\u00bb. Con esta escueta nota en su p\u00e1gina web conoc\u00edamos la desaparici\u00f3n de uno de los grandes de la m\u00fasica experimental y de la performance. <\/p>\n<p><iframe loading=\"lazy\" src=\"\/\/player.vimeo.com\/video\/37773090\" width=\"670\" height=\"377\" frameborder=\"0\" webkitallowfullscreen mozallowfullscreen allowfullscreen><\/iframe> <\/p>\n<p><a href=\"http:\/\/vimeo.com\/37773090\">3:00pm &#8220;The Supermarket&#8221;<\/a> from <a href=\"http:\/\/vimeo.com\/varispeed\">Varispeed Collective<\/a> on <a href=\"https:\/\/vimeo.com\">Vimeo<\/a>.<\/p>\n","protected":false},"excerpt":{"rendered":"<p>En el centro del escenario no encontramos ni a la orquesta, ni a los \u00abperformers\u00bb, ni tan siquiera a la m\u00fasica; en \u00e9l aparece \u00fanicamente el compositor, voz metaf\u00f3rica y&#8230;<\/p>\n","protected":false},"author":1284,"featured_media":0,"comment_status":"open","ping_status":"open","sticky":false,"template":"","format":"standard","meta":{"_relevanssi_hide_post":"","_relevanssi_hide_content":"","_relevanssi_pin_for_all":"","_relevanssi_pin_keywords":"","_relevanssi_unpin_keywords":"","_relevanssi_related_keywords":"","_relevanssi_related_include_ids":"","_relevanssi_related_exclude_ids":"","_relevanssi_related_no_append":"","_relevanssi_related_not_related":"","_relevanssi_related_posts":"","_relevanssi_noindex_reason":"","footnotes":""},"categories":[6783],"tags":[],"coauthors":[],"acf":[],"yoast_head":"<!-- This site is optimized with the Yoast SEO plugin v22.6 - https:\/\/yoast.com\/wordpress\/plugins\/seo\/ -->\n<title>Las vidas perfectas de Robert Ashley &#8211; A*Desk<\/title>\n<meta name=\"robots\" content=\"index, follow, max-snippet:-1, max-image-preview:large, max-video-preview:-1\" \/>\n<link rel=\"canonical\" href=\"https:\/\/a-desk.org\/magazine\/las-vidas-perfectas-de-robert\/\" \/>\n<meta property=\"og:locale\" content=\"en_US\" \/>\n<meta property=\"og:type\" content=\"article\" \/>\n<meta property=\"og:title\" content=\"Las vidas perfectas de Robert Ashley &#8211; A*Desk\" \/>\n<meta property=\"og:description\" content=\"En el centro del escenario no encontramos ni a la orquesta, ni a los \u00abperformers\u00bb, ni tan siquiera a la m\u00fasica; en \u00e9l aparece \u00fanicamente el compositor, voz metaf\u00f3rica y...\" \/>\n<meta property=\"og:url\" content=\"https:\/\/a-desk.org\/magazine\/las-vidas-perfectas-de-robert\/\" \/>\n<meta property=\"og:site_name\" content=\"A*Desk\" \/>\n<meta property=\"article:published_time\" content=\"2014-03-16T01:01:00+00:00\" \/>\n<meta property=\"og:image\" content=\"https:\/\/a-desk.org\/wp-content\/uploads\/2025\/09\/a-desk-critical-thinking.jpg\" \/>\n\t<meta property=\"og:image:width\" content=\"1200\" \/>\n\t<meta property=\"og:image:height\" content=\"675\" \/>\n\t<meta property=\"og:image:type\" content=\"image\/jpeg\" \/>\n<meta name=\"author\" content=\"Susana G. Romanos\" \/>\n<meta name=\"twitter:card\" content=\"summary_large_image\" \/>\n<meta name=\"twitter:label1\" content=\"Written by\" \/>\n\t<meta name=\"twitter:data1\" content=\"Susana G. Romanos\" \/>\n\t<meta name=\"twitter:label2\" content=\"Est. reading time\" \/>\n\t<meta name=\"twitter:data2\" content=\"1 minute\" \/>\n<script type=\"application\/ld+json\" class=\"yoast-schema-graph\">{\"@context\":\"https:\/\/schema.org\",\"@graph\":[{\"@type\":\"WebPage\",\"@id\":\"https:\/\/a-desk.org\/magazine\/las-vidas-perfectas-de-robert\/\",\"url\":\"https:\/\/a-desk.org\/magazine\/las-vidas-perfectas-de-robert\/\",\"name\":\"Las vidas perfectas de Robert Ashley &#8211; A*Desk\",\"isPartOf\":{\"@id\":\"https:\/\/a-desk.org\/#website\"},\"datePublished\":\"2014-03-16T01:01:00+00:00\",\"dateModified\":\"2014-03-16T01:01:00+00:00\",\"author\":{\"@id\":\"https:\/\/a-desk.org\/#\/schema\/person\/3ad5a412eb0505e958071fa928a61872\"},\"breadcrumb\":{\"@id\":\"https:\/\/a-desk.org\/magazine\/las-vidas-perfectas-de-robert\/#breadcrumb\"},\"inLanguage\":\"en-US\",\"potentialAction\":[{\"@type\":\"ReadAction\",\"target\":[\"https:\/\/a-desk.org\/magazine\/las-vidas-perfectas-de-robert\/\"]}]},{\"@type\":\"BreadcrumbList\",\"@id\":\"https:\/\/a-desk.org\/magazine\/las-vidas-perfectas-de-robert\/#breadcrumb\",\"itemListElement\":[{\"@type\":\"ListItem\",\"position\":1,\"name\":\"Portada\",\"item\":\"https:\/\/a-desk.org\/en\/\"},{\"@type\":\"ListItem\",\"position\":2,\"name\":\"Las vidas perfectas de Robert Ashley\"}]},{\"@type\":\"WebSite\",\"@id\":\"https:\/\/a-desk.org\/#website\",\"url\":\"https:\/\/a-desk.org\/\",\"name\":\"A*Desk\",\"description\":\"A*Desk Critical Thinking\",\"potentialAction\":[{\"@type\":\"SearchAction\",\"target\":{\"@type\":\"EntryPoint\",\"urlTemplate\":\"https:\/\/a-desk.org\/?s={search_term_string}\"},\"query-input\":\"required name=search_term_string\"}],\"inLanguage\":\"en-US\"},{\"@type\":\"Person\",\"@id\":\"https:\/\/a-desk.org\/#\/schema\/person\/3ad5a412eb0505e958071fa928a61872\",\"name\":\"Susana G. Romanos\",\"image\":{\"@type\":\"ImageObject\",\"inLanguage\":\"en-US\",\"@id\":\"https:\/\/a-desk.org\/#\/schema\/person\/image\/b1c31c782ad5d11278a87fdf27da015e\",\"url\":\"https:\/\/secure.gravatar.com\/avatar\/c18ca23911e4b8d6160118009a439e28?s=96&d=mm&r=g\",\"contentUrl\":\"https:\/\/secure.gravatar.com\/avatar\/c18ca23911e4b8d6160118009a439e28?s=96&d=mm&r=g\",\"caption\":\"Susana G. Romanos\"},\"url\":\"https:\/\/a-desk.org\/en\/autor\/romanos\/\"}]}<\/script>\n<!-- \/ Yoast SEO plugin. -->","yoast_head_json":{"title":"Las vidas perfectas de Robert Ashley &#8211; A*Desk","robots":{"index":"index","follow":"follow","max-snippet":"max-snippet:-1","max-image-preview":"max-image-preview:large","max-video-preview":"max-video-preview:-1"},"canonical":"https:\/\/a-desk.org\/magazine\/las-vidas-perfectas-de-robert\/","og_locale":"en_US","og_type":"article","og_title":"Las vidas perfectas de Robert Ashley &#8211; A*Desk","og_description":"En el centro del escenario no encontramos ni a la orquesta, ni a los \u00abperformers\u00bb, ni tan siquiera a la m\u00fasica; en \u00e9l aparece \u00fanicamente el compositor, voz metaf\u00f3rica y...","og_url":"https:\/\/a-desk.org\/magazine\/las-vidas-perfectas-de-robert\/","og_site_name":"A*Desk","article_published_time":"2014-03-16T01:01:00+00:00","og_image":[{"width":1200,"height":675,"url":"https:\/\/a-desk.org\/wp-content\/uploads\/2025\/09\/a-desk-critical-thinking.jpg","type":"image\/jpeg"}],"author":"Susana G. Romanos","twitter_card":"summary_large_image","twitter_misc":{"Written by":"Susana G. Romanos","Est. reading time":"1 minute"},"schema":{"@context":"https:\/\/schema.org","@graph":[{"@type":"WebPage","@id":"https:\/\/a-desk.org\/magazine\/las-vidas-perfectas-de-robert\/","url":"https:\/\/a-desk.org\/magazine\/las-vidas-perfectas-de-robert\/","name":"Las vidas perfectas de Robert Ashley &#8211; A*Desk","isPartOf":{"@id":"https:\/\/a-desk.org\/#website"},"datePublished":"2014-03-16T01:01:00+00:00","dateModified":"2014-03-16T01:01:00+00:00","author":{"@id":"https:\/\/a-desk.org\/#\/schema\/person\/3ad5a412eb0505e958071fa928a61872"},"breadcrumb":{"@id":"https:\/\/a-desk.org\/magazine\/las-vidas-perfectas-de-robert\/#breadcrumb"},"inLanguage":"en-US","potentialAction":[{"@type":"ReadAction","target":["https:\/\/a-desk.org\/magazine\/las-vidas-perfectas-de-robert\/"]}]},{"@type":"BreadcrumbList","@id":"https:\/\/a-desk.org\/magazine\/las-vidas-perfectas-de-robert\/#breadcrumb","itemListElement":[{"@type":"ListItem","position":1,"name":"Portada","item":"https:\/\/a-desk.org\/en\/"},{"@type":"ListItem","position":2,"name":"Las vidas perfectas de Robert Ashley"}]},{"@type":"WebSite","@id":"https:\/\/a-desk.org\/#website","url":"https:\/\/a-desk.org\/","name":"A*Desk","description":"A*Desk Critical Thinking","potentialAction":[{"@type":"SearchAction","target":{"@type":"EntryPoint","urlTemplate":"https:\/\/a-desk.org\/?s={search_term_string}"},"query-input":"required name=search_term_string"}],"inLanguage":"en-US"},{"@type":"Person","@id":"https:\/\/a-desk.org\/#\/schema\/person\/3ad5a412eb0505e958071fa928a61872","name":"Susana G. Romanos","image":{"@type":"ImageObject","inLanguage":"en-US","@id":"https:\/\/a-desk.org\/#\/schema\/person\/image\/b1c31c782ad5d11278a87fdf27da015e","url":"https:\/\/secure.gravatar.com\/avatar\/c18ca23911e4b8d6160118009a439e28?s=96&d=mm&r=g","contentUrl":"https:\/\/secure.gravatar.com\/avatar\/c18ca23911e4b8d6160118009a439e28?s=96&d=mm&r=g","caption":"Susana G. Romanos"},"url":"https:\/\/a-desk.org\/en\/autor\/romanos\/"}]}},"_links":{"self":[{"href":"https:\/\/a-desk.org\/en\/wp-json\/wp\/v2\/posts\/19093"}],"collection":[{"href":"https:\/\/a-desk.org\/en\/wp-json\/wp\/v2\/posts"}],"about":[{"href":"https:\/\/a-desk.org\/en\/wp-json\/wp\/v2\/types\/post"}],"author":[{"embeddable":true,"href":"https:\/\/a-desk.org\/en\/wp-json\/wp\/v2\/users\/1284"}],"replies":[{"embeddable":true,"href":"https:\/\/a-desk.org\/en\/wp-json\/wp\/v2\/comments?post=19093"}],"version-history":[{"count":0,"href":"https:\/\/a-desk.org\/en\/wp-json\/wp\/v2\/posts\/19093\/revisions"}],"wp:attachment":[{"href":"https:\/\/a-desk.org\/en\/wp-json\/wp\/v2\/media?parent=19093"}],"wp:term":[{"taxonomy":"category","embeddable":true,"href":"https:\/\/a-desk.org\/en\/wp-json\/wp\/v2\/categories?post=19093"},{"taxonomy":"post_tag","embeddable":true,"href":"https:\/\/a-desk.org\/en\/wp-json\/wp\/v2\/tags?post=19093"},{"taxonomy":"author","embeddable":true,"href":"https:\/\/a-desk.org\/en\/wp-json\/wp\/v2\/coauthors?post=19093"}],"curies":[{"name":"wp","href":"https:\/\/api.w.org\/{rel}","templated":true}]}}