{"id":19116,"date":"2014-02-21T01:00:00","date_gmt":"2014-02-21T01:00:00","guid":{"rendered":"http:\/\/a-desk.org\/2014\/02\/21\/bajo-el-asfalto-de-arco-las\/"},"modified":"2014-02-21T01:00:00","modified_gmt":"2014-02-21T01:00:00","slug":"bajo-el-asfalto-de-arco-las","status":"publish","type":"post","link":"https:\/\/a-desk.org\/en\/magazine\/bajo-el-asfalto-de-arco-las\/","title":{"rendered":"Bajo el asfalto de ARCO, las galer\u00edas."},"content":{"rendered":"<p><img decoding=\"async\" class=\" alignleft size-full wp-image-8656\" src=\"http:\/\/a-desk.org\/wp-content\/uploads\/2014\/02\/Fachada-Txomin-Badiola.jpg\" alt=\"Txomin Badiola. Capitalismo-Anal-Capitalism\" align=\"left\" width=\"670\" height=\"400\" srcset=\"https:\/\/a-desk.org\/wp-content\/uploads\/2014\/02\/Fachada-Txomin-Badiola.jpg 670w, https:\/\/a-desk.org\/wp-content\/uploads\/2014\/02\/Fachada-Txomin-Badiola-595x355.jpg 595w\" sizes=\"(max-width: 670px) 100vw, 670px\" \/><br \/>\nHace unas semanas las galer\u00edas de Madrid renovaron vestuario; a fin de cuentas el ambiente expositivo en torno a ARCO fomenta ponerse las mejores galas en vista a todos aquellos visitantes de la ciudad que, adem\u00e1s de recorrer los recintos feriales, tengan tiempo y ganas de pasearse por las calles de la ciudad. <\/p>\n<p>Febrero constituye un momento propicio para el deshielo y abundan las muestras con cierto riesgo. Los espacios de la calle Doctor Fourquet volvieron a hermanarse (es un decir) para inaugurar todos juntos, mientras que hac\u00eda escasos s\u00e1bados algunos se sumaron a la propuesta de los desayunos donde pudiera tomar parte la <em>milieu hipster<\/em>; atrapar p\u00fablico a trav\u00e9s del est\u00f3mago es una <a href=\"http:\/\/castracastro.blogspot.com.es\/2013\/10\/es-lavapies-el-nuevo-chelsea-madrileno.html\">estrategia viej\u00edsima del mundo galer\u00edstico<\/a>, nuevamente parece que exitosa. <\/p>\n<p>El esp\u00edritu de mercadillo tira salvas y v\u00edtores de felicidad, vendiendo las tripas del zorro antes de haberlo siquiera atrapado, porque ahora que el gobierno ha reducido los impuestos sospechan que las ventas ir\u00e1n a mejor; ah\u00ed aparece el concepto de tendero barrig\u00f3n y utilitarista marginalista que todo galerista lleva por fuera: puesto que hemos tocado fondo solo cabe de aqu\u00ed en adelante ser optimistas.<\/p>\n<p>\u00bfQu\u00e9 propuesta hacen las galer\u00edas madrile\u00f1as en paralelo a ARCO? Una apuesta pol\u00edtica. Abundan las muestras cargadas de inteligencia y sensibilidad hacia nuestro urgente momento econ\u00f3mico. Es el caso de <a href=\"http:\/\/www.galeriampa.com\"><em>Capitalismo Anal<\/em><\/a>, la vuelta de tuerca que imprime Txomin Badiola sobre sus movidas de siempre, Jean Luc Godard y Pier Paolo Pasolini, planteando las relaciones entre bienes de capital y lo escatol\u00f3gico: mierda, bo\u00f1iga y zurullo son varias formas de llamar lo inapelable, cualquiera dir\u00eda que componen el cogollo del llamado Sistema; las escenas impresas de <em>Sal\u00f3<\/em> o los <em>120 d\u00edas de Sodoma<\/em> (Pasolini, 1975) recuerdan la pregunta que subyace a su realizaci\u00f3n: \u00bfc\u00f3mo ser comunista hoy d\u00eda y no suicidarse en el intento? <\/p>\n<p>No es cosa f\u00e1cil; tampoco parece sencillo introducir en el circuito art\u00edstico documentos de rebeld\u00eda (que son documentos tambi\u00e9n de urbanidad: carteles, panfletos, etc\u00e9tera) sin restarles potencial pol\u00edtico, pero los <a href=\"http:\/\/www.espaciominimo.es\">Espacio M\u00ednimo<\/a> han hallado un artista mexicano, Joaqu\u00edn Segura, cuyo <em>Estado de excepci\u00f3n<\/em> despliega una panoplia de intervenciones revolucionarias sobre la opini\u00f3n p\u00fablica, desde declaraciones de guerrilleros hasta art\u00edculos de la gacetilla libertaria Tierra y Libertad (1907) traducidos al idioma de signos para sordomudos; aqu\u00ed tenemos el reverso de Thamsanqa Jantjie, el supuesto traductor que la li\u00f3 en el funeral de Mandela vertiendo los discursos a un lenguaje imaginario. El pasado resulta elocuente tanto en el caso de Segura como en el de Badiola, y tambi\u00e9n en la intervenci\u00f3n de Iv\u00e1n Candeo sobre el pladur de <a href=\"http:\/\/www.casasinfin.com\">Casa Sin Fin<\/a>, un dibujo de la llegada de Col\u00f3n a las Indias golpeado con martillo sobre las junturas. \u00bfT\u00edtulo? <em>Identidad y ruptura<\/em>. <\/p>\n<p>Estas tres apuestas art\u00edsticas establecen una relaci\u00f3n cr\u00edtica con el pasado, tal vez solo igualada por <em>Prontuario<\/em>, las fotos de lugares de la Guerra de Independencia Espa\u00f1ola (1808-1814) que Bleda y Rosa han combinado con textos de la \u00e9poca (ojito a la sintaxis barroca del oficial que informa de la derrota en Trafalgar al alto mando naval) en la imponente <a href=\"http:\/\/www.fucares.com\/esp\/\">galer\u00eda F\u00facares<\/a>. Atenci\u00f3n tambi\u00e9n a la colecci\u00f3n de pedruscos lanzados en manis, marchas y okupas que recoge Avelino Sala en su <em>Locked-in syndrome<\/em>, cortes\u00eda de <a href=\"http:\/\/www.poncerobles.com\">Ponce + Robles<\/a>, donde adem\u00e1s puede verse un v\u00eddeo del artista grabando los art\u00edculos de la Declaraci\u00f3n Universal de los Derechos Humanos en un bol\u00edgrafo a modo de chuleta; el ant\u00eddoto perfecto a la carnaza art\u00edstica de venta f\u00e1cil que sin duda nos espera en el interior del recinto ferial.<\/p>\n<p>Marlon de Azambuja, un artista polifac\u00e9tico y siempre cambiante se inclina esta vez por el formalismo y por cuestionar la hechura estructural de la propia obra. En la galer\u00eda <a href=\"http:\/\/www.maxestrella.com\">Max Estrella<\/a>, <em>Brutalismo<\/em> se llama la exposici\u00f3n, y su lema bien podr\u00eda atribuirse a Le Corbusier: <em>\u00abThe veracity of materials: concrete, bricks and stone, shall be maintained in all buildings, constructed or to be constructed\u00bb<\/em>. <\/p>\n<p>Sin embargo, la precariedad de las estructuras arquitect\u00f3nicas levantadas con gatos de hierro, sumados a los adoquines que suenan bajo las pisadas de los visitantes, quiz\u00e1 hablen de viejos asertos pol\u00edticos: la inestabilidad de las instituciones pretendidamente puristas y la mentada hasta la saciedad arena que \u2014seg\u00fan dec\u00edan en mayo del 68\u2014 nos espera bajo el asfalto. Tambi\u00e9n bajo el sarc\u00f3fago comercial de ARCO, que nos pillen confesados, hay material para escarbar y justificar la funci\u00f3n del arte, no solo como metacultura del capitalismo, sino tambi\u00e9n como su potencial opositor desde dentro.  <\/p>\n","protected":false},"excerpt":{"rendered":"<p>Hace unas semanas las galer\u00edas de Madrid renovaron vestuario; a fin de cuentas el ambiente expositivo en torno a ARCO fomenta ponerse las mejores galas en vista a todos aquellos&#8230;<\/p>\n","protected":false},"author":1297,"featured_media":15365,"comment_status":"open","ping_status":"open","sticky":false,"template":"","format":"standard","meta":{"_relevanssi_hide_post":"","_relevanssi_hide_content":"","_relevanssi_pin_for_all":"","_relevanssi_pin_keywords":"","_relevanssi_unpin_keywords":"","_relevanssi_related_keywords":"","_relevanssi_related_include_ids":"","_relevanssi_related_exclude_ids":"","_relevanssi_related_no_append":"","_relevanssi_related_not_related":"","_relevanssi_related_posts":"","_relevanssi_noindex_reason":"","footnotes":""},"categories":[6783],"tags":[],"coauthors":[],"acf":[],"yoast_head":"<!-- This site is optimized with the Yoast SEO plugin v22.6 - https:\/\/yoast.com\/wordpress\/plugins\/seo\/ -->\n<title>Bajo el asfalto de ARCO, las galer\u00edas. &#8211; A*Desk<\/title>\n<meta name=\"robots\" content=\"index, follow, max-snippet:-1, max-image-preview:large, max-video-preview:-1\" \/>\n<link rel=\"canonical\" href=\"https:\/\/a-desk.org\/magazine\/bajo-el-asfalto-de-arco-las\/\" \/>\n<meta property=\"og:locale\" content=\"en_US\" \/>\n<meta property=\"og:type\" content=\"article\" \/>\n<meta property=\"og:title\" content=\"Bajo el asfalto de ARCO, las galer\u00edas. &#8211; A*Desk\" \/>\n<meta property=\"og:description\" content=\"Hace unas semanas las galer\u00edas de Madrid renovaron vestuario; a fin de cuentas el ambiente expositivo en torno a ARCO fomenta ponerse las mejores galas en vista a todos aquellos...\" \/>\n<meta property=\"og:url\" content=\"https:\/\/a-desk.org\/magazine\/bajo-el-asfalto-de-arco-las\/\" \/>\n<meta property=\"og:site_name\" content=\"A*Desk\" \/>\n<meta property=\"article:published_time\" content=\"2014-02-21T01:00:00+00:00\" \/>\n<meta property=\"og:image\" content=\"https:\/\/a-desk.org\/wp-content\/uploads\/2014\/02\/Fachada-Txomin-Badiola.jpg\" \/>\n\t<meta property=\"og:image:width\" content=\"670\" \/>\n\t<meta property=\"og:image:height\" content=\"400\" \/>\n\t<meta property=\"og:image:type\" content=\"image\/jpeg\" \/>\n<meta name=\"author\" content=\"Ernesto Castro\" \/>\n<meta name=\"twitter:card\" content=\"summary_large_image\" \/>\n<meta name=\"twitter:label1\" content=\"Written by\" \/>\n\t<meta name=\"twitter:data1\" content=\"Ernesto Castro\" \/>\n\t<meta name=\"twitter:label2\" content=\"Est. reading time\" \/>\n\t<meta name=\"twitter:data2\" content=\"4 minutes\" \/>\n<script type=\"application\/ld+json\" class=\"yoast-schema-graph\">{\"@context\":\"https:\/\/schema.org\",\"@graph\":[{\"@type\":\"WebPage\",\"@id\":\"https:\/\/a-desk.org\/magazine\/bajo-el-asfalto-de-arco-las\/\",\"url\":\"https:\/\/a-desk.org\/magazine\/bajo-el-asfalto-de-arco-las\/\",\"name\":\"Bajo el asfalto de ARCO, las galer\u00edas. &#8211; A*Desk\",\"isPartOf\":{\"@id\":\"https:\/\/a-desk.org\/#website\"},\"primaryImageOfPage\":{\"@id\":\"https:\/\/a-desk.org\/magazine\/bajo-el-asfalto-de-arco-las\/#primaryimage\"},\"image\":{\"@id\":\"https:\/\/a-desk.org\/magazine\/bajo-el-asfalto-de-arco-las\/#primaryimage\"},\"thumbnailUrl\":\"https:\/\/a-desk.org\/wp-content\/uploads\/2014\/02\/Fachada-Txomin-Badiola.jpg\",\"datePublished\":\"2014-02-21T01:00:00+00:00\",\"dateModified\":\"2014-02-21T01:00:00+00:00\",\"author\":{\"@id\":\"https:\/\/a-desk.org\/#\/schema\/person\/2521411e38f462394563b251d8849074\"},\"breadcrumb\":{\"@id\":\"https:\/\/a-desk.org\/magazine\/bajo-el-asfalto-de-arco-las\/#breadcrumb\"},\"inLanguage\":\"en-US\",\"potentialAction\":[{\"@type\":\"ReadAction\",\"target\":[\"https:\/\/a-desk.org\/magazine\/bajo-el-asfalto-de-arco-las\/\"]}]},{\"@type\":\"ImageObject\",\"inLanguage\":\"en-US\",\"@id\":\"https:\/\/a-desk.org\/magazine\/bajo-el-asfalto-de-arco-las\/#primaryimage\",\"url\":\"https:\/\/a-desk.org\/wp-content\/uploads\/2014\/02\/Fachada-Txomin-Badiola.jpg\",\"contentUrl\":\"https:\/\/a-desk.org\/wp-content\/uploads\/2014\/02\/Fachada-Txomin-Badiola.jpg\",\"width\":670,\"height\":400},{\"@type\":\"BreadcrumbList\",\"@id\":\"https:\/\/a-desk.org\/magazine\/bajo-el-asfalto-de-arco-las\/#breadcrumb\",\"itemListElement\":[{\"@type\":\"ListItem\",\"position\":1,\"name\":\"Portada\",\"item\":\"https:\/\/a-desk.org\/en\/\"},{\"@type\":\"ListItem\",\"position\":2,\"name\":\"Bajo el asfalto de ARCO, las galer\u00edas.\"}]},{\"@type\":\"WebSite\",\"@id\":\"https:\/\/a-desk.org\/#website\",\"url\":\"https:\/\/a-desk.org\/\",\"name\":\"A*Desk\",\"description\":\"A*Desk Critical Thinking\",\"potentialAction\":[{\"@type\":\"SearchAction\",\"target\":{\"@type\":\"EntryPoint\",\"urlTemplate\":\"https:\/\/a-desk.org\/?s={search_term_string}\"},\"query-input\":\"required name=search_term_string\"}],\"inLanguage\":\"en-US\"},{\"@type\":\"Person\",\"@id\":\"https:\/\/a-desk.org\/#\/schema\/person\/2521411e38f462394563b251d8849074\",\"name\":\"Ernesto Castro\",\"image\":{\"@type\":\"ImageObject\",\"inLanguage\":\"en-US\",\"@id\":\"https:\/\/a-desk.org\/#\/schema\/person\/image\/1989a4185c1da02880ee8dec1cae421d\",\"url\":\"https:\/\/secure.gravatar.com\/avatar\/a80404f6395f11409f524ce39eacc1a0?s=96&d=mm&r=g\",\"contentUrl\":\"https:\/\/secure.gravatar.com\/avatar\/a80404f6395f11409f524ce39eacc1a0?s=96&d=mm&r=g\",\"caption\":\"Ernesto Castro\"},\"description\":\"Ernesto Castro (1990) es un truh\u00e1n, es un se\u00f1or. Comete faltas como si no hubiera un ma\u00f1ana. Las ortotipogr\u00e1ficas son sus preferidas. Pero tambi\u00e9n conjuga \u00e9stas con otras. A\u00fan falta a las buenas costumbres, por ejemplo. En \u00e9poca llevaba un bigote hitleriano. Es ver\u00eddico, forma parte del pasado. Ahora estudia, mucho y siempre. Por caridad, no le molesten. Tiene un blog: http:\/\/castracastro.blogspot.com.es\/\",\"sameAs\":[\"http:\/\/castracastro.blogspot.com.es\/\"],\"url\":\"https:\/\/a-desk.org\/en\/autor\/ernesto\/\"}]}<\/script>\n<!-- \/ Yoast SEO plugin. -->","yoast_head_json":{"title":"Bajo el asfalto de ARCO, las galer\u00edas. &#8211; A*Desk","robots":{"index":"index","follow":"follow","max-snippet":"max-snippet:-1","max-image-preview":"max-image-preview:large","max-video-preview":"max-video-preview:-1"},"canonical":"https:\/\/a-desk.org\/magazine\/bajo-el-asfalto-de-arco-las\/","og_locale":"en_US","og_type":"article","og_title":"Bajo el asfalto de ARCO, las galer\u00edas. &#8211; A*Desk","og_description":"Hace unas semanas las galer\u00edas de Madrid renovaron vestuario; a fin de cuentas el ambiente expositivo en torno a ARCO fomenta ponerse las mejores galas en vista a todos aquellos...","og_url":"https:\/\/a-desk.org\/magazine\/bajo-el-asfalto-de-arco-las\/","og_site_name":"A*Desk","article_published_time":"2014-02-21T01:00:00+00:00","og_image":[{"width":670,"height":400,"url":"https:\/\/a-desk.org\/wp-content\/uploads\/2014\/02\/Fachada-Txomin-Badiola.jpg","type":"image\/jpeg"}],"author":"Ernesto Castro","twitter_card":"summary_large_image","twitter_misc":{"Written by":"Ernesto Castro","Est. reading time":"4 minutes"},"schema":{"@context":"https:\/\/schema.org","@graph":[{"@type":"WebPage","@id":"https:\/\/a-desk.org\/magazine\/bajo-el-asfalto-de-arco-las\/","url":"https:\/\/a-desk.org\/magazine\/bajo-el-asfalto-de-arco-las\/","name":"Bajo el asfalto de ARCO, las galer\u00edas. &#8211; A*Desk","isPartOf":{"@id":"https:\/\/a-desk.org\/#website"},"primaryImageOfPage":{"@id":"https:\/\/a-desk.org\/magazine\/bajo-el-asfalto-de-arco-las\/#primaryimage"},"image":{"@id":"https:\/\/a-desk.org\/magazine\/bajo-el-asfalto-de-arco-las\/#primaryimage"},"thumbnailUrl":"https:\/\/a-desk.org\/wp-content\/uploads\/2014\/02\/Fachada-Txomin-Badiola.jpg","datePublished":"2014-02-21T01:00:00+00:00","dateModified":"2014-02-21T01:00:00+00:00","author":{"@id":"https:\/\/a-desk.org\/#\/schema\/person\/2521411e38f462394563b251d8849074"},"breadcrumb":{"@id":"https:\/\/a-desk.org\/magazine\/bajo-el-asfalto-de-arco-las\/#breadcrumb"},"inLanguage":"en-US","potentialAction":[{"@type":"ReadAction","target":["https:\/\/a-desk.org\/magazine\/bajo-el-asfalto-de-arco-las\/"]}]},{"@type":"ImageObject","inLanguage":"en-US","@id":"https:\/\/a-desk.org\/magazine\/bajo-el-asfalto-de-arco-las\/#primaryimage","url":"https:\/\/a-desk.org\/wp-content\/uploads\/2014\/02\/Fachada-Txomin-Badiola.jpg","contentUrl":"https:\/\/a-desk.org\/wp-content\/uploads\/2014\/02\/Fachada-Txomin-Badiola.jpg","width":670,"height":400},{"@type":"BreadcrumbList","@id":"https:\/\/a-desk.org\/magazine\/bajo-el-asfalto-de-arco-las\/#breadcrumb","itemListElement":[{"@type":"ListItem","position":1,"name":"Portada","item":"https:\/\/a-desk.org\/en\/"},{"@type":"ListItem","position":2,"name":"Bajo el asfalto de ARCO, las galer\u00edas."}]},{"@type":"WebSite","@id":"https:\/\/a-desk.org\/#website","url":"https:\/\/a-desk.org\/","name":"A*Desk","description":"A*Desk Critical Thinking","potentialAction":[{"@type":"SearchAction","target":{"@type":"EntryPoint","urlTemplate":"https:\/\/a-desk.org\/?s={search_term_string}"},"query-input":"required name=search_term_string"}],"inLanguage":"en-US"},{"@type":"Person","@id":"https:\/\/a-desk.org\/#\/schema\/person\/2521411e38f462394563b251d8849074","name":"Ernesto Castro","image":{"@type":"ImageObject","inLanguage":"en-US","@id":"https:\/\/a-desk.org\/#\/schema\/person\/image\/1989a4185c1da02880ee8dec1cae421d","url":"https:\/\/secure.gravatar.com\/avatar\/a80404f6395f11409f524ce39eacc1a0?s=96&d=mm&r=g","contentUrl":"https:\/\/secure.gravatar.com\/avatar\/a80404f6395f11409f524ce39eacc1a0?s=96&d=mm&r=g","caption":"Ernesto Castro"},"description":"Ernesto Castro (1990) es un truh\u00e1n, es un se\u00f1or. Comete faltas como si no hubiera un ma\u00f1ana. Las ortotipogr\u00e1ficas son sus preferidas. Pero tambi\u00e9n conjuga \u00e9stas con otras. A\u00fan falta a las buenas costumbres, por ejemplo. En \u00e9poca llevaba un bigote hitleriano. Es ver\u00eddico, forma parte del pasado. Ahora estudia, mucho y siempre. Por caridad, no le molesten. Tiene un blog: http:\/\/castracastro.blogspot.com.es\/","sameAs":["http:\/\/castracastro.blogspot.com.es\/"],"url":"https:\/\/a-desk.org\/en\/autor\/ernesto\/"}]}},"_links":{"self":[{"href":"https:\/\/a-desk.org\/en\/wp-json\/wp\/v2\/posts\/19116"}],"collection":[{"href":"https:\/\/a-desk.org\/en\/wp-json\/wp\/v2\/posts"}],"about":[{"href":"https:\/\/a-desk.org\/en\/wp-json\/wp\/v2\/types\/post"}],"author":[{"embeddable":true,"href":"https:\/\/a-desk.org\/en\/wp-json\/wp\/v2\/users\/1297"}],"replies":[{"embeddable":true,"href":"https:\/\/a-desk.org\/en\/wp-json\/wp\/v2\/comments?post=19116"}],"version-history":[{"count":0,"href":"https:\/\/a-desk.org\/en\/wp-json\/wp\/v2\/posts\/19116\/revisions"}],"wp:featuredmedia":[{"embeddable":true,"href":"https:\/\/a-desk.org\/en\/wp-json\/wp\/v2\/media\/15365"}],"wp:attachment":[{"href":"https:\/\/a-desk.org\/en\/wp-json\/wp\/v2\/media?parent=19116"}],"wp:term":[{"taxonomy":"category","embeddable":true,"href":"https:\/\/a-desk.org\/en\/wp-json\/wp\/v2\/categories?post=19116"},{"taxonomy":"post_tag","embeddable":true,"href":"https:\/\/a-desk.org\/en\/wp-json\/wp\/v2\/tags?post=19116"},{"taxonomy":"author","embeddable":true,"href":"https:\/\/a-desk.org\/en\/wp-json\/wp\/v2\/coauthors?post=19116"}],"curies":[{"name":"wp","href":"https:\/\/api.w.org\/{rel}","templated":true}]}}