{"id":19122,"date":"2014-02-14T01:00:00","date_gmt":"2014-02-14T01:00:00","guid":{"rendered":"http:\/\/a-desk.org\/2014\/02\/14\/adria-en-drawing-center-el\/"},"modified":"2014-02-14T01:00:00","modified_gmt":"2014-02-14T01:00:00","slug":"adria-en-drawing-center-el","status":"publish","type":"post","link":"https:\/\/a-desk.org\/en\/magazine\/adria-en-drawing-center-el\/","title":{"rendered":"Adri\u00e0 en Drawing Center. El secuestro del arte"},"content":{"rendered":"<p><img decoding=\"async\" class=\" alignleft size-full wp-image-8632\" src=\"http:\/\/a-desk.org\/wp-content\/uploads\/2014\/02\/detallfotoadria.jpg\" alt=\"detallfotoadria.jpg\" align=\"left\" width=\"670\" height=\"555\" srcset=\"https:\/\/a-desk.org\/wp-content\/uploads\/2014\/02\/detallfotoadria.jpg 670w, https:\/\/a-desk.org\/wp-content\/uploads\/2014\/02\/detallfotoadria-483x400.jpg 483w\" sizes=\"(max-width: 670px) 100vw, 670px\" \/><br \/>\n\u201cFerran Adri\u00e0: Notas sobre la creatividad\u201d, es la exposici\u00f3n que acaba de inaugurar el  Drawing Center de Nueva York, y que seguir\u00e1 en itinerancia por otros museos y centros de arte de EE.UU. La exposici\u00f3n re\u00fane cualquier cosa que se pueda asimilar a un dibujo de Adri\u00e0, adem\u00e1s de un par de v\u00eddeos, uno de ellos sobre su participaci\u00f3n en la Documenta 12 y otro sobre la est\u00e9tica de sus platos, tambi\u00e9n algunos modelos de plastilina para ilustrar la estetizaci\u00f3n de la cocina de Adri\u00e0. Quiz\u00e1 sea relevante empezar refiri\u00e9ndose al material gr\u00e1fico de la exposici\u00f3n porque, en principio, ser\u00eda \u00e9ste el que justificar\u00eda su presencia en el Drawing Center. <\/p>\n<p>En la exposici\u00f3n hay tres tipos de documentos gr\u00e1ficos. En una vitrina hay una serie de recetas y anotaciones ilegibles que pretenden justificar un proceso de pensamiento, material residual del proceso del hacer. Siendo conscientes de que este material no iba a significar nada para nadie, el comisario de la exposici\u00f3n, Brett Littman, ha decidido exhibir aquellos documentos que resultan m\u00e1s vistosos, preferiblemente manchados de caf\u00e9 o l\u00edquidos similares. Por otro lado, una serie de dibujos infantiles que pretenden explicar una teor\u00eda de la evoluci\u00f3n culinaria para escolares. Finalmente, sobre una de las paredes, un par de gr\u00e1ficos que se explican por s\u00ed mismos sobre la evoluci\u00f3n creativa de la cocina. Hasta aqu\u00ed el contenido de \u201cestricto\u201d de la exposici\u00f3n. <\/p>\n<p>Sin embargo \u00e9sta es una buena ocasi\u00f3n para revisar el papel que juega Adri\u00e0 en el mundo del arte. Adri\u00e0 es uno de los \u00faltimos intentos de secuestro del arte por una \u00e9lite econ\u00f3mica. Es inevitable no referirse a su elocuente participaci\u00f3n en Documenta 12 para aclarar el rol que cumple su trabajo en el arte contempor\u00e1neo, algo que David G. Torres ya coment\u00f3 <a href=\"http:\/\/a-desk.org\/highlights\/Cocinar-en-el-museo-Can-Roca-en-el.html\">aqu\u00ed<\/a>. Con ocasi\u00f3n de Documenta 12 Adri\u00e0 decidi\u00f3 a\u00f1adir una mesa para dos personas en su restaurante a 1200 km. de distancia de Kassel para que dos afortunados distintos cenaran cada d\u00eda all\u00ed durante el evento art\u00edstico. Cuando en la rueda de prensa el comisario responsable dio el anuncio, alguien pregunt\u00f3 qu\u00e9 habr\u00eda que hacer para ser invitado: &#8220;quienes lo pidan pueden estar seguros de que no van a ser elegidos&#8221;, Roger Buergel, el comisario de la edici\u00f3n de Documenta lo dej\u00f3 claro: el arte de Adri\u00e0 es s\u00f3lo para unos pocos, social y econ\u00f3micamente aceptados.<\/p>\n<p>En sus declaraciones Adri\u00e0 repite sistem\u00e1ticamente un par de ideas: por un lado, una afiliaci\u00f3n incondicional a la creatividad, y por otro, una inevitable conexi\u00f3n entre arte y emoci\u00f3n. Es cierto que la emoci\u00f3n puede producir pensamiento, pero nunca si es un fin en s\u00ed misma, esto es lo que Debord, hace m\u00e1s de 40 a\u00f1os, prescribi\u00f3 como espect\u00e1culo. Una y otra vez, Adri\u00e0 se refiere a su trabajo como experiencia para justificar su presencia en el mundo del arte. Sin duda debe ser una experiencia, al igual que todo lo dem\u00e1s, calificar algo simplemente como experiencia es reconocer su falta de contenido. \u201cBuscamos experiencias a trav\u00e9s de lo nuevo\u201d, responde Adri\u00e0 a Maurizio Cattelan cuando \u00e9ste le pregunta por la manera en la que define su cocina. Una experiencia novedosa. Adri\u00e0 define su trabajo como el paradigma del capitalismo: vac\u00edo de contenido y flexible a trav\u00e9s de la novedad. El intento de incorporarle al panorama del arte es el acoso para la privatizaci\u00f3n de la experiencia com\u00fan. Su trabajo realmente es acerca de un tipo de experiencia, la experiencia individual y econ\u00f3micamente elitista. <\/p>\n<p>El deleite gustativo en el arte es el equivalente moderno del arte \u00f3ptico contra el que arremeti\u00f3 contundentemente Duchamp. No es la primera vez que la cocina, y su contexto, interviene en el desarrollo del arte contempor\u00e1neo, pero sin duda el de Adri\u00e0 es uno de los intentos m\u00e1s torpes. Dichas tesis\u2013\u2013y las de sus ac\u00f3litos\u2013\u2013 inciden en una serie de \u201cconceptos heredados como creaci\u00f3n y genialidad, perennidad y misterio, cuya aplicaci\u00f3n incontrolada, y por el momento dif\u00edcilmente controlable, lleva a la elaboraci\u00f3n del material f\u00e1ctico en el sentido fascista\u201d, tomando las palabras de Benjamin. Ni rastro de la politizaci\u00f3n del arte en Adri\u00e0.<\/p>\n","protected":false},"excerpt":{"rendered":"<p>\u201cFerran Adri\u00e0: Notas sobre la creatividad\u201d, es la exposici\u00f3n que acaba de inaugurar el Drawing Center de Nueva York, y que seguir\u00e1 en itinerancia por otros museos y centros de&#8230;<\/p>\n","protected":false},"author":1313,"featured_media":15354,"comment_status":"open","ping_status":"open","sticky":false,"template":"","format":"standard","meta":{"_relevanssi_hide_post":"","_relevanssi_hide_content":"","_relevanssi_pin_for_all":"","_relevanssi_pin_keywords":"","_relevanssi_unpin_keywords":"","_relevanssi_related_keywords":"","_relevanssi_related_include_ids":"","_relevanssi_related_exclude_ids":"","_relevanssi_related_no_append":"","_relevanssi_related_not_related":"","_relevanssi_related_posts":"","_relevanssi_noindex_reason":"","footnotes":""},"categories":[6783],"tags":[],"coauthors":[],"acf":[],"yoast_head":"<!-- This site is optimized with the Yoast SEO plugin v22.6 - https:\/\/yoast.com\/wordpress\/plugins\/seo\/ -->\n<title>Adri\u00e0 en Drawing Center. El secuestro del arte &#8211; A*Desk<\/title>\n<meta name=\"robots\" content=\"index, follow, max-snippet:-1, max-image-preview:large, max-video-preview:-1\" \/>\n<link rel=\"canonical\" href=\"https:\/\/a-desk.org\/magazine\/adria-en-drawing-center-el\/\" \/>\n<meta property=\"og:locale\" content=\"en_US\" \/>\n<meta property=\"og:type\" content=\"article\" \/>\n<meta property=\"og:title\" content=\"Adri\u00e0 en Drawing Center. El secuestro del arte &#8211; A*Desk\" \/>\n<meta property=\"og:description\" content=\"\u201cFerran Adri\u00e0: Notas sobre la creatividad\u201d, es la exposici\u00f3n que acaba de inaugurar el Drawing Center de Nueva York, y que seguir\u00e1 en itinerancia por otros museos y centros de...\" \/>\n<meta property=\"og:url\" content=\"https:\/\/a-desk.org\/magazine\/adria-en-drawing-center-el\/\" \/>\n<meta property=\"og:site_name\" content=\"A*Desk\" \/>\n<meta property=\"article:published_time\" content=\"2014-02-14T01:00:00+00:00\" \/>\n<meta property=\"og:image\" content=\"https:\/\/a-desk.org\/wp-content\/uploads\/2014\/02\/detallfotoadria.jpg\" \/>\n\t<meta property=\"og:image:width\" content=\"670\" \/>\n\t<meta property=\"og:image:height\" content=\"555\" \/>\n\t<meta property=\"og:image:type\" content=\"image\/jpeg\" \/>\n<meta name=\"author\" content=\"A . G\u00f3mez\" \/>\n<meta name=\"twitter:card\" content=\"summary_large_image\" \/>\n<meta name=\"twitter:label1\" content=\"Written by\" \/>\n\t<meta name=\"twitter:data1\" content=\"A . G\u00f3mez\" \/>\n\t<meta name=\"twitter:label2\" content=\"Est. reading time\" \/>\n\t<meta name=\"twitter:data2\" content=\"4 minutes\" \/>\n<script type=\"application\/ld+json\" class=\"yoast-schema-graph\">{\"@context\":\"https:\/\/schema.org\",\"@graph\":[{\"@type\":\"WebPage\",\"@id\":\"https:\/\/a-desk.org\/magazine\/adria-en-drawing-center-el\/\",\"url\":\"https:\/\/a-desk.org\/magazine\/adria-en-drawing-center-el\/\",\"name\":\"Adri\u00e0 en Drawing Center. El secuestro del arte &#8211; A*Desk\",\"isPartOf\":{\"@id\":\"https:\/\/a-desk.org\/#website\"},\"primaryImageOfPage\":{\"@id\":\"https:\/\/a-desk.org\/magazine\/adria-en-drawing-center-el\/#primaryimage\"},\"image\":{\"@id\":\"https:\/\/a-desk.org\/magazine\/adria-en-drawing-center-el\/#primaryimage\"},\"thumbnailUrl\":\"https:\/\/a-desk.org\/wp-content\/uploads\/2014\/02\/detallfotoadria.jpg\",\"datePublished\":\"2014-02-14T01:00:00+00:00\",\"dateModified\":\"2014-02-14T01:00:00+00:00\",\"author\":{\"@id\":\"https:\/\/a-desk.org\/#\/schema\/person\/481cf48568275f72119d17c47491ee6b\"},\"breadcrumb\":{\"@id\":\"https:\/\/a-desk.org\/magazine\/adria-en-drawing-center-el\/#breadcrumb\"},\"inLanguage\":\"en-US\",\"potentialAction\":[{\"@type\":\"ReadAction\",\"target\":[\"https:\/\/a-desk.org\/magazine\/adria-en-drawing-center-el\/\"]}]},{\"@type\":\"ImageObject\",\"inLanguage\":\"en-US\",\"@id\":\"https:\/\/a-desk.org\/magazine\/adria-en-drawing-center-el\/#primaryimage\",\"url\":\"https:\/\/a-desk.org\/wp-content\/uploads\/2014\/02\/detallfotoadria.jpg\",\"contentUrl\":\"https:\/\/a-desk.org\/wp-content\/uploads\/2014\/02\/detallfotoadria.jpg\",\"width\":670,\"height\":555},{\"@type\":\"BreadcrumbList\",\"@id\":\"https:\/\/a-desk.org\/magazine\/adria-en-drawing-center-el\/#breadcrumb\",\"itemListElement\":[{\"@type\":\"ListItem\",\"position\":1,\"name\":\"Portada\",\"item\":\"https:\/\/a-desk.org\/en\/\"},{\"@type\":\"ListItem\",\"position\":2,\"name\":\"Adri\u00e0 en Drawing Center. El secuestro del arte\"}]},{\"@type\":\"WebSite\",\"@id\":\"https:\/\/a-desk.org\/#website\",\"url\":\"https:\/\/a-desk.org\/\",\"name\":\"A*Desk\",\"description\":\"A*Desk Critical Thinking\",\"potentialAction\":[{\"@type\":\"SearchAction\",\"target\":{\"@type\":\"EntryPoint\",\"urlTemplate\":\"https:\/\/a-desk.org\/?s={search_term_string}\"},\"query-input\":\"required name=search_term_string\"}],\"inLanguage\":\"en-US\"},{\"@type\":\"Person\",\"@id\":\"https:\/\/a-desk.org\/#\/schema\/person\/481cf48568275f72119d17c47491ee6b\",\"name\":\"A . G\u00f3mez\",\"image\":{\"@type\":\"ImageObject\",\"inLanguage\":\"en-US\",\"@id\":\"https:\/\/a-desk.org\/#\/schema\/person\/image\/e441d125f5c96240e6f0c8d7997b3e1b\",\"url\":\"https:\/\/secure.gravatar.com\/avatar\/847d1270194cf2fb5147178c39fbe8e1?s=96&d=mm&r=g\",\"contentUrl\":\"https:\/\/secure.gravatar.com\/avatar\/847d1270194cf2fb5147178c39fbe8e1?s=96&d=mm&r=g\",\"caption\":\"A . G\u00f3mez\"},\"url\":\"https:\/\/a-desk.org\/en\/autor\/gomez\/\"}]}<\/script>\n<!-- \/ Yoast SEO plugin. -->","yoast_head_json":{"title":"Adri\u00e0 en Drawing Center. El secuestro del arte &#8211; A*Desk","robots":{"index":"index","follow":"follow","max-snippet":"max-snippet:-1","max-image-preview":"max-image-preview:large","max-video-preview":"max-video-preview:-1"},"canonical":"https:\/\/a-desk.org\/magazine\/adria-en-drawing-center-el\/","og_locale":"en_US","og_type":"article","og_title":"Adri\u00e0 en Drawing Center. El secuestro del arte &#8211; A*Desk","og_description":"\u201cFerran Adri\u00e0: Notas sobre la creatividad\u201d, es la exposici\u00f3n que acaba de inaugurar el Drawing Center de Nueva York, y que seguir\u00e1 en itinerancia por otros museos y centros de...","og_url":"https:\/\/a-desk.org\/magazine\/adria-en-drawing-center-el\/","og_site_name":"A*Desk","article_published_time":"2014-02-14T01:00:00+00:00","og_image":[{"width":670,"height":555,"url":"https:\/\/a-desk.org\/wp-content\/uploads\/2014\/02\/detallfotoadria.jpg","type":"image\/jpeg"}],"author":"A . G\u00f3mez","twitter_card":"summary_large_image","twitter_misc":{"Written by":"A . G\u00f3mez","Est. reading time":"4 minutes"},"schema":{"@context":"https:\/\/schema.org","@graph":[{"@type":"WebPage","@id":"https:\/\/a-desk.org\/magazine\/adria-en-drawing-center-el\/","url":"https:\/\/a-desk.org\/magazine\/adria-en-drawing-center-el\/","name":"Adri\u00e0 en Drawing Center. El secuestro del arte &#8211; A*Desk","isPartOf":{"@id":"https:\/\/a-desk.org\/#website"},"primaryImageOfPage":{"@id":"https:\/\/a-desk.org\/magazine\/adria-en-drawing-center-el\/#primaryimage"},"image":{"@id":"https:\/\/a-desk.org\/magazine\/adria-en-drawing-center-el\/#primaryimage"},"thumbnailUrl":"https:\/\/a-desk.org\/wp-content\/uploads\/2014\/02\/detallfotoadria.jpg","datePublished":"2014-02-14T01:00:00+00:00","dateModified":"2014-02-14T01:00:00+00:00","author":{"@id":"https:\/\/a-desk.org\/#\/schema\/person\/481cf48568275f72119d17c47491ee6b"},"breadcrumb":{"@id":"https:\/\/a-desk.org\/magazine\/adria-en-drawing-center-el\/#breadcrumb"},"inLanguage":"en-US","potentialAction":[{"@type":"ReadAction","target":["https:\/\/a-desk.org\/magazine\/adria-en-drawing-center-el\/"]}]},{"@type":"ImageObject","inLanguage":"en-US","@id":"https:\/\/a-desk.org\/magazine\/adria-en-drawing-center-el\/#primaryimage","url":"https:\/\/a-desk.org\/wp-content\/uploads\/2014\/02\/detallfotoadria.jpg","contentUrl":"https:\/\/a-desk.org\/wp-content\/uploads\/2014\/02\/detallfotoadria.jpg","width":670,"height":555},{"@type":"BreadcrumbList","@id":"https:\/\/a-desk.org\/magazine\/adria-en-drawing-center-el\/#breadcrumb","itemListElement":[{"@type":"ListItem","position":1,"name":"Portada","item":"https:\/\/a-desk.org\/en\/"},{"@type":"ListItem","position":2,"name":"Adri\u00e0 en Drawing Center. El secuestro del arte"}]},{"@type":"WebSite","@id":"https:\/\/a-desk.org\/#website","url":"https:\/\/a-desk.org\/","name":"A*Desk","description":"A*Desk Critical Thinking","potentialAction":[{"@type":"SearchAction","target":{"@type":"EntryPoint","urlTemplate":"https:\/\/a-desk.org\/?s={search_term_string}"},"query-input":"required name=search_term_string"}],"inLanguage":"en-US"},{"@type":"Person","@id":"https:\/\/a-desk.org\/#\/schema\/person\/481cf48568275f72119d17c47491ee6b","name":"A . G\u00f3mez","image":{"@type":"ImageObject","inLanguage":"en-US","@id":"https:\/\/a-desk.org\/#\/schema\/person\/image\/e441d125f5c96240e6f0c8d7997b3e1b","url":"https:\/\/secure.gravatar.com\/avatar\/847d1270194cf2fb5147178c39fbe8e1?s=96&d=mm&r=g","contentUrl":"https:\/\/secure.gravatar.com\/avatar\/847d1270194cf2fb5147178c39fbe8e1?s=96&d=mm&r=g","caption":"A . G\u00f3mez"},"url":"https:\/\/a-desk.org\/en\/autor\/gomez\/"}]}},"_links":{"self":[{"href":"https:\/\/a-desk.org\/en\/wp-json\/wp\/v2\/posts\/19122"}],"collection":[{"href":"https:\/\/a-desk.org\/en\/wp-json\/wp\/v2\/posts"}],"about":[{"href":"https:\/\/a-desk.org\/en\/wp-json\/wp\/v2\/types\/post"}],"author":[{"embeddable":true,"href":"https:\/\/a-desk.org\/en\/wp-json\/wp\/v2\/users\/1313"}],"replies":[{"embeddable":true,"href":"https:\/\/a-desk.org\/en\/wp-json\/wp\/v2\/comments?post=19122"}],"version-history":[{"count":0,"href":"https:\/\/a-desk.org\/en\/wp-json\/wp\/v2\/posts\/19122\/revisions"}],"wp:featuredmedia":[{"embeddable":true,"href":"https:\/\/a-desk.org\/en\/wp-json\/wp\/v2\/media\/15354"}],"wp:attachment":[{"href":"https:\/\/a-desk.org\/en\/wp-json\/wp\/v2\/media?parent=19122"}],"wp:term":[{"taxonomy":"category","embeddable":true,"href":"https:\/\/a-desk.org\/en\/wp-json\/wp\/v2\/categories?post=19122"},{"taxonomy":"post_tag","embeddable":true,"href":"https:\/\/a-desk.org\/en\/wp-json\/wp\/v2\/tags?post=19122"},{"taxonomy":"author","embeddable":true,"href":"https:\/\/a-desk.org\/en\/wp-json\/wp\/v2\/coauthors?post=19122"}],"curies":[{"name":"wp","href":"https:\/\/api.w.org\/{rel}","templated":true}]}}