{"id":19189,"date":"2013-11-10T01:00:00","date_gmt":"2013-11-10T01:00:00","guid":{"rendered":"http:\/\/a-desk.org\/2013\/11\/10\/la-television-es-cultura\/"},"modified":"2013-11-10T01:00:00","modified_gmt":"2013-11-10T01:00:00","slug":"la-television-es-cultura","status":"publish","type":"post","link":"https:\/\/a-desk.org\/en\/magazine\/la-television-es-cultura\/","title":{"rendered":"La televisi\u00f3n es cultura"},"content":{"rendered":"<p>El lunes <a href=\"http:\/\/a-desk.org\/highlights\/Venid-a-las-cloacas-Dan-Graham-en.html\">\u00c1ngel Calvo<\/a> recordaba el m\u00edtico \u201cRock my religion\u201d de Dan Graham en un espacio autogestionado de Oporto, Uma certa falta de Coer\u00eancia. Si alguien a\u00fan no ha visto el v\u00eddeo o simplemente quiere pasar una hora de domingo revist\u00e1ndolo, <a href=\"http:\/\/vimeo.com\/8796242\">aqu\u00ed lo encontrar\u00e1<\/a>. No hay que esperar a que sea programado. Este es el significado de la televisi\u00f3n a la carta que implica internet como un posible espacio para la circulaci\u00f3n del conocimiento. Y que permite, en esta semana en la que se ha discutido tanto sobre la televisi\u00f3n p\u00fablica y muy poco sobre modelos de televisi\u00f3n, recuperar alg\u00fan momento en el que televisi\u00f3n y cultura no estaban re\u00f1idos. Arsenal es uno de esos programas m\u00edticos que permit\u00eda repensar la imagen -antes de que las entidades de gesti\u00f3n sobre derechos de imagen luchasen contra la cita, el collage y el corta y pega, verdaderas estrategias del pensamiento contempor\u00e1neo- y elaborar aut\u00e9nticas piezas que sin pudor podemos colocar en la estela de \u201cRock my religion\u201d. \u00daltimamente, Manuel Huerga ha ido recopilando en su <a href=\"http:\/\/manuelhuerga.com\/arsenal\/article\/programas-1-10\">web<\/a> los diversos programas. Hablando de collage, corta y pega, cita y pensamiento contempor\u00e1neo, rescatamos el titulado \u201cLa terra de las 100 dances\u201d.<\/p>\n<p>Por cierto, <a href=\"http:\/\/www.tv3.cat\/3alacarta\/#\/videos\/4750131\">Bibiana Ballb\u00e8<\/a>, no sabemos si es entretenido, pero seguro que es cultura y televisi\u00f3n.<\/p>\n<p><iframe loading=\"lazy\" frameborder=\"0\" width=\"560\" height=\"315\" src=\"http:\/\/www.dailymotion.com\/embed\/video\/xmgw9o\"><\/iframe><\/p>\n","protected":false},"excerpt":{"rendered":"<p>El lunes \u00c1ngel Calvo recordaba el m\u00edtico \u201cRock my religion\u201d de Dan Graham en un espacio autogestionado de Oporto, Uma certa falta de Coer\u00eancia. Si alguien a\u00fan no ha visto&#8230;<\/p>\n","protected":false},"author":1241,"featured_media":0,"comment_status":"open","ping_status":"open","sticky":false,"template":"","format":"standard","meta":{"_relevanssi_hide_post":"","_relevanssi_hide_content":"","_relevanssi_pin_for_all":"","_relevanssi_pin_keywords":"","_relevanssi_unpin_keywords":"","_relevanssi_related_keywords":"","_relevanssi_related_include_ids":"","_relevanssi_related_exclude_ids":"","_relevanssi_related_no_append":"","_relevanssi_related_not_related":"","_relevanssi_related_posts":"","_relevanssi_noindex_reason":"","footnotes":""},"categories":[6783],"tags":[],"coauthors":[],"acf":[],"yoast_head":"<!-- This site is optimized with the Yoast SEO plugin v22.6 - https:\/\/yoast.com\/wordpress\/plugins\/seo\/ -->\n<title>La televisi\u00f3n es cultura &#8211; A*Desk<\/title>\n<meta name=\"robots\" content=\"index, follow, max-snippet:-1, max-image-preview:large, max-video-preview:-1\" \/>\n<link rel=\"canonical\" href=\"https:\/\/a-desk.org\/magazine\/la-television-es-cultura\/\" \/>\n<meta property=\"og:locale\" content=\"en_US\" \/>\n<meta property=\"og:type\" content=\"article\" \/>\n<meta property=\"og:title\" content=\"La televisi\u00f3n es cultura &#8211; A*Desk\" \/>\n<meta property=\"og:description\" content=\"El lunes \u00c1ngel Calvo recordaba el m\u00edtico \u201cRock my religion\u201d de Dan Graham en un espacio autogestionado de Oporto, Uma certa falta de Coer\u00eancia. Si alguien a\u00fan no ha visto...\" \/>\n<meta property=\"og:url\" content=\"https:\/\/a-desk.org\/magazine\/la-television-es-cultura\/\" \/>\n<meta property=\"og:site_name\" content=\"A*Desk\" \/>\n<meta property=\"article:published_time\" content=\"2013-11-10T01:00:00+00:00\" \/>\n<meta property=\"og:image\" content=\"https:\/\/a-desk.org\/wp-content\/uploads\/2025\/09\/a-desk-critical-thinking.jpg\" \/>\n\t<meta property=\"og:image:width\" content=\"1200\" \/>\n\t<meta property=\"og:image:height\" content=\"675\" \/>\n\t<meta property=\"og:image:type\" content=\"image\/jpeg\" \/>\n<meta name=\"author\" content=\"A*DESK\" \/>\n<meta name=\"twitter:card\" content=\"summary_large_image\" \/>\n<meta name=\"twitter:label1\" content=\"Written by\" \/>\n\t<meta name=\"twitter:data1\" content=\"A*DESK\" \/>\n\t<meta name=\"twitter:label2\" content=\"Est. reading time\" \/>\n\t<meta name=\"twitter:data2\" content=\"1 minute\" \/>\n<script type=\"application\/ld+json\" class=\"yoast-schema-graph\">{\"@context\":\"https:\/\/schema.org\",\"@graph\":[{\"@type\":\"WebPage\",\"@id\":\"https:\/\/a-desk.org\/magazine\/la-television-es-cultura\/\",\"url\":\"https:\/\/a-desk.org\/magazine\/la-television-es-cultura\/\",\"name\":\"La televisi\u00f3n es cultura &#8211; A*Desk\",\"isPartOf\":{\"@id\":\"https:\/\/a-desk.org\/#website\"},\"datePublished\":\"2013-11-10T01:00:00+00:00\",\"dateModified\":\"2013-11-10T01:00:00+00:00\",\"author\":{\"@id\":\"https:\/\/a-desk.org\/#\/schema\/person\/e32f2cc33a81d4e3e29207cb91b1c058\"},\"breadcrumb\":{\"@id\":\"https:\/\/a-desk.org\/magazine\/la-television-es-cultura\/#breadcrumb\"},\"inLanguage\":\"en-US\",\"potentialAction\":[{\"@type\":\"ReadAction\",\"target\":[\"https:\/\/a-desk.org\/magazine\/la-television-es-cultura\/\"]}]},{\"@type\":\"BreadcrumbList\",\"@id\":\"https:\/\/a-desk.org\/magazine\/la-television-es-cultura\/#breadcrumb\",\"itemListElement\":[{\"@type\":\"ListItem\",\"position\":1,\"name\":\"Portada\",\"item\":\"https:\/\/a-desk.org\/en\/\"},{\"@type\":\"ListItem\",\"position\":2,\"name\":\"La televisi\u00f3n es cultura\"}]},{\"@type\":\"WebSite\",\"@id\":\"https:\/\/a-desk.org\/#website\",\"url\":\"https:\/\/a-desk.org\/\",\"name\":\"A*Desk\",\"description\":\"A*Desk Critical Thinking\",\"potentialAction\":[{\"@type\":\"SearchAction\",\"target\":{\"@type\":\"EntryPoint\",\"urlTemplate\":\"https:\/\/a-desk.org\/?s={search_term_string}\"},\"query-input\":\"required name=search_term_string\"}],\"inLanguage\":\"en-US\"},{\"@type\":\"Person\",\"@id\":\"https:\/\/a-desk.org\/#\/schema\/person\/e32f2cc33a81d4e3e29207cb91b1c058\",\"name\":\"A*DESK\",\"image\":{\"@type\":\"ImageObject\",\"inLanguage\":\"en-US\",\"@id\":\"https:\/\/a-desk.org\/#\/schema\/person\/image\/10ff463f7c1b7bf67a9b0c7cb7d009a0\",\"url\":\"https:\/\/secure.gravatar.com\/avatar\/512021342347efd46b63b4246a323676?s=96&d=mm&r=g\",\"contentUrl\":\"https:\/\/secure.gravatar.com\/avatar\/512021342347efd46b63b4246a323676?s=96&d=mm&r=g\",\"caption\":\"A*DESK\"},\"url\":\"https:\/\/a-desk.org\/en\/autor\/audeske\/\"}]}<\/script>\n<!-- \/ Yoast SEO plugin. -->","yoast_head_json":{"title":"La televisi\u00f3n es cultura &#8211; A*Desk","robots":{"index":"index","follow":"follow","max-snippet":"max-snippet:-1","max-image-preview":"max-image-preview:large","max-video-preview":"max-video-preview:-1"},"canonical":"https:\/\/a-desk.org\/magazine\/la-television-es-cultura\/","og_locale":"en_US","og_type":"article","og_title":"La televisi\u00f3n es cultura &#8211; A*Desk","og_description":"El lunes \u00c1ngel Calvo recordaba el m\u00edtico \u201cRock my religion\u201d de Dan Graham en un espacio autogestionado de Oporto, Uma certa falta de Coer\u00eancia. Si alguien a\u00fan no ha visto...","og_url":"https:\/\/a-desk.org\/magazine\/la-television-es-cultura\/","og_site_name":"A*Desk","article_published_time":"2013-11-10T01:00:00+00:00","og_image":[{"width":1200,"height":675,"url":"https:\/\/a-desk.org\/wp-content\/uploads\/2025\/09\/a-desk-critical-thinking.jpg","type":"image\/jpeg"}],"author":"A*DESK","twitter_card":"summary_large_image","twitter_misc":{"Written by":"A*DESK","Est. reading time":"1 minute"},"schema":{"@context":"https:\/\/schema.org","@graph":[{"@type":"WebPage","@id":"https:\/\/a-desk.org\/magazine\/la-television-es-cultura\/","url":"https:\/\/a-desk.org\/magazine\/la-television-es-cultura\/","name":"La televisi\u00f3n es cultura &#8211; A*Desk","isPartOf":{"@id":"https:\/\/a-desk.org\/#website"},"datePublished":"2013-11-10T01:00:00+00:00","dateModified":"2013-11-10T01:00:00+00:00","author":{"@id":"https:\/\/a-desk.org\/#\/schema\/person\/e32f2cc33a81d4e3e29207cb91b1c058"},"breadcrumb":{"@id":"https:\/\/a-desk.org\/magazine\/la-television-es-cultura\/#breadcrumb"},"inLanguage":"en-US","potentialAction":[{"@type":"ReadAction","target":["https:\/\/a-desk.org\/magazine\/la-television-es-cultura\/"]}]},{"@type":"BreadcrumbList","@id":"https:\/\/a-desk.org\/magazine\/la-television-es-cultura\/#breadcrumb","itemListElement":[{"@type":"ListItem","position":1,"name":"Portada","item":"https:\/\/a-desk.org\/en\/"},{"@type":"ListItem","position":2,"name":"La televisi\u00f3n es cultura"}]},{"@type":"WebSite","@id":"https:\/\/a-desk.org\/#website","url":"https:\/\/a-desk.org\/","name":"A*Desk","description":"A*Desk Critical Thinking","potentialAction":[{"@type":"SearchAction","target":{"@type":"EntryPoint","urlTemplate":"https:\/\/a-desk.org\/?s={search_term_string}"},"query-input":"required name=search_term_string"}],"inLanguage":"en-US"},{"@type":"Person","@id":"https:\/\/a-desk.org\/#\/schema\/person\/e32f2cc33a81d4e3e29207cb91b1c058","name":"A*DESK","image":{"@type":"ImageObject","inLanguage":"en-US","@id":"https:\/\/a-desk.org\/#\/schema\/person\/image\/10ff463f7c1b7bf67a9b0c7cb7d009a0","url":"https:\/\/secure.gravatar.com\/avatar\/512021342347efd46b63b4246a323676?s=96&d=mm&r=g","contentUrl":"https:\/\/secure.gravatar.com\/avatar\/512021342347efd46b63b4246a323676?s=96&d=mm&r=g","caption":"A*DESK"},"url":"https:\/\/a-desk.org\/en\/autor\/audeske\/"}]}},"_links":{"self":[{"href":"https:\/\/a-desk.org\/en\/wp-json\/wp\/v2\/posts\/19189"}],"collection":[{"href":"https:\/\/a-desk.org\/en\/wp-json\/wp\/v2\/posts"}],"about":[{"href":"https:\/\/a-desk.org\/en\/wp-json\/wp\/v2\/types\/post"}],"author":[{"embeddable":true,"href":"https:\/\/a-desk.org\/en\/wp-json\/wp\/v2\/users\/1241"}],"replies":[{"embeddable":true,"href":"https:\/\/a-desk.org\/en\/wp-json\/wp\/v2\/comments?post=19189"}],"version-history":[{"count":0,"href":"https:\/\/a-desk.org\/en\/wp-json\/wp\/v2\/posts\/19189\/revisions"}],"wp:attachment":[{"href":"https:\/\/a-desk.org\/en\/wp-json\/wp\/v2\/media?parent=19189"}],"wp:term":[{"taxonomy":"category","embeddable":true,"href":"https:\/\/a-desk.org\/en\/wp-json\/wp\/v2\/categories?post=19189"},{"taxonomy":"post_tag","embeddable":true,"href":"https:\/\/a-desk.org\/en\/wp-json\/wp\/v2\/tags?post=19189"},{"taxonomy":"author","embeddable":true,"href":"https:\/\/a-desk.org\/en\/wp-json\/wp\/v2\/coauthors?post=19189"}],"curies":[{"name":"wp","href":"https:\/\/api.w.org\/{rel}","templated":true}]}}