{"id":19280,"date":"2007-03-05T04:00:00","date_gmt":"2007-03-05T04:00:00","guid":{"rendered":"http:\/\/a-desk.org\/2007\/03\/05\/tejidos-televisivos-en-exposicion\/"},"modified":"2007-03-05T04:00:00","modified_gmt":"2007-03-05T04:00:00","slug":"tejidos-televisivos-en-exposicion","status":"publish","type":"post","link":"https:\/\/a-desk.org\/en\/magazine\/tejidos-televisivos-en-exposicion\/","title":{"rendered":"Tejidos televisivos en exposici\u00f3n"},"content":{"rendered":"<p class=\"post_excerpt\">Si los artistas ya no controlan la interacci\u00f3n del medio, \u00bfpor qu\u00e9 no proponer el medio como un laboratorio de experimentaci\u00f3n y de reflexi\u00f3n? \u00bfpor qu\u00e9 no como tejido social a trav\u00e9s de softwares libres?<\/p>\n<p><!--more--><br \/>\nLa posibilidad de ser c\u00f3mplices del statu quo de un proyecto de experimentaci\u00f3n tecnol\u00f3gica y conceptual sobre el futuro de los medios de comunicaci\u00f3n, como es el caso de \u201cHortizoTV. Perspectives d&#8217;una altra televisi\u00f3 posible\u201d, no sucede tantas veces como me gustar\u00eda. La iniciativa presenta, a partir de instalaciones audiovisuales, un plat\u00f3 de streaming en el que se realizan entrevistas a componentes de colectivos audiovisuales y un espacio on-line (http:\/\/horitzo.tv\/), propuestas para un cambio en el fen\u00f3meno televisivo. <\/p>\n<p>Sucede que se han subvertido las relaciones entre espacio, usuario y obra. Nos encontramos frente a un nuevo paradigma donde el espectador, convertido en productor, es quien toma las riendas de los formatos expositivos. Si los artistas ya no controlan la interacci\u00f3n del medio, \u00bfpor qu\u00e9 no proponer el medio como un laboratorio de experimentaci\u00f3n y de reflexi\u00f3n? \u00bfpor qu\u00e9 no como tejido social a trav\u00e9s de softwares libres? Retomando el planteamiento que propon\u00eda Tilo Schulz en \u201cEl retorno del display. El significado de la exposici\u00f3n en el a\u00f1o 2030\u201d, apuesto por pensar la exposici\u00f3n como plataforma que traza rizomas. <\/p>\n<p>Tejer es entrelazar hilos para formar telas, discurrir una estrategia, cruzar o mezclar para finalmente conseguir un tejido firme pero amoldable; tejer es tambi\u00e9n, y a pesar de los tiempos que corren, un proceso lento que requiere paciencia, rigurosidad e interconexi\u00f3n. No se trata ya de plantar, ni de desdibujar mapas globales, sino de trazar l\u00edneas y encontrar tangencias que unan la red. El esfuerzo que requiere este proceso no justifica la contradicci\u00f3n entre los m\u00faltiples formatos expositivos de \u201cHoritzoTV\u201d o la falta de precisi\u00f3n en su enfoque. En cambio, s\u00ed que permite un margen de confianza para reflexionar sobre el hecho expositivo y las relaciones que se establecen entre colectivos que trabajan en estos medios y la interacci\u00f3n con el usuario. <\/p>\n<p>Es necesario que una exposici\u00f3n sea tambi\u00e9n una plataforma de divulgaci\u00f3n y de comunicaci\u00f3n dejando de lado la exhibici\u00f3n de obra o de ideas. Este hecho requiere continuidad y permanente reflexi\u00f3n durante y despu\u00e9s de la exposici\u00f3n. Requiere tambi\u00e9n implicaci\u00f3n y rigurosidad \u2013dudosa en cuanto a contenidos y presentaci\u00f3n en este caso- de una propuesta amable y, que presenta grandes dificultades ante la vertiginosa rapidez con la que cambian las tecnolog\u00edas. Podr\u00edamos pensar que se han quedado atr\u00e1s en esa experimentaci\u00f3n, pero \u00bfcuantos de nosotros recibimos v\u00eda bluetooth programas televisivos en el m\u00f3vil? \u00bfCuantas veces tenemos la posibilidad de encontrar una carta de programas televisivos que tienen que ver con comunidad art\u00edstica en internet? Tal vez, la cuesti\u00f3n sea afrontar proyectos tangibles que tienen que ver con nuestra realidad y con la visibilidad e intervenci\u00f3n de los fen\u00f3menos que ocurren en esta relaci\u00f3n entre comunidades y televisi\u00f3n. <\/p>\n<p>La inestabilidad e incertidumbre que presenta una apuesta como \u00e9sta dificulta la capacidad de juicio cr\u00edtico, sin embargo, no impide la visualizaci\u00f3n de las problem\u00e1ticas que presenta este proyecto, que me parece del todo significativo de los cambios que est\u00e1n sucediendo desde hace ya tiempo en los media as\u00ed como en las relaciones que se establecen entre el fen\u00f3meno televisivo y la experimentaci\u00f3n audiovisual. En lugar de especular fantasiosamente sobre una especie de televisi\u00f3n futurista, Clara Gar\u00ed, comisaria de la exposici\u00f3n, incide en los puntos de inflexi\u00f3n que permite la televisi\u00f3n hoy en d\u00eda. El proyecto ha servido acertadamente para la creaci\u00f3n de un tejido que espero no muera tras la visualizaci\u00f3n de la exposici\u00f3n. El compromiso que han mostrado los involucrados en esta iniciativa espero que sirva para canalizar los problemas surgidos y mejorar una propuesta que aun queda por definir.<\/p>\n","protected":false},"excerpt":{"rendered":"<p>Si los artistas ya no controlan la interacci\u00f3n del medio, \u00bfpor qu\u00e9 no proponer el medio como un laboratorio de experimentaci\u00f3n y de reflexi\u00f3n? \u00bfpor qu\u00e9 no como tejido social&#8230;<\/p>\n","protected":false},"author":2572,"featured_media":16493,"comment_status":"open","ping_status":"open","sticky":false,"template":"","format":"standard","meta":{"_relevanssi_hide_post":"","_relevanssi_hide_content":"","_relevanssi_pin_for_all":"","_relevanssi_pin_keywords":"","_relevanssi_unpin_keywords":"","_relevanssi_related_keywords":"","_relevanssi_related_include_ids":"","_relevanssi_related_exclude_ids":"","_relevanssi_related_no_append":"","_relevanssi_related_not_related":"","_relevanssi_related_posts":"","_relevanssi_noindex_reason":"","footnotes":""},"categories":[6783],"tags":[5595],"coauthors":[],"acf":[],"yoast_head":"<!-- This site is optimized with the Yoast SEO plugin v22.6 - https:\/\/yoast.com\/wordpress\/plugins\/seo\/ -->\n<title>Tejidos televisivos en exposici\u00f3n &#8211; A*Desk<\/title>\n<meta name=\"robots\" content=\"index, follow, max-snippet:-1, max-image-preview:large, max-video-preview:-1\" \/>\n<link rel=\"canonical\" href=\"https:\/\/a-desk.org\/magazine\/tejidos-televisivos-en-exposicion\/\" \/>\n<meta property=\"og:locale\" content=\"en_US\" \/>\n<meta property=\"og:type\" content=\"article\" \/>\n<meta property=\"og:title\" content=\"Tejidos televisivos en exposici\u00f3n &#8211; A*Desk\" \/>\n<meta property=\"og:description\" content=\"Si los artistas ya no controlan la interacci\u00f3n del medio, \u00bfpor qu\u00e9 no proponer el medio como un laboratorio de experimentaci\u00f3n y de reflexi\u00f3n? \u00bfpor qu\u00e9 no como tejido social...\" \/>\n<meta property=\"og:url\" content=\"https:\/\/a-desk.org\/magazine\/tejidos-televisivos-en-exposicion\/\" \/>\n<meta property=\"og:site_name\" content=\"A*Desk\" \/>\n<meta property=\"article:published_time\" content=\"2007-03-05T04:00:00+00:00\" \/>\n<meta property=\"og:image\" content=\"https:\/\/a-desk.org\/wp-content\/uploads\/2007\/03\/arton672.gif\" \/>\n\t<meta property=\"og:image:width\" content=\"150\" \/>\n\t<meta property=\"og:image:height\" content=\"150\" \/>\n\t<meta property=\"og:image:type\" content=\"image\/gif\" \/>\n<meta name=\"author\" content=\"Laura Cardona Ventura\" \/>\n<meta name=\"twitter:card\" content=\"summary_large_image\" \/>\n<meta name=\"twitter:label1\" content=\"Written by\" \/>\n\t<meta name=\"twitter:data1\" content=\"Laura Cardona Ventura\" \/>\n\t<meta name=\"twitter:label2\" content=\"Est. reading time\" \/>\n\t<meta name=\"twitter:data2\" content=\"3 minutes\" \/>\n<script type=\"application\/ld+json\" class=\"yoast-schema-graph\">{\"@context\":\"https:\/\/schema.org\",\"@graph\":[{\"@type\":\"WebPage\",\"@id\":\"https:\/\/a-desk.org\/magazine\/tejidos-televisivos-en-exposicion\/\",\"url\":\"https:\/\/a-desk.org\/magazine\/tejidos-televisivos-en-exposicion\/\",\"name\":\"Tejidos televisivos en exposici\u00f3n &#8211; A*Desk\",\"isPartOf\":{\"@id\":\"https:\/\/a-desk.org\/#website\"},\"primaryImageOfPage\":{\"@id\":\"https:\/\/a-desk.org\/magazine\/tejidos-televisivos-en-exposicion\/#primaryimage\"},\"image\":{\"@id\":\"https:\/\/a-desk.org\/magazine\/tejidos-televisivos-en-exposicion\/#primaryimage\"},\"thumbnailUrl\":\"https:\/\/a-desk.org\/wp-content\/uploads\/2007\/03\/arton672.gif\",\"datePublished\":\"2007-03-05T04:00:00+00:00\",\"dateModified\":\"2007-03-05T04:00:00+00:00\",\"author\":{\"@id\":\"https:\/\/a-desk.org\/#\/schema\/person\/21a319b6a70a0edc4fcbf8f8ca466ecf\"},\"breadcrumb\":{\"@id\":\"https:\/\/a-desk.org\/magazine\/tejidos-televisivos-en-exposicion\/#breadcrumb\"},\"inLanguage\":\"en-US\",\"potentialAction\":[{\"@type\":\"ReadAction\",\"target\":[\"https:\/\/a-desk.org\/magazine\/tejidos-televisivos-en-exposicion\/\"]}]},{\"@type\":\"ImageObject\",\"inLanguage\":\"en-US\",\"@id\":\"https:\/\/a-desk.org\/magazine\/tejidos-televisivos-en-exposicion\/#primaryimage\",\"url\":\"https:\/\/a-desk.org\/wp-content\/uploads\/2007\/03\/arton672.gif\",\"contentUrl\":\"https:\/\/a-desk.org\/wp-content\/uploads\/2007\/03\/arton672.gif\",\"width\":150,\"height\":150},{\"@type\":\"BreadcrumbList\",\"@id\":\"https:\/\/a-desk.org\/magazine\/tejidos-televisivos-en-exposicion\/#breadcrumb\",\"itemListElement\":[{\"@type\":\"ListItem\",\"position\":1,\"name\":\"Portada\",\"item\":\"https:\/\/a-desk.org\/en\/\"},{\"@type\":\"ListItem\",\"position\":2,\"name\":\"Tejidos televisivos en exposici\u00f3n\"}]},{\"@type\":\"WebSite\",\"@id\":\"https:\/\/a-desk.org\/#website\",\"url\":\"https:\/\/a-desk.org\/\",\"name\":\"A*Desk\",\"description\":\"A*Desk Critical Thinking\",\"potentialAction\":[{\"@type\":\"SearchAction\",\"target\":{\"@type\":\"EntryPoint\",\"urlTemplate\":\"https:\/\/a-desk.org\/?s={search_term_string}\"},\"query-input\":\"required name=search_term_string\"}],\"inLanguage\":\"en-US\"},{\"@type\":\"Person\",\"@id\":\"https:\/\/a-desk.org\/#\/schema\/person\/21a319b6a70a0edc4fcbf8f8ca466ecf\",\"name\":\"Laura Cardona Ventura\",\"image\":{\"@type\":\"ImageObject\",\"inLanguage\":\"en-US\",\"@id\":\"https:\/\/a-desk.org\/#\/schema\/person\/image\/241ec246ea8f0ce78ddf10b07fc7f9d0\",\"url\":\"https:\/\/secure.gravatar.com\/avatar\/222f63a8fdbd082e46bfa6ecbca741cb?s=96&d=mm&r=g\",\"contentUrl\":\"https:\/\/secure.gravatar.com\/avatar\/222f63a8fdbd082e46bfa6ecbca741cb?s=96&d=mm&r=g\",\"caption\":\"Laura Cardona Ventura\"},\"url\":\"https:\/\/a-desk.org\/en\/autor\/lauracv\/\"}]}<\/script>\n<!-- \/ Yoast SEO plugin. -->","yoast_head_json":{"title":"Tejidos televisivos en exposici\u00f3n &#8211; A*Desk","robots":{"index":"index","follow":"follow","max-snippet":"max-snippet:-1","max-image-preview":"max-image-preview:large","max-video-preview":"max-video-preview:-1"},"canonical":"https:\/\/a-desk.org\/magazine\/tejidos-televisivos-en-exposicion\/","og_locale":"en_US","og_type":"article","og_title":"Tejidos televisivos en exposici\u00f3n &#8211; A*Desk","og_description":"Si los artistas ya no controlan la interacci\u00f3n del medio, \u00bfpor qu\u00e9 no proponer el medio como un laboratorio de experimentaci\u00f3n y de reflexi\u00f3n? \u00bfpor qu\u00e9 no como tejido social...","og_url":"https:\/\/a-desk.org\/magazine\/tejidos-televisivos-en-exposicion\/","og_site_name":"A*Desk","article_published_time":"2007-03-05T04:00:00+00:00","og_image":[{"width":150,"height":150,"url":"https:\/\/a-desk.org\/wp-content\/uploads\/2007\/03\/arton672.gif","type":"image\/gif"}],"author":"Laura Cardona Ventura","twitter_card":"summary_large_image","twitter_misc":{"Written by":"Laura Cardona Ventura","Est. reading time":"3 minutes"},"schema":{"@context":"https:\/\/schema.org","@graph":[{"@type":"WebPage","@id":"https:\/\/a-desk.org\/magazine\/tejidos-televisivos-en-exposicion\/","url":"https:\/\/a-desk.org\/magazine\/tejidos-televisivos-en-exposicion\/","name":"Tejidos televisivos en exposici\u00f3n &#8211; A*Desk","isPartOf":{"@id":"https:\/\/a-desk.org\/#website"},"primaryImageOfPage":{"@id":"https:\/\/a-desk.org\/magazine\/tejidos-televisivos-en-exposicion\/#primaryimage"},"image":{"@id":"https:\/\/a-desk.org\/magazine\/tejidos-televisivos-en-exposicion\/#primaryimage"},"thumbnailUrl":"https:\/\/a-desk.org\/wp-content\/uploads\/2007\/03\/arton672.gif","datePublished":"2007-03-05T04:00:00+00:00","dateModified":"2007-03-05T04:00:00+00:00","author":{"@id":"https:\/\/a-desk.org\/#\/schema\/person\/21a319b6a70a0edc4fcbf8f8ca466ecf"},"breadcrumb":{"@id":"https:\/\/a-desk.org\/magazine\/tejidos-televisivos-en-exposicion\/#breadcrumb"},"inLanguage":"en-US","potentialAction":[{"@type":"ReadAction","target":["https:\/\/a-desk.org\/magazine\/tejidos-televisivos-en-exposicion\/"]}]},{"@type":"ImageObject","inLanguage":"en-US","@id":"https:\/\/a-desk.org\/magazine\/tejidos-televisivos-en-exposicion\/#primaryimage","url":"https:\/\/a-desk.org\/wp-content\/uploads\/2007\/03\/arton672.gif","contentUrl":"https:\/\/a-desk.org\/wp-content\/uploads\/2007\/03\/arton672.gif","width":150,"height":150},{"@type":"BreadcrumbList","@id":"https:\/\/a-desk.org\/magazine\/tejidos-televisivos-en-exposicion\/#breadcrumb","itemListElement":[{"@type":"ListItem","position":1,"name":"Portada","item":"https:\/\/a-desk.org\/en\/"},{"@type":"ListItem","position":2,"name":"Tejidos televisivos en exposici\u00f3n"}]},{"@type":"WebSite","@id":"https:\/\/a-desk.org\/#website","url":"https:\/\/a-desk.org\/","name":"A*Desk","description":"A*Desk Critical Thinking","potentialAction":[{"@type":"SearchAction","target":{"@type":"EntryPoint","urlTemplate":"https:\/\/a-desk.org\/?s={search_term_string}"},"query-input":"required name=search_term_string"}],"inLanguage":"en-US"},{"@type":"Person","@id":"https:\/\/a-desk.org\/#\/schema\/person\/21a319b6a70a0edc4fcbf8f8ca466ecf","name":"Laura Cardona Ventura","image":{"@type":"ImageObject","inLanguage":"en-US","@id":"https:\/\/a-desk.org\/#\/schema\/person\/image\/241ec246ea8f0ce78ddf10b07fc7f9d0","url":"https:\/\/secure.gravatar.com\/avatar\/222f63a8fdbd082e46bfa6ecbca741cb?s=96&d=mm&r=g","contentUrl":"https:\/\/secure.gravatar.com\/avatar\/222f63a8fdbd082e46bfa6ecbca741cb?s=96&d=mm&r=g","caption":"Laura Cardona Ventura"},"url":"https:\/\/a-desk.org\/en\/autor\/lauracv\/"}]}},"_links":{"self":[{"href":"https:\/\/a-desk.org\/en\/wp-json\/wp\/v2\/posts\/19280"}],"collection":[{"href":"https:\/\/a-desk.org\/en\/wp-json\/wp\/v2\/posts"}],"about":[{"href":"https:\/\/a-desk.org\/en\/wp-json\/wp\/v2\/types\/post"}],"author":[{"embeddable":true,"href":"https:\/\/a-desk.org\/en\/wp-json\/wp\/v2\/users\/2572"}],"replies":[{"embeddable":true,"href":"https:\/\/a-desk.org\/en\/wp-json\/wp\/v2\/comments?post=19280"}],"version-history":[{"count":0,"href":"https:\/\/a-desk.org\/en\/wp-json\/wp\/v2\/posts\/19280\/revisions"}],"wp:featuredmedia":[{"embeddable":true,"href":"https:\/\/a-desk.org\/en\/wp-json\/wp\/v2\/media\/16493"}],"wp:attachment":[{"href":"https:\/\/a-desk.org\/en\/wp-json\/wp\/v2\/media?parent=19280"}],"wp:term":[{"taxonomy":"category","embeddable":true,"href":"https:\/\/a-desk.org\/en\/wp-json\/wp\/v2\/categories?post=19280"},{"taxonomy":"post_tag","embeddable":true,"href":"https:\/\/a-desk.org\/en\/wp-json\/wp\/v2\/tags?post=19280"},{"taxonomy":"author","embeddable":true,"href":"https:\/\/a-desk.org\/en\/wp-json\/wp\/v2\/coauthors?post=19280"}],"curies":[{"name":"wp","href":"https:\/\/api.w.org\/{rel}","templated":true}]}}