{"id":19282,"date":"2007-03-05T03:55:00","date_gmt":"2007-03-05T03:55:00","guid":{"rendered":"http:\/\/a-desk.org\/2007\/03\/05\/cita-a-ciegas\/"},"modified":"2007-03-05T03:55:00","modified_gmt":"2007-03-05T03:55:00","slug":"cita-a-ciegas","status":"publish","type":"post","link":"https:\/\/a-desk.org\/en\/magazine\/cita-a-ciegas\/","title":{"rendered":"Cita a ciegas"},"content":{"rendered":"<p class=\"post_excerpt\">La exposici\u00f3n Hammershoi y Dreyer no es una muestra sobre la capacidad re-creadora de Hammershoi, sino de la influencia de Dreyer y nuestra habilidad para recuperar referentes visuales, acci\u00f3n que hace 100 a\u00f1os habr\u00eda sido imposible.<\/p>\n<p><!--more--><br \/>\nFuera del \u00e1mbito dan\u00e9s, hablar de Vilhem Hammershoi (1864-1916) puede resultar poco familiar. Lo demuestra el que a 90 a\u00f1os de su muerte, s\u00f3lo se hayan dedicado 3 exposiciones internacionales a su obra pict\u00f3rica. De Carl Theodor Dreyer (1889-1968), por otro lado, se puede decir m\u00e1s, dado que el cineasta brind\u00f3 al mundo obras como La pasi\u00f3n de Juana de Arco y Dies Irae, que revolucionaron en su momento la forma de hacer cine. Lo que llama la atenci\u00f3n es que el CCCB los presenta como un 2&#215;1 &#8211; palomitas y refresco por el mismo precio &#8211; cuando de entrada es dif\u00edcil establecer un v\u00ednculo entre los dos creadores. Aunque pertenec\u00edan a medios similares y compartieron un periodo hist\u00f3rico definido, si bien reducido, nunca se conocieron. La raz\u00f3n de que sean presentados en conjunto, por ende, debe buscarse en otro lado. <\/p>\n<p>Esta no es una muestra sobre un autor \u2013o dos-, sino una tesis curatorial muy espec\u00edfica. Que como tal resulta, m\u00e1s que interesante, militante. Jordi Ball\u00f3, director de comisariado del CCCB, propone, junto con Anne-Birgitte Fonsmark, Annette Rosenvold y Casper Tybjerg, analizar la herencia de Hammershoi mediante la obra de Dreyer. Este, durante la realizaci\u00f3n de su primera pel\u00edcula, El presidente, mencion\u00f3 que el pintor hab\u00eda influenciado sus creaciones. No obstante, la propuesta no se basa en admirar las obras que en teor\u00eda dieron cuerpo a las cintas, sino de recuperar momentos claves de la filmograf\u00eda de Dreyer \u2013algo que nada le cuesta a Ball\u00f3, quien ha trabajado largamente con la idea de las referencias visuales- y, bajo su \u00f3ptica e iluminaci\u00f3n, enfocar las piezas de Hammershoi. De aqu\u00ed que, una vez recorrida una peque\u00f1a exposici\u00f3n fotogr\u00e1fica introductoria y un largo pasillo donde se exponen fragmentos de las pel\u00edculas \u2013en sentido contra-cronol\u00f3gico, del m\u00e1s reciente al m\u00e1s antiguo, como si se buscara retroceder hasta el punto de encuentro-, nos encontramos con 36 pinturas, cada una de ellas sometidas a una atm\u00f3sfera lum\u00ednica diferente: algunas pr\u00e1cticamente en la penumbra, otras en un pasillo completamente iluminado. <\/p>\n<p>El experimento museogr\u00e1fico no deja de ser llamativo. Mediante pasillos estrechos, tapizados con un algod\u00f3n difuminado que podr\u00eda recordarnos tanto una telara\u00f1a como un m\u00e1rmol un poco m\u00e1s c\u00e1lido, el taller de arquitectura Ventura-Llimona y RCR Aranda Pigem Vilalta Arquitectes consiguen realizar un juego de luces digno de un simulacro hiperrealista. La ambientaci\u00f3n n\u00f3rdica, encerrada y distante, marca un recorrido donde logramos entrar en consonancia con los numerosos retratos de espaldas de mujeres menudas y lejanas. En cada vuelta hay un recoveco, y dentro, una obra iluminada de una manera distinta. As\u00ed uno puede preguntarse si es la iluminaci\u00f3n la que resalta la obra, si la luz se emana de cada uno de los cuadros, si es un simple ejercicio de consonancia o qu\u00e9 pasar\u00eda si logr\u00e1ramos tapar el cenital. En algunas piezas, la iluminaci\u00f3n entra por el mismo lado que se marca en la pintura. Otras est\u00e1n en la penumbra m\u00e1s absoluta, recordando \u2013que nunca est\u00e1 de m\u00e1s- la procedencia y el contexto en que los cuadros fueron pintados. <\/p>\n<p>Pero esto tambi\u00e9n da a entender que no es una muestra sobre la capacidad re-creadora de Hammershoi, sino de la influencia de Dreyer y nuestra habilidad para recuperar referentes visuales, acci\u00f3n que hace 100 a\u00f1os habr\u00eda sido imposible. No se ven los cuadros buscando una experiencia est\u00e9tica (que la hay, sin duda) sino una acci\u00f3n intertextual. Como en la b\u00fasqueda de un relicario, tener acceso a \u201clo que inspir\u00f3\u201d a un creador termina importando m\u00e1s que lo que realmente se expone. Si la penumbra se vuelve v\u00e1lida, entonces la \u00fanica cr\u00edtica es que el contexto y las pel\u00edculas, al ser expuestas antes del experimento, quedan disociadas de los cuadros. Probablemente una visi\u00f3n binaria habr\u00eda hecho m\u00e1s rica la experiencia.<\/p>\n","protected":false},"excerpt":{"rendered":"<p>La exposici\u00f3n Hammershoi y Dreyer no es una muestra sobre la capacidad re-creadora de Hammershoi, sino de la influencia de Dreyer y nuestra habilidad para recuperar referentes visuales, acci\u00f3n que&#8230;<\/p>\n","protected":false},"author":2474,"featured_media":16491,"comment_status":"open","ping_status":"open","sticky":false,"template":"","format":"standard","meta":{"_relevanssi_hide_post":"","_relevanssi_hide_content":"","_relevanssi_pin_for_all":"","_relevanssi_pin_keywords":"","_relevanssi_unpin_keywords":"","_relevanssi_related_keywords":"","_relevanssi_related_include_ids":"","_relevanssi_related_exclude_ids":"","_relevanssi_related_no_append":"","_relevanssi_related_not_related":"","_relevanssi_related_posts":"","_relevanssi_noindex_reason":"","footnotes":""},"categories":[6783],"tags":[5490],"coauthors":[],"acf":[],"yoast_head":"<!-- This site is optimized with the Yoast SEO plugin v22.6 - https:\/\/yoast.com\/wordpress\/plugins\/seo\/ -->\n<title>Cita a ciegas &#8211; A*Desk<\/title>\n<meta name=\"robots\" content=\"index, follow, max-snippet:-1, max-image-preview:large, max-video-preview:-1\" \/>\n<link rel=\"canonical\" href=\"https:\/\/a-desk.org\/magazine\/cita-a-ciegas\/\" \/>\n<meta property=\"og:locale\" content=\"en_US\" \/>\n<meta property=\"og:type\" content=\"article\" \/>\n<meta property=\"og:title\" content=\"Cita a ciegas &#8211; A*Desk\" \/>\n<meta property=\"og:description\" content=\"La exposici\u00f3n Hammershoi y Dreyer no es una muestra sobre la capacidad re-creadora de Hammershoi, sino de la influencia de Dreyer y nuestra habilidad para recuperar referentes visuales, acci\u00f3n que...\" \/>\n<meta property=\"og:url\" content=\"https:\/\/a-desk.org\/magazine\/cita-a-ciegas\/\" \/>\n<meta property=\"og:site_name\" content=\"A*Desk\" \/>\n<meta property=\"article:published_time\" content=\"2007-03-05T03:55:00+00:00\" \/>\n<meta property=\"og:image\" content=\"https:\/\/a-desk.org\/wp-content\/uploads\/2007\/03\/arton671.jpg\" \/>\n\t<meta property=\"og:image:width\" content=\"200\" \/>\n\t<meta property=\"og:image:height\" content=\"213\" \/>\n\t<meta property=\"og:image:type\" content=\"image\/jpeg\" \/>\n<meta name=\"author\" content=\"Juncia Avil\u00e9s\" \/>\n<meta name=\"twitter:card\" content=\"summary_large_image\" \/>\n<meta name=\"twitter:label1\" content=\"Written by\" \/>\n\t<meta name=\"twitter:data1\" content=\"Juncia Avil\u00e9s\" \/>\n\t<meta name=\"twitter:label2\" content=\"Est. reading time\" \/>\n\t<meta name=\"twitter:data2\" content=\"4 minutes\" \/>\n<script type=\"application\/ld+json\" class=\"yoast-schema-graph\">{\"@context\":\"https:\/\/schema.org\",\"@graph\":[{\"@type\":\"WebPage\",\"@id\":\"https:\/\/a-desk.org\/magazine\/cita-a-ciegas\/\",\"url\":\"https:\/\/a-desk.org\/magazine\/cita-a-ciegas\/\",\"name\":\"Cita a ciegas &#8211; A*Desk\",\"isPartOf\":{\"@id\":\"https:\/\/a-desk.org\/#website\"},\"primaryImageOfPage\":{\"@id\":\"https:\/\/a-desk.org\/magazine\/cita-a-ciegas\/#primaryimage\"},\"image\":{\"@id\":\"https:\/\/a-desk.org\/magazine\/cita-a-ciegas\/#primaryimage\"},\"thumbnailUrl\":\"https:\/\/a-desk.org\/wp-content\/uploads\/2007\/03\/arton671.jpg\",\"datePublished\":\"2007-03-05T03:55:00+00:00\",\"dateModified\":\"2007-03-05T03:55:00+00:00\",\"author\":{\"@id\":\"https:\/\/a-desk.org\/#\/schema\/person\/891d811b7ff30dffb36f80d2be2332af\"},\"breadcrumb\":{\"@id\":\"https:\/\/a-desk.org\/magazine\/cita-a-ciegas\/#breadcrumb\"},\"inLanguage\":\"en-US\",\"potentialAction\":[{\"@type\":\"ReadAction\",\"target\":[\"https:\/\/a-desk.org\/magazine\/cita-a-ciegas\/\"]}]},{\"@type\":\"ImageObject\",\"inLanguage\":\"en-US\",\"@id\":\"https:\/\/a-desk.org\/magazine\/cita-a-ciegas\/#primaryimage\",\"url\":\"https:\/\/a-desk.org\/wp-content\/uploads\/2007\/03\/arton671.jpg\",\"contentUrl\":\"https:\/\/a-desk.org\/wp-content\/uploads\/2007\/03\/arton671.jpg\",\"width\":200,\"height\":213},{\"@type\":\"BreadcrumbList\",\"@id\":\"https:\/\/a-desk.org\/magazine\/cita-a-ciegas\/#breadcrumb\",\"itemListElement\":[{\"@type\":\"ListItem\",\"position\":1,\"name\":\"Portada\",\"item\":\"https:\/\/a-desk.org\/en\/\"},{\"@type\":\"ListItem\",\"position\":2,\"name\":\"Cita a ciegas\"}]},{\"@type\":\"WebSite\",\"@id\":\"https:\/\/a-desk.org\/#website\",\"url\":\"https:\/\/a-desk.org\/\",\"name\":\"A*Desk\",\"description\":\"A*Desk Critical Thinking\",\"potentialAction\":[{\"@type\":\"SearchAction\",\"target\":{\"@type\":\"EntryPoint\",\"urlTemplate\":\"https:\/\/a-desk.org\/?s={search_term_string}\"},\"query-input\":\"required name=search_term_string\"}],\"inLanguage\":\"en-US\"},{\"@type\":\"Person\",\"@id\":\"https:\/\/a-desk.org\/#\/schema\/person\/891d811b7ff30dffb36f80d2be2332af\",\"name\":\"Juncia Avil\u00e9s\",\"image\":{\"@type\":\"ImageObject\",\"inLanguage\":\"en-US\",\"@id\":\"https:\/\/a-desk.org\/#\/schema\/person\/image\/d113dd3c6647734b8957e0479d99e04e\",\"url\":\"https:\/\/secure.gravatar.com\/avatar\/5a21c49c5e481c48157ad628ba666437?s=96&d=mm&r=g\",\"contentUrl\":\"https:\/\/secure.gravatar.com\/avatar\/5a21c49c5e481c48157ad628ba666437?s=96&d=mm&r=g\",\"caption\":\"Juncia Avil\u00e9s\"},\"url\":\"https:\/\/a-desk.org\/en\/autor\/juncia\/\"}]}<\/script>\n<!-- \/ Yoast SEO plugin. -->","yoast_head_json":{"title":"Cita a ciegas &#8211; A*Desk","robots":{"index":"index","follow":"follow","max-snippet":"max-snippet:-1","max-image-preview":"max-image-preview:large","max-video-preview":"max-video-preview:-1"},"canonical":"https:\/\/a-desk.org\/magazine\/cita-a-ciegas\/","og_locale":"en_US","og_type":"article","og_title":"Cita a ciegas &#8211; A*Desk","og_description":"La exposici\u00f3n Hammershoi y Dreyer no es una muestra sobre la capacidad re-creadora de Hammershoi, sino de la influencia de Dreyer y nuestra habilidad para recuperar referentes visuales, acci\u00f3n que...","og_url":"https:\/\/a-desk.org\/magazine\/cita-a-ciegas\/","og_site_name":"A*Desk","article_published_time":"2007-03-05T03:55:00+00:00","og_image":[{"width":200,"height":213,"url":"https:\/\/a-desk.org\/wp-content\/uploads\/2007\/03\/arton671.jpg","type":"image\/jpeg"}],"author":"Juncia Avil\u00e9s","twitter_card":"summary_large_image","twitter_misc":{"Written by":"Juncia Avil\u00e9s","Est. reading time":"4 minutes"},"schema":{"@context":"https:\/\/schema.org","@graph":[{"@type":"WebPage","@id":"https:\/\/a-desk.org\/magazine\/cita-a-ciegas\/","url":"https:\/\/a-desk.org\/magazine\/cita-a-ciegas\/","name":"Cita a ciegas &#8211; A*Desk","isPartOf":{"@id":"https:\/\/a-desk.org\/#website"},"primaryImageOfPage":{"@id":"https:\/\/a-desk.org\/magazine\/cita-a-ciegas\/#primaryimage"},"image":{"@id":"https:\/\/a-desk.org\/magazine\/cita-a-ciegas\/#primaryimage"},"thumbnailUrl":"https:\/\/a-desk.org\/wp-content\/uploads\/2007\/03\/arton671.jpg","datePublished":"2007-03-05T03:55:00+00:00","dateModified":"2007-03-05T03:55:00+00:00","author":{"@id":"https:\/\/a-desk.org\/#\/schema\/person\/891d811b7ff30dffb36f80d2be2332af"},"breadcrumb":{"@id":"https:\/\/a-desk.org\/magazine\/cita-a-ciegas\/#breadcrumb"},"inLanguage":"en-US","potentialAction":[{"@type":"ReadAction","target":["https:\/\/a-desk.org\/magazine\/cita-a-ciegas\/"]}]},{"@type":"ImageObject","inLanguage":"en-US","@id":"https:\/\/a-desk.org\/magazine\/cita-a-ciegas\/#primaryimage","url":"https:\/\/a-desk.org\/wp-content\/uploads\/2007\/03\/arton671.jpg","contentUrl":"https:\/\/a-desk.org\/wp-content\/uploads\/2007\/03\/arton671.jpg","width":200,"height":213},{"@type":"BreadcrumbList","@id":"https:\/\/a-desk.org\/magazine\/cita-a-ciegas\/#breadcrumb","itemListElement":[{"@type":"ListItem","position":1,"name":"Portada","item":"https:\/\/a-desk.org\/en\/"},{"@type":"ListItem","position":2,"name":"Cita a ciegas"}]},{"@type":"WebSite","@id":"https:\/\/a-desk.org\/#website","url":"https:\/\/a-desk.org\/","name":"A*Desk","description":"A*Desk Critical Thinking","potentialAction":[{"@type":"SearchAction","target":{"@type":"EntryPoint","urlTemplate":"https:\/\/a-desk.org\/?s={search_term_string}"},"query-input":"required name=search_term_string"}],"inLanguage":"en-US"},{"@type":"Person","@id":"https:\/\/a-desk.org\/#\/schema\/person\/891d811b7ff30dffb36f80d2be2332af","name":"Juncia Avil\u00e9s","image":{"@type":"ImageObject","inLanguage":"en-US","@id":"https:\/\/a-desk.org\/#\/schema\/person\/image\/d113dd3c6647734b8957e0479d99e04e","url":"https:\/\/secure.gravatar.com\/avatar\/5a21c49c5e481c48157ad628ba666437?s=96&d=mm&r=g","contentUrl":"https:\/\/secure.gravatar.com\/avatar\/5a21c49c5e481c48157ad628ba666437?s=96&d=mm&r=g","caption":"Juncia Avil\u00e9s"},"url":"https:\/\/a-desk.org\/en\/autor\/juncia\/"}]}},"_links":{"self":[{"href":"https:\/\/a-desk.org\/en\/wp-json\/wp\/v2\/posts\/19282"}],"collection":[{"href":"https:\/\/a-desk.org\/en\/wp-json\/wp\/v2\/posts"}],"about":[{"href":"https:\/\/a-desk.org\/en\/wp-json\/wp\/v2\/types\/post"}],"author":[{"embeddable":true,"href":"https:\/\/a-desk.org\/en\/wp-json\/wp\/v2\/users\/2474"}],"replies":[{"embeddable":true,"href":"https:\/\/a-desk.org\/en\/wp-json\/wp\/v2\/comments?post=19282"}],"version-history":[{"count":0,"href":"https:\/\/a-desk.org\/en\/wp-json\/wp\/v2\/posts\/19282\/revisions"}],"wp:featuredmedia":[{"embeddable":true,"href":"https:\/\/a-desk.org\/en\/wp-json\/wp\/v2\/media\/16491"}],"wp:attachment":[{"href":"https:\/\/a-desk.org\/en\/wp-json\/wp\/v2\/media?parent=19282"}],"wp:term":[{"taxonomy":"category","embeddable":true,"href":"https:\/\/a-desk.org\/en\/wp-json\/wp\/v2\/categories?post=19282"},{"taxonomy":"post_tag","embeddable":true,"href":"https:\/\/a-desk.org\/en\/wp-json\/wp\/v2\/tags?post=19282"},{"taxonomy":"author","embeddable":true,"href":"https:\/\/a-desk.org\/en\/wp-json\/wp\/v2\/coauthors?post=19282"}],"curies":[{"name":"wp","href":"https:\/\/api.w.org\/{rel}","templated":true}]}}