{"id":20604,"date":"2013-07-19T01:00:00","date_gmt":"2013-07-19T01:00:00","guid":{"rendered":"http:\/\/a-desk.org\/2013\/07\/19\/dafo-projectes-conoces-este\/"},"modified":"2013-07-19T01:00:00","modified_gmt":"2013-07-19T01:00:00","slug":"dafo-projectes-conoces-este","status":"publish","type":"post","link":"https:\/\/a-desk.org\/en\/magazine\/dafo-projectes-conoces-este\/","title":{"rendered":"DAFO projectes, \u00bfconoces este espacio?"},"content":{"rendered":"<p><img decoding=\"async\" class=\" alignleft size-full wp-image-7968\" src=\"http:\/\/a-desk.org\/wp-content\/uploads\/2013\/07\/la_foto-2.jpg\" alt=\"la_foto-2.jpg\" align=\"left\" width=\"670\" height=\"500\" srcset=\"https:\/\/a-desk.org\/wp-content\/uploads\/2013\/07\/la_foto-2.jpg 670w, https:\/\/a-desk.org\/wp-content\/uploads\/2013\/07\/la_foto-2-536x400.jpg 536w\" sizes=\"(max-width: 670px) 100vw, 670px\" \/><br \/>\n&#8220;\u00bfProfesora de qu\u00e9? De historia del arte. \u00a1Ah! \u00a1Qu\u00e9 bonito!&#8221; No falla. Cuando me preguntan por mi ocupaci\u00f3n la conversaci\u00f3n acaba con ese &#8216;que bonito&#8217; de rigor. Una expresi\u00f3n sincera, sin duda. Por mi parte dejo una sonrisa en tal ep\u00edlogo de la charla sin a\u00f1adir nada m\u00e1s (ni mentar la palabra contempor\u00e1neo). Soy una afortunada.<\/p>\n<p>Ya lo dec\u00eda Montse Badia <a href=\"http:\/\/a-desk.org\/highlights\/Trabajar-en-arte.html\">en uno de sus art\u00edculos<\/a>, el arte parece que tiene la misi\u00f3n de ser bonito y confortable, pero no lo es. O no lo es siempre, o quiz\u00e1s ahora no toca que lo sea. O, si me apuro a rumiar, por suerte no s\u00f3lo ha sido bonito nunca. Y esta conversaci\u00f3n podr\u00eda continuar de la siguiente manera: &#8220;s\u00ed, explico a los estudiantes que el arte, como la cr\u00edtica, es m\u00e1s una actitud que un m\u00e9todo, una manera de entender y construir otro mundo a trav\u00e9s de las im\u00e1genes y los artefactos para poder subvertir esos ramalazos totalitarios de los sistemas pol\u00edticos o econ\u00f3micos que nos gobiernan y determinan&#8230;&#8221; por ejemplo. Entonces, mi profesi\u00f3n ya no ser\u00eda tan envidiada. Y a\u00f1adir\u00eda, como ejemplo pedag\u00f3gico colateral: &#8220;\u00bfconoces el espacio de arte DAFO projectes en Lleida? Pues pasa a verlo y entender\u00e1s de qu\u00e9 hablamos cuando hablamos de arte contempor\u00e1neo o de artistas actuales&#8221;. Por ejemplo.<\/p>\n<p>El nombre de este espacio, <a href=\"http:\/\/www.dafoprojectes.com\/es\/\">DAFO<\/a>, me parece muy apropiado para una empresa liderada por dos personas (David Armengol y Jordi Antas) que nunca elaboran planes de estudio de viabilidad empresarial a sus proyectos y entusiasmo como cr\u00edticos o comisarios. Si el objetivo de toda nueva empresa es analizar y determinar sus ventajas competitivas, reconocer sus caracter\u00edsticas o prever la incorporaci\u00f3n al mercado en que se mueve, para este proyecto de arte en Lleida todo parte del capital simb\u00f3lico, siempre trabaja en las complicidades tumultuosas y deriva por los quiebros del mercado del arte; es decir, no por las compensaciones mercantilistas sino las intelectuales y emocionales. Se trata de un contradafo muy bien gestionado.<\/p>\n<p>Acabada su temporada de exposiciones y actividades, DAFO Projectes ha mostrado el valor de su fortaleza convertido en un punto de referencia para el territorio del arte actual, all\u00ed donde se dan cita artistas, editores y p\u00fablicos sin m\u00e1s \u00e1nimo que el de seguir haciendo cultura o historia del arte, a pesar de no ser solo producci\u00f3n de lo bonito, aunque ciertamente tambi\u00e9n lo es. En DAFO, una sala cedida por la Cambra de Comer\u00e7 de Lleida que funciona con un m\u00ednimo de subvenci\u00f3n, se ha podido ver en la \u00faltima entrega del ciclo &#8216;Leyendas de combate&#8217; el trabajo de <a href=\"http:\/\/antonihervas.blogspot.com.es\/\">Antoni Herv\u00e0s<\/a> y <a href=\"http:\/\/pabloserretdeena.com\/\">Pablo Serret de Ena<\/a>. Ambos, desde el dibujo expandido, el v\u00eddeo o los objetos disfuncionales, construyen con humor un relato sobre el potencial m\u00edtico de lo cotidiano, buscando los imaginarios m\u00e1s extremos o ins\u00f3litos de la \u00e9pica costumbrista a trav\u00e9s de los s\u00edmbolos identitarios (m\u00fasica, deporte, arte popular) para trazar una suerte de activismo in\u00fatil que seduce por ser relato en primera persona e interpretar mitolog\u00edas de proximidad. Los dos autores trabajan desde las experiencias personales, las m\u00e1s anodinas y p\u00fablicas, usan el humor y no desestiman el trabajo de colaboraci\u00f3n. Los dibujos de Herv\u00e0s o los v\u00eddeos de Serret de Ena son proyectos donde se disuelve toda tentaci\u00f3n de autor\u00eda solipsista (postales, recortes fotogr\u00e1ficos, objetos), una manera de gestar y trasmitir relatos sobre la condici\u00f3n humana y sus debilidades en clave de parodia. Una forma de resistencia e inconformismo que tambi\u00e9n practica Dafo Projectes gracias a las cualidades humanas y est\u00e9ticas de todos los que participan de la empresa.<\/p>\n<p>El d\u00eda de clausura del ciclo pudimos asistir a una interesante mesa redonda sobre la proliferaci\u00f3n y la &#8216;incomodidad&#8217; expositiva de las ediciones de artista, moderado por Anna Pahissa (<a href=\"http:\/\/www.multiplosbooks.org\/\">M\u00faltiplos<\/a>), con la participaci\u00f3n de Moritz K\u00fcng, Francesc Ruiz y Mireia Sallar\u00e8s. La despedida fue con un Concierto-Performance de Jeleton, una buena declaraci\u00f3n de intenciones sobre las lecturas subversivas de todo g\u00e9nero. Me sent\u00ed afortunada de ser p\u00fablico. <\/p>\n<p>Los retos que un buen an\u00e1lisis DAFO desestima pueden ser la herramienta fundamental para una gesta de arte independiente en una ciudad como Lleida. Una manera de seguir repensando las nociones de identidad y autoridad, desde lo personal y lo colectivo, hablando de arte o de cultura. \u00bfConoces este espacio?<\/p>\n","protected":false},"excerpt":{"rendered":"<p>&#8220;\u00bfProfesora de qu\u00e9? De historia del arte. \u00a1Ah! \u00a1Qu\u00e9 bonito!&#8221; No falla. Cuando me preguntan por mi ocupaci\u00f3n la conversaci\u00f3n acaba con ese &#8216;que bonito&#8217; de rigor. Una expresi\u00f3n sincera,&#8230;<\/p>\n","protected":false},"author":1263,"featured_media":14978,"comment_status":"open","ping_status":"open","sticky":false,"template":"","format":"standard","meta":{"_relevanssi_hide_post":"","_relevanssi_hide_content":"","_relevanssi_pin_for_all":"","_relevanssi_pin_keywords":"","_relevanssi_unpin_keywords":"","_relevanssi_related_keywords":"","_relevanssi_related_include_ids":"","_relevanssi_related_exclude_ids":"","_relevanssi_related_no_append":"","_relevanssi_related_not_related":"","_relevanssi_related_posts":"","_relevanssi_noindex_reason":"","footnotes":""},"categories":[6783],"tags":[5500],"coauthors":[],"acf":[],"yoast_head":"<!-- This site is optimized with the Yoast SEO plugin v22.6 - https:\/\/yoast.com\/wordpress\/plugins\/seo\/ -->\n<title>DAFO projectes, \u00bfconoces este espacio? &#8211; A*Desk<\/title>\n<meta name=\"robots\" content=\"index, follow, max-snippet:-1, max-image-preview:large, max-video-preview:-1\" \/>\n<link rel=\"canonical\" href=\"https:\/\/a-desk.org\/magazine\/dafo-projectes-conoces-este\/\" \/>\n<meta property=\"og:locale\" content=\"en_US\" \/>\n<meta property=\"og:type\" content=\"article\" \/>\n<meta property=\"og:title\" content=\"DAFO projectes, \u00bfconoces este espacio? &#8211; A*Desk\" \/>\n<meta property=\"og:description\" content=\"&#8220;\u00bfProfesora de qu\u00e9? De historia del arte. \u00a1Ah! \u00a1Qu\u00e9 bonito!&#8221; No falla. Cuando me preguntan por mi ocupaci\u00f3n la conversaci\u00f3n acaba con ese &#8216;que bonito&#8217; de rigor. Una expresi\u00f3n sincera,...\" \/>\n<meta property=\"og:url\" content=\"https:\/\/a-desk.org\/magazine\/dafo-projectes-conoces-este\/\" \/>\n<meta property=\"og:site_name\" content=\"A*Desk\" \/>\n<meta property=\"article:published_time\" content=\"2013-07-19T01:00:00+00:00\" \/>\n<meta property=\"og:image\" content=\"https:\/\/a-desk.org\/wp-content\/uploads\/2013\/07\/la_foto-2.jpg\" \/>\n\t<meta property=\"og:image:width\" content=\"670\" \/>\n\t<meta property=\"og:image:height\" content=\"500\" \/>\n\t<meta property=\"og:image:type\" content=\"image\/jpeg\" \/>\n<meta name=\"author\" content=\"Pilar Bonet\" \/>\n<meta name=\"twitter:card\" content=\"summary_large_image\" \/>\n<meta name=\"twitter:label1\" content=\"Written by\" \/>\n\t<meta name=\"twitter:data1\" content=\"Pilar Bonet\" \/>\n\t<meta name=\"twitter:label2\" content=\"Est. reading time\" \/>\n\t<meta name=\"twitter:data2\" content=\"4 minutes\" \/>\n<script type=\"application\/ld+json\" class=\"yoast-schema-graph\">{\"@context\":\"https:\/\/schema.org\",\"@graph\":[{\"@type\":\"WebPage\",\"@id\":\"https:\/\/a-desk.org\/magazine\/dafo-projectes-conoces-este\/\",\"url\":\"https:\/\/a-desk.org\/magazine\/dafo-projectes-conoces-este\/\",\"name\":\"DAFO projectes, \u00bfconoces este espacio? &#8211; A*Desk\",\"isPartOf\":{\"@id\":\"https:\/\/a-desk.org\/#website\"},\"primaryImageOfPage\":{\"@id\":\"https:\/\/a-desk.org\/magazine\/dafo-projectes-conoces-este\/#primaryimage\"},\"image\":{\"@id\":\"https:\/\/a-desk.org\/magazine\/dafo-projectes-conoces-este\/#primaryimage\"},\"thumbnailUrl\":\"https:\/\/a-desk.org\/wp-content\/uploads\/2013\/07\/la_foto-2.jpg\",\"datePublished\":\"2013-07-19T01:00:00+00:00\",\"dateModified\":\"2013-07-19T01:00:00+00:00\",\"author\":{\"@id\":\"https:\/\/a-desk.org\/#\/schema\/person\/b91bb7b597e6dca5b457804d3bb64eff\"},\"breadcrumb\":{\"@id\":\"https:\/\/a-desk.org\/magazine\/dafo-projectes-conoces-este\/#breadcrumb\"},\"inLanguage\":\"en-US\",\"potentialAction\":[{\"@type\":\"ReadAction\",\"target\":[\"https:\/\/a-desk.org\/magazine\/dafo-projectes-conoces-este\/\"]}]},{\"@type\":\"ImageObject\",\"inLanguage\":\"en-US\",\"@id\":\"https:\/\/a-desk.org\/magazine\/dafo-projectes-conoces-este\/#primaryimage\",\"url\":\"https:\/\/a-desk.org\/wp-content\/uploads\/2013\/07\/la_foto-2.jpg\",\"contentUrl\":\"https:\/\/a-desk.org\/wp-content\/uploads\/2013\/07\/la_foto-2.jpg\",\"width\":670,\"height\":500},{\"@type\":\"BreadcrumbList\",\"@id\":\"https:\/\/a-desk.org\/magazine\/dafo-projectes-conoces-este\/#breadcrumb\",\"itemListElement\":[{\"@type\":\"ListItem\",\"position\":1,\"name\":\"Portada\",\"item\":\"https:\/\/a-desk.org\/en\/\"},{\"@type\":\"ListItem\",\"position\":2,\"name\":\"DAFO projectes, \u00bfconoces este espacio?\"}]},{\"@type\":\"WebSite\",\"@id\":\"https:\/\/a-desk.org\/#website\",\"url\":\"https:\/\/a-desk.org\/\",\"name\":\"A*Desk\",\"description\":\"A*Desk Critical Thinking\",\"potentialAction\":[{\"@type\":\"SearchAction\",\"target\":{\"@type\":\"EntryPoint\",\"urlTemplate\":\"https:\/\/a-desk.org\/?s={search_term_string}\"},\"query-input\":\"required name=search_term_string\"}],\"inLanguage\":\"en-US\"},{\"@type\":\"Person\",\"@id\":\"https:\/\/a-desk.org\/#\/schema\/person\/b91bb7b597e6dca5b457804d3bb64eff\",\"name\":\"Pilar Bonet\",\"image\":{\"@type\":\"ImageObject\",\"inLanguage\":\"en-US\",\"@id\":\"https:\/\/a-desk.org\/#\/schema\/person\/image\/cb85f02a0e1d1107ed6c18a6301d1c2d\",\"url\":\"https:\/\/secure.gravatar.com\/avatar\/f4a61855625b473f01cbae32d254f0c2?s=96&d=mm&r=g\",\"contentUrl\":\"https:\/\/secure.gravatar.com\/avatar\/f4a61855625b473f01cbae32d254f0c2?s=96&d=mm&r=g\",\"caption\":\"Pilar Bonet\"},\"url\":\"https:\/\/a-desk.org\/en\/autor\/pilar\/\"}]}<\/script>\n<!-- \/ Yoast SEO plugin. -->","yoast_head_json":{"title":"DAFO projectes, \u00bfconoces este espacio? &#8211; A*Desk","robots":{"index":"index","follow":"follow","max-snippet":"max-snippet:-1","max-image-preview":"max-image-preview:large","max-video-preview":"max-video-preview:-1"},"canonical":"https:\/\/a-desk.org\/magazine\/dafo-projectes-conoces-este\/","og_locale":"en_US","og_type":"article","og_title":"DAFO projectes, \u00bfconoces este espacio? &#8211; A*Desk","og_description":"&#8220;\u00bfProfesora de qu\u00e9? De historia del arte. \u00a1Ah! \u00a1Qu\u00e9 bonito!&#8221; No falla. Cuando me preguntan por mi ocupaci\u00f3n la conversaci\u00f3n acaba con ese &#8216;que bonito&#8217; de rigor. Una expresi\u00f3n sincera,...","og_url":"https:\/\/a-desk.org\/magazine\/dafo-projectes-conoces-este\/","og_site_name":"A*Desk","article_published_time":"2013-07-19T01:00:00+00:00","og_image":[{"width":670,"height":500,"url":"https:\/\/a-desk.org\/wp-content\/uploads\/2013\/07\/la_foto-2.jpg","type":"image\/jpeg"}],"author":"Pilar Bonet","twitter_card":"summary_large_image","twitter_misc":{"Written by":"Pilar Bonet","Est. reading time":"4 minutes"},"schema":{"@context":"https:\/\/schema.org","@graph":[{"@type":"WebPage","@id":"https:\/\/a-desk.org\/magazine\/dafo-projectes-conoces-este\/","url":"https:\/\/a-desk.org\/magazine\/dafo-projectes-conoces-este\/","name":"DAFO projectes, \u00bfconoces este espacio? &#8211; A*Desk","isPartOf":{"@id":"https:\/\/a-desk.org\/#website"},"primaryImageOfPage":{"@id":"https:\/\/a-desk.org\/magazine\/dafo-projectes-conoces-este\/#primaryimage"},"image":{"@id":"https:\/\/a-desk.org\/magazine\/dafo-projectes-conoces-este\/#primaryimage"},"thumbnailUrl":"https:\/\/a-desk.org\/wp-content\/uploads\/2013\/07\/la_foto-2.jpg","datePublished":"2013-07-19T01:00:00+00:00","dateModified":"2013-07-19T01:00:00+00:00","author":{"@id":"https:\/\/a-desk.org\/#\/schema\/person\/b91bb7b597e6dca5b457804d3bb64eff"},"breadcrumb":{"@id":"https:\/\/a-desk.org\/magazine\/dafo-projectes-conoces-este\/#breadcrumb"},"inLanguage":"en-US","potentialAction":[{"@type":"ReadAction","target":["https:\/\/a-desk.org\/magazine\/dafo-projectes-conoces-este\/"]}]},{"@type":"ImageObject","inLanguage":"en-US","@id":"https:\/\/a-desk.org\/magazine\/dafo-projectes-conoces-este\/#primaryimage","url":"https:\/\/a-desk.org\/wp-content\/uploads\/2013\/07\/la_foto-2.jpg","contentUrl":"https:\/\/a-desk.org\/wp-content\/uploads\/2013\/07\/la_foto-2.jpg","width":670,"height":500},{"@type":"BreadcrumbList","@id":"https:\/\/a-desk.org\/magazine\/dafo-projectes-conoces-este\/#breadcrumb","itemListElement":[{"@type":"ListItem","position":1,"name":"Portada","item":"https:\/\/a-desk.org\/en\/"},{"@type":"ListItem","position":2,"name":"DAFO projectes, \u00bfconoces este espacio?"}]},{"@type":"WebSite","@id":"https:\/\/a-desk.org\/#website","url":"https:\/\/a-desk.org\/","name":"A*Desk","description":"A*Desk Critical Thinking","potentialAction":[{"@type":"SearchAction","target":{"@type":"EntryPoint","urlTemplate":"https:\/\/a-desk.org\/?s={search_term_string}"},"query-input":"required name=search_term_string"}],"inLanguage":"en-US"},{"@type":"Person","@id":"https:\/\/a-desk.org\/#\/schema\/person\/b91bb7b597e6dca5b457804d3bb64eff","name":"Pilar Bonet","image":{"@type":"ImageObject","inLanguage":"en-US","@id":"https:\/\/a-desk.org\/#\/schema\/person\/image\/cb85f02a0e1d1107ed6c18a6301d1c2d","url":"https:\/\/secure.gravatar.com\/avatar\/f4a61855625b473f01cbae32d254f0c2?s=96&d=mm&r=g","contentUrl":"https:\/\/secure.gravatar.com\/avatar\/f4a61855625b473f01cbae32d254f0c2?s=96&d=mm&r=g","caption":"Pilar Bonet"},"url":"https:\/\/a-desk.org\/en\/autor\/pilar\/"}]}},"_links":{"self":[{"href":"https:\/\/a-desk.org\/en\/wp-json\/wp\/v2\/posts\/20604"}],"collection":[{"href":"https:\/\/a-desk.org\/en\/wp-json\/wp\/v2\/posts"}],"about":[{"href":"https:\/\/a-desk.org\/en\/wp-json\/wp\/v2\/types\/post"}],"author":[{"embeddable":true,"href":"https:\/\/a-desk.org\/en\/wp-json\/wp\/v2\/users\/1263"}],"replies":[{"embeddable":true,"href":"https:\/\/a-desk.org\/en\/wp-json\/wp\/v2\/comments?post=20604"}],"version-history":[{"count":0,"href":"https:\/\/a-desk.org\/en\/wp-json\/wp\/v2\/posts\/20604\/revisions"}],"wp:featuredmedia":[{"embeddable":true,"href":"https:\/\/a-desk.org\/en\/wp-json\/wp\/v2\/media\/14978"}],"wp:attachment":[{"href":"https:\/\/a-desk.org\/en\/wp-json\/wp\/v2\/media?parent=20604"}],"wp:term":[{"taxonomy":"category","embeddable":true,"href":"https:\/\/a-desk.org\/en\/wp-json\/wp\/v2\/categories?post=20604"},{"taxonomy":"post_tag","embeddable":true,"href":"https:\/\/a-desk.org\/en\/wp-json\/wp\/v2\/tags?post=20604"},{"taxonomy":"author","embeddable":true,"href":"https:\/\/a-desk.org\/en\/wp-json\/wp\/v2\/coauthors?post=20604"}],"curies":[{"name":"wp","href":"https:\/\/api.w.org\/{rel}","templated":true}]}}