{"id":20610,"date":"2013-07-07T01:00:00","date_gmt":"2013-07-07T01:00:00","guid":{"rendered":"http:\/\/a-desk.org\/2013\/07\/07\/masterchef-ferran-adria-y-el-arte\/"},"modified":"2013-07-07T01:00:00","modified_gmt":"2013-07-07T01:00:00","slug":"masterchef-ferran-adria-y-el-arte","status":"publish","type":"post","link":"https:\/\/a-desk.org\/en\/magazine\/masterchef-ferran-adria-y-el-arte\/","title":{"rendered":"MasterChef, Ferran Adri\u00e0 y el arte conceptual"},"content":{"rendered":"<p><img decoding=\"async\" class=\" alignleft size-full wp-image-7919\" src=\"http:\/\/a-desk.org\/wp-content\/uploads\/2013\/07\/vieras.jpg\" alt=\"vieras.jpg\" align=\"left\" width=\"670\" height=\"447\" srcset=\"https:\/\/a-desk.org\/wp-content\/uploads\/2013\/07\/vieras.jpg 670w, https:\/\/a-desk.org\/wp-content\/uploads\/2013\/07\/vieras-595x397.jpg 595w\" sizes=\"(max-width: 670px) 100vw, 670px\" \/><\/p>\n<p>&#8220;Jordi Cruz: creo que a este carpaccio de vieiras le falta sal para darle el punto salino de las vieiras.<\/p>\n<p>Ferran Adri\u00e0: depende, de si su intenci\u00f3n era que fuese salado o si quer\u00edas quitarle el sabor a mar.&#8221;<\/p>\n<p>La conversaci\u00f3n tiene lugar juzgando la \u00faltima prueba del reality de cocina MasterChef. El aspirante a ganador, Juan Manuel, no atisba a saber qu\u00e9 decir a Ferran Adri\u00e0, en su humildad simplemente ha intentado hacer un plato con vieiras. Pero le han preguntado por la intenci\u00f3n. S\u00ed, la cocina est\u00e1 de moda y es cargante el tema. Pero la observaci\u00f3n de Ferran Adri\u00e0 es la misma que cientos de profesores hacen a cientos de alumnos en escuelas y cursos sobre arte contempor\u00e1neo: no se trata de si est\u00e1 bien o mal hecho, se trata de si quer\u00edas que se entendiese tal o cual cosa. Si es dulce cuando quer\u00edas que fuese salado, cagada. Si es salado cuando quer\u00edas que fuese dulce, cagada. Si te quejas de que lo que te ofrecen dulce lo prefer\u00edas salado, es que no has entendido nada.<\/p>\n<p>Todas estas estrategias que hoy vemos en la cocina, tambi\u00e9n est\u00e1n en la publicidad y en tantos \u00e1mbitos, entre ellos en el arte contempor\u00e1neo, que hace ya mucho que invent\u00f3 la cuesti\u00f3n de la intenci\u00f3n. Entonces \u00bfpor qu\u00e9 cuesta tanto explicarlo y que se entienda en arte cuando es tan f\u00e1cil en cocina?<\/p>\n","protected":false},"excerpt":{"rendered":"<p>&#8220;Jordi Cruz: creo que a este carpaccio de vieiras le falta sal para darle el punto salino de las vieiras. Ferran Adri\u00e0: depende, de si su intenci\u00f3n era que fuese&#8230;<\/p>\n","protected":false},"author":1241,"featured_media":14955,"comment_status":"open","ping_status":"open","sticky":false,"template":"","format":"standard","meta":{"_relevanssi_hide_post":"","_relevanssi_hide_content":"","_relevanssi_pin_for_all":"","_relevanssi_pin_keywords":"","_relevanssi_unpin_keywords":"","_relevanssi_related_keywords":"","_relevanssi_related_include_ids":"","_relevanssi_related_exclude_ids":"","_relevanssi_related_no_append":"","_relevanssi_related_not_related":"","_relevanssi_related_posts":"","_relevanssi_noindex_reason":"","footnotes":""},"categories":[6783],"tags":[],"coauthors":[],"acf":[],"yoast_head":"<!-- This site is optimized with the Yoast SEO plugin v22.6 - https:\/\/yoast.com\/wordpress\/plugins\/seo\/ -->\n<title>MasterChef, Ferran Adri\u00e0 y el arte conceptual &#8211; A*Desk<\/title>\n<meta name=\"robots\" content=\"index, follow, max-snippet:-1, max-image-preview:large, max-video-preview:-1\" \/>\n<link rel=\"canonical\" href=\"https:\/\/a-desk.org\/magazine\/masterchef-ferran-adria-y-el-arte\/\" \/>\n<meta property=\"og:locale\" content=\"en_US\" \/>\n<meta property=\"og:type\" content=\"article\" \/>\n<meta property=\"og:title\" content=\"MasterChef, Ferran Adri\u00e0 y el arte conceptual &#8211; A*Desk\" \/>\n<meta property=\"og:description\" content=\"&#8220;Jordi Cruz: creo que a este carpaccio de vieiras le falta sal para darle el punto salino de las vieiras. Ferran Adri\u00e0: depende, de si su intenci\u00f3n era que fuese...\" \/>\n<meta property=\"og:url\" content=\"https:\/\/a-desk.org\/magazine\/masterchef-ferran-adria-y-el-arte\/\" \/>\n<meta property=\"og:site_name\" content=\"A*Desk\" \/>\n<meta property=\"article:published_time\" content=\"2013-07-07T01:00:00+00:00\" \/>\n<meta property=\"og:image\" content=\"https:\/\/a-desk.org\/wp-content\/uploads\/2013\/07\/vieras.jpg\" \/>\n\t<meta property=\"og:image:width\" content=\"670\" \/>\n\t<meta property=\"og:image:height\" content=\"447\" \/>\n\t<meta property=\"og:image:type\" content=\"image\/jpeg\" \/>\n<meta name=\"author\" content=\"A*DESK\" \/>\n<meta name=\"twitter:card\" content=\"summary_large_image\" \/>\n<meta name=\"twitter:label1\" content=\"Written by\" \/>\n\t<meta name=\"twitter:data1\" content=\"A*DESK\" \/>\n\t<meta name=\"twitter:label2\" content=\"Est. reading time\" \/>\n\t<meta name=\"twitter:data2\" content=\"1 minute\" \/>\n<script type=\"application\/ld+json\" class=\"yoast-schema-graph\">{\"@context\":\"https:\/\/schema.org\",\"@graph\":[{\"@type\":\"WebPage\",\"@id\":\"https:\/\/a-desk.org\/magazine\/masterchef-ferran-adria-y-el-arte\/\",\"url\":\"https:\/\/a-desk.org\/magazine\/masterchef-ferran-adria-y-el-arte\/\",\"name\":\"MasterChef, Ferran Adri\u00e0 y el arte conceptual &#8211; A*Desk\",\"isPartOf\":{\"@id\":\"https:\/\/a-desk.org\/#website\"},\"primaryImageOfPage\":{\"@id\":\"https:\/\/a-desk.org\/magazine\/masterchef-ferran-adria-y-el-arte\/#primaryimage\"},\"image\":{\"@id\":\"https:\/\/a-desk.org\/magazine\/masterchef-ferran-adria-y-el-arte\/#primaryimage\"},\"thumbnailUrl\":\"https:\/\/a-desk.org\/wp-content\/uploads\/2013\/07\/vieras.jpg\",\"datePublished\":\"2013-07-07T01:00:00+00:00\",\"dateModified\":\"2013-07-07T01:00:00+00:00\",\"author\":{\"@id\":\"https:\/\/a-desk.org\/#\/schema\/person\/e32f2cc33a81d4e3e29207cb91b1c058\"},\"breadcrumb\":{\"@id\":\"https:\/\/a-desk.org\/magazine\/masterchef-ferran-adria-y-el-arte\/#breadcrumb\"},\"inLanguage\":\"en-US\",\"potentialAction\":[{\"@type\":\"ReadAction\",\"target\":[\"https:\/\/a-desk.org\/magazine\/masterchef-ferran-adria-y-el-arte\/\"]}]},{\"@type\":\"ImageObject\",\"inLanguage\":\"en-US\",\"@id\":\"https:\/\/a-desk.org\/magazine\/masterchef-ferran-adria-y-el-arte\/#primaryimage\",\"url\":\"https:\/\/a-desk.org\/wp-content\/uploads\/2013\/07\/vieras.jpg\",\"contentUrl\":\"https:\/\/a-desk.org\/wp-content\/uploads\/2013\/07\/vieras.jpg\",\"width\":670,\"height\":447},{\"@type\":\"BreadcrumbList\",\"@id\":\"https:\/\/a-desk.org\/magazine\/masterchef-ferran-adria-y-el-arte\/#breadcrumb\",\"itemListElement\":[{\"@type\":\"ListItem\",\"position\":1,\"name\":\"Portada\",\"item\":\"https:\/\/a-desk.org\/en\/\"},{\"@type\":\"ListItem\",\"position\":2,\"name\":\"MasterChef, Ferran Adri\u00e0 y el arte conceptual\"}]},{\"@type\":\"WebSite\",\"@id\":\"https:\/\/a-desk.org\/#website\",\"url\":\"https:\/\/a-desk.org\/\",\"name\":\"A*Desk\",\"description\":\"A*Desk Critical Thinking\",\"potentialAction\":[{\"@type\":\"SearchAction\",\"target\":{\"@type\":\"EntryPoint\",\"urlTemplate\":\"https:\/\/a-desk.org\/?s={search_term_string}\"},\"query-input\":\"required name=search_term_string\"}],\"inLanguage\":\"en-US\"},{\"@type\":\"Person\",\"@id\":\"https:\/\/a-desk.org\/#\/schema\/person\/e32f2cc33a81d4e3e29207cb91b1c058\",\"name\":\"A*DESK\",\"image\":{\"@type\":\"ImageObject\",\"inLanguage\":\"en-US\",\"@id\":\"https:\/\/a-desk.org\/#\/schema\/person\/image\/10ff463f7c1b7bf67a9b0c7cb7d009a0\",\"url\":\"https:\/\/secure.gravatar.com\/avatar\/512021342347efd46b63b4246a323676?s=96&d=mm&r=g\",\"contentUrl\":\"https:\/\/secure.gravatar.com\/avatar\/512021342347efd46b63b4246a323676?s=96&d=mm&r=g\",\"caption\":\"A*DESK\"},\"url\":\"https:\/\/a-desk.org\/en\/autor\/audeske\/\"}]}<\/script>\n<!-- \/ Yoast SEO plugin. -->","yoast_head_json":{"title":"MasterChef, Ferran Adri\u00e0 y el arte conceptual &#8211; A*Desk","robots":{"index":"index","follow":"follow","max-snippet":"max-snippet:-1","max-image-preview":"max-image-preview:large","max-video-preview":"max-video-preview:-1"},"canonical":"https:\/\/a-desk.org\/magazine\/masterchef-ferran-adria-y-el-arte\/","og_locale":"en_US","og_type":"article","og_title":"MasterChef, Ferran Adri\u00e0 y el arte conceptual &#8211; A*Desk","og_description":"&#8220;Jordi Cruz: creo que a este carpaccio de vieiras le falta sal para darle el punto salino de las vieiras. Ferran Adri\u00e0: depende, de si su intenci\u00f3n era que fuese...","og_url":"https:\/\/a-desk.org\/magazine\/masterchef-ferran-adria-y-el-arte\/","og_site_name":"A*Desk","article_published_time":"2013-07-07T01:00:00+00:00","og_image":[{"width":670,"height":447,"url":"https:\/\/a-desk.org\/wp-content\/uploads\/2013\/07\/vieras.jpg","type":"image\/jpeg"}],"author":"A*DESK","twitter_card":"summary_large_image","twitter_misc":{"Written by":"A*DESK","Est. reading time":"1 minute"},"schema":{"@context":"https:\/\/schema.org","@graph":[{"@type":"WebPage","@id":"https:\/\/a-desk.org\/magazine\/masterchef-ferran-adria-y-el-arte\/","url":"https:\/\/a-desk.org\/magazine\/masterchef-ferran-adria-y-el-arte\/","name":"MasterChef, Ferran Adri\u00e0 y el arte conceptual &#8211; A*Desk","isPartOf":{"@id":"https:\/\/a-desk.org\/#website"},"primaryImageOfPage":{"@id":"https:\/\/a-desk.org\/magazine\/masterchef-ferran-adria-y-el-arte\/#primaryimage"},"image":{"@id":"https:\/\/a-desk.org\/magazine\/masterchef-ferran-adria-y-el-arte\/#primaryimage"},"thumbnailUrl":"https:\/\/a-desk.org\/wp-content\/uploads\/2013\/07\/vieras.jpg","datePublished":"2013-07-07T01:00:00+00:00","dateModified":"2013-07-07T01:00:00+00:00","author":{"@id":"https:\/\/a-desk.org\/#\/schema\/person\/e32f2cc33a81d4e3e29207cb91b1c058"},"breadcrumb":{"@id":"https:\/\/a-desk.org\/magazine\/masterchef-ferran-adria-y-el-arte\/#breadcrumb"},"inLanguage":"en-US","potentialAction":[{"@type":"ReadAction","target":["https:\/\/a-desk.org\/magazine\/masterchef-ferran-adria-y-el-arte\/"]}]},{"@type":"ImageObject","inLanguage":"en-US","@id":"https:\/\/a-desk.org\/magazine\/masterchef-ferran-adria-y-el-arte\/#primaryimage","url":"https:\/\/a-desk.org\/wp-content\/uploads\/2013\/07\/vieras.jpg","contentUrl":"https:\/\/a-desk.org\/wp-content\/uploads\/2013\/07\/vieras.jpg","width":670,"height":447},{"@type":"BreadcrumbList","@id":"https:\/\/a-desk.org\/magazine\/masterchef-ferran-adria-y-el-arte\/#breadcrumb","itemListElement":[{"@type":"ListItem","position":1,"name":"Portada","item":"https:\/\/a-desk.org\/en\/"},{"@type":"ListItem","position":2,"name":"MasterChef, Ferran Adri\u00e0 y el arte conceptual"}]},{"@type":"WebSite","@id":"https:\/\/a-desk.org\/#website","url":"https:\/\/a-desk.org\/","name":"A*Desk","description":"A*Desk Critical Thinking","potentialAction":[{"@type":"SearchAction","target":{"@type":"EntryPoint","urlTemplate":"https:\/\/a-desk.org\/?s={search_term_string}"},"query-input":"required name=search_term_string"}],"inLanguage":"en-US"},{"@type":"Person","@id":"https:\/\/a-desk.org\/#\/schema\/person\/e32f2cc33a81d4e3e29207cb91b1c058","name":"A*DESK","image":{"@type":"ImageObject","inLanguage":"en-US","@id":"https:\/\/a-desk.org\/#\/schema\/person\/image\/10ff463f7c1b7bf67a9b0c7cb7d009a0","url":"https:\/\/secure.gravatar.com\/avatar\/512021342347efd46b63b4246a323676?s=96&d=mm&r=g","contentUrl":"https:\/\/secure.gravatar.com\/avatar\/512021342347efd46b63b4246a323676?s=96&d=mm&r=g","caption":"A*DESK"},"url":"https:\/\/a-desk.org\/en\/autor\/audeske\/"}]}},"_links":{"self":[{"href":"https:\/\/a-desk.org\/en\/wp-json\/wp\/v2\/posts\/20610"}],"collection":[{"href":"https:\/\/a-desk.org\/en\/wp-json\/wp\/v2\/posts"}],"about":[{"href":"https:\/\/a-desk.org\/en\/wp-json\/wp\/v2\/types\/post"}],"author":[{"embeddable":true,"href":"https:\/\/a-desk.org\/en\/wp-json\/wp\/v2\/users\/1241"}],"replies":[{"embeddable":true,"href":"https:\/\/a-desk.org\/en\/wp-json\/wp\/v2\/comments?post=20610"}],"version-history":[{"count":0,"href":"https:\/\/a-desk.org\/en\/wp-json\/wp\/v2\/posts\/20610\/revisions"}],"wp:featuredmedia":[{"embeddable":true,"href":"https:\/\/a-desk.org\/en\/wp-json\/wp\/v2\/media\/14955"}],"wp:attachment":[{"href":"https:\/\/a-desk.org\/en\/wp-json\/wp\/v2\/media?parent=20610"}],"wp:term":[{"taxonomy":"category","embeddable":true,"href":"https:\/\/a-desk.org\/en\/wp-json\/wp\/v2\/categories?post=20610"},{"taxonomy":"post_tag","embeddable":true,"href":"https:\/\/a-desk.org\/en\/wp-json\/wp\/v2\/tags?post=20610"},{"taxonomy":"author","embeddable":true,"href":"https:\/\/a-desk.org\/en\/wp-json\/wp\/v2\/coauthors?post=20610"}],"curies":[{"name":"wp","href":"https:\/\/api.w.org\/{rel}","templated":true}]}}