{"id":20655,"date":"2013-09-30T01:00:00","date_gmt":"2013-09-30T01:00:00","guid":{"rendered":"http:\/\/a-desk.org\/2013\/09\/30\/del-oh-dearism-a-la-carrera\/"},"modified":"2013-09-30T01:00:00","modified_gmt":"2013-09-30T01:00:00","slug":"del-oh-dearism-a-la-carrera","status":"publish","type":"post","link":"https:\/\/a-desk.org\/en\/magazine\/del-oh-dearism-a-la-carrera\/","title":{"rendered":"Del &#8216;Oh dearism&#8217; a la carrera espacial. De Middel en los Rencontres d\u2019Arles"},"content":{"rendered":"<p><img decoding=\"async\" class=\" alignleft size-full wp-image-8191\" src=\"http:\/\/a-desk.org\/wp-content\/uploads\/2013\/09\/UMEKO.jpg\" alt=\"\"Umeko\" de la serie Afronautas (2012), de Cristina de Middel. Impresi\u00c3\u00b3n digital sobre papel Hahnemuhle. 100 x 100 cms. \" align=\"left\" width=\"670\" height=\"670\" srcset=\"https:\/\/a-desk.org\/wp-content\/uploads\/2013\/09\/UMEKO.jpg 670w, https:\/\/a-desk.org\/wp-content\/uploads\/2013\/09\/UMEKO-150x150.jpg 150w, https:\/\/a-desk.org\/wp-content\/uploads\/2013\/09\/UMEKO-400x400.jpg 400w\" sizes=\"(max-width: 670px) 100vw, 670px\" \/><br \/>\n\u00bfQu\u00e9 puede aportarnos la fotograf\u00eda hoy? La quietud de la imagen, su bidimensionalidad y su capacidad para documentar hacen que sea un medio casi inevitable para aquellos artistas trabajando con archivos e investigaciones, pero el flujo excesivo de fotograf\u00edas con que estamos constantemente bombardeados hoy en d\u00eda hace que la especificidad del medio sea lo menos importante. <\/p>\n<p>Dicho esto, este a\u00f1o tuve la ocasi\u00f3n de visitar <em>el<\/em> evento fotogr\u00e1fico por excelencia: los Rencontres d\u2019Arles. Como era de esperar, la selecci\u00f3n de las exposiciones abarcaba desde las polaroids de Guy Bourdin, pasando por la fotograf\u00eda en blanco y negro del chileno Sergio Larra\u00edn, hasta las grandes impresiones abstractas de Wolfgang Tillmans. Agradec\u00ed el contacto con la imagen anal\u00f3gica, especialmente la hist\u00f3rica, y poder apreciar la casi absoluta ausencia de lo que el documentalista ingl\u00e9s Adam Curtis llama de <em>Oh Dearism.<\/em> Es decir, a pesar de que el tema de este a\u00f1o fuera <em>Arles in Black<\/em> \u2014referido al blanco y negro y tambi\u00e9n deduzco que al continente africano\u2014, no hab\u00eda drama. Curtis explica en uno de sus seductores v\u00eddeos como los medios han conseguido que, frente a las fotograf\u00edas de los terribles acontecimientos que suceden alrededor del mundo, no podamos hacer nada, tan s\u00f3lo exclamar <em>&#8216;Oh dear&#8217;<\/em> (qu\u00e9 pena) y pasar p\u00e1gina.  <\/p>\n<p>En cambio, en la exposici\u00f3n <em>Transition, paysages d\u2019une soci\u00e9t\u00e9<\/em> (Transici\u00f3n, paisajes de una sociedad) se muestra el trabajo de fot\u00f3grafos sudafricanos y franceses que han realizado proyectos en Sud\u00e1frica relacionados con la propiedad de la tierra y la complejidad del territorio. Las fotograf\u00edas demuestran un pa\u00eds todav\u00eda en transici\u00f3n pero no hay im\u00e1genes dram\u00e1ticas, la mayor\u00eda son estudios que tienen que ver con la ciudad y el paisaje, y vienen acompa\u00f1ados de documentos. Se analiza la realidad socio-pol\u00edtica en relaci\u00f3n a la herencia de la colonizaci\u00f3n, partiendo de que en el 2013 es el centenario de la primera ley que fund\u00f3 el Apartheid, el Land Act, que reservaba a los blancos la explotaci\u00f3n de la mayor\u00eda de las tierras sudafricanas.<\/p>\n<p>Por otro lado, tambi\u00e9n me alegr\u00f3 ver la serie <em>Afronautas<\/em> de Cristina de Middel (Alicante, 1975) que ha sido ganadora este a\u00f1o del prestigioso Deustche B\u00f6rse Photography Prize y expuesta varias veces en Espa\u00f1a. La serie se basa en el proyecto que tuvo Zambia en 1964 de lanzar su primer programa espacial, que pretend\u00eda llevar a varios astronautas y a un gato a la luna. Edward Makuka fue el cient\u00edfico encargado de programar el proyecto e intentar pedir los fondos necesarios a las Naciones Unidas. Un proyecto fallido desde el comienzo, pero que refleja muy bien el momento de independencia de los pa\u00edses africanos. Las im\u00e1genes dist\u00f3picas dejan claro lo rid\u00edculo y ficcional de cualquier tipo de campa\u00f1a espacial y hacen un gui\u00f1o al imaginario americano de los a\u00f1os cincuenta a partir de versiones caseras de ovnis, naves espaciales y platillos volantes. Las fotograf\u00edas est\u00e1n expuestas sobre paredes falsas forradas de papel de plata y adem\u00e1s de la serie encontramos recortes de peri\u00f3dico anunciando la noticia, diagramas y alg\u00fan que otro objeto. <\/p>\n<p>De Middel realiza una interpretaci\u00f3n po\u00e9tica de un episodio hist\u00f3rico basado en la imaginaci\u00f3n y el optimismo de un pa\u00eds que acababa de independizarse. En este caso, la ficci\u00f3n resulta ser la mejor manera de representar la realidad africana, agotada por las im\u00e1genes de los medios que apuntan siempre hacia la victimizaci\u00f3n y la tragedia. Por el contrario, de Middel se acerca m\u00e1s a los retratos de Malik Sibid\u00e9, donde parejas y familias posan orgullosas ante su nuevo televisor, o a los peinados escult\u00f3ricos que lleva retratando la nigeriana Okhai Ojeikere desde los a\u00f1os setenta. Unas im\u00e1genes a las ant\u00edpodas del <em>Oh Dearism<\/em>, que dilapidan la relaci\u00f3n entre fotograf\u00eda y acontecimientos reales y nos recuerdan que, quiz\u00e1s la ilusi\u00f3n y la fantas\u00eda, despu\u00e9s de todo, son las mejores y m\u00e1s seguras formas de representaci\u00f3n.<br \/>\n<img decoding=\"async\" class=\" alignleft size-full wp-image-8192\" src=\"http:\/\/a-desk.org\/wp-content\/uploads\/2013\/09\/IKO_IKO.jpg\" alt=\"\"Iko Iko\" de la serie Afronautas (2012), de Cristina de Middel. Impresi\u00c3\u00b3n digital sobre papel Hahnemuhle. 100 x 100 cms. \" align=\"left\" width=\"670\" height=\"670\" srcset=\"https:\/\/a-desk.org\/wp-content\/uploads\/2013\/09\/IKO_IKO.jpg 670w, https:\/\/a-desk.org\/wp-content\/uploads\/2013\/09\/IKO_IKO-150x150.jpg 150w, https:\/\/a-desk.org\/wp-content\/uploads\/2013\/09\/IKO_IKO-400x400.jpg 400w\" sizes=\"(max-width: 670px) 100vw, 670px\" \/><\/p>\n","protected":false},"excerpt":{"rendered":"<p>\u00bfQu\u00e9 puede aportarnos la fotograf\u00eda hoy? La quietud de la imagen, su bidimensionalidad y su capacidad para documentar hacen que sea un medio casi inevitable para aquellos artistas trabajando con&#8230;<\/p>\n","protected":false},"author":1285,"featured_media":15102,"comment_status":"open","ping_status":"open","sticky":false,"template":"","format":"standard","meta":{"_relevanssi_hide_post":"","_relevanssi_hide_content":"","_relevanssi_pin_for_all":"","_relevanssi_pin_keywords":"","_relevanssi_unpin_keywords":"","_relevanssi_related_keywords":"","_relevanssi_related_include_ids":"","_relevanssi_related_exclude_ids":"","_relevanssi_related_no_append":"","_relevanssi_related_not_related":"","_relevanssi_related_posts":"","_relevanssi_noindex_reason":"","footnotes":""},"categories":[6783],"tags":[],"coauthors":[],"acf":[],"yoast_head":"<!-- This site is optimized with the Yoast SEO plugin v22.6 - https:\/\/yoast.com\/wordpress\/plugins\/seo\/ -->\n<title>Del &#039;Oh dearism&#039; a la carrera espacial. De Middel en los Rencontres d\u2019Arles &#8211; A*Desk<\/title>\n<meta name=\"robots\" content=\"index, follow, max-snippet:-1, max-image-preview:large, max-video-preview:-1\" \/>\n<link rel=\"canonical\" href=\"https:\/\/a-desk.org\/magazine\/del-oh-dearism-a-la-carrera\/\" \/>\n<meta property=\"og:locale\" content=\"en_US\" \/>\n<meta property=\"og:type\" content=\"article\" \/>\n<meta property=\"og:title\" content=\"Del &#039;Oh dearism&#039; a la carrera espacial. De Middel en los Rencontres d\u2019Arles &#8211; A*Desk\" \/>\n<meta property=\"og:description\" content=\"\u00bfQu\u00e9 puede aportarnos la fotograf\u00eda hoy? La quietud de la imagen, su bidimensionalidad y su capacidad para documentar hacen que sea un medio casi inevitable para aquellos artistas trabajando con...\" \/>\n<meta property=\"og:url\" content=\"https:\/\/a-desk.org\/magazine\/del-oh-dearism-a-la-carrera\/\" \/>\n<meta property=\"og:site_name\" content=\"A*Desk\" \/>\n<meta property=\"article:published_time\" content=\"2013-09-30T01:00:00+00:00\" \/>\n<meta property=\"og:image\" content=\"https:\/\/a-desk.org\/wp-content\/uploads\/2013\/09\/UMEKO.jpg\" \/>\n\t<meta property=\"og:image:width\" content=\"670\" \/>\n\t<meta property=\"og:image:height\" content=\"670\" \/>\n\t<meta property=\"og:image:type\" content=\"image\/jpeg\" \/>\n<meta name=\"author\" content=\"Rosa LLe\u00f3\" \/>\n<meta name=\"twitter:card\" content=\"summary_large_image\" \/>\n<meta name=\"twitter:label1\" content=\"Written by\" \/>\n\t<meta name=\"twitter:data1\" content=\"Rosa LLe\u00f3\" \/>\n\t<meta name=\"twitter:label2\" content=\"Est. reading time\" \/>\n\t<meta name=\"twitter:data2\" content=\"4 minutes\" \/>\n<script type=\"application\/ld+json\" class=\"yoast-schema-graph\">{\"@context\":\"https:\/\/schema.org\",\"@graph\":[{\"@type\":\"WebPage\",\"@id\":\"https:\/\/a-desk.org\/magazine\/del-oh-dearism-a-la-carrera\/\",\"url\":\"https:\/\/a-desk.org\/magazine\/del-oh-dearism-a-la-carrera\/\",\"name\":\"Del 'Oh dearism' a la carrera espacial. De Middel en los Rencontres d\u2019Arles &#8211; A*Desk\",\"isPartOf\":{\"@id\":\"https:\/\/a-desk.org\/#website\"},\"primaryImageOfPage\":{\"@id\":\"https:\/\/a-desk.org\/magazine\/del-oh-dearism-a-la-carrera\/#primaryimage\"},\"image\":{\"@id\":\"https:\/\/a-desk.org\/magazine\/del-oh-dearism-a-la-carrera\/#primaryimage\"},\"thumbnailUrl\":\"https:\/\/a-desk.org\/wp-content\/uploads\/2013\/09\/UMEKO.jpg\",\"datePublished\":\"2013-09-30T01:00:00+00:00\",\"dateModified\":\"2013-09-30T01:00:00+00:00\",\"author\":{\"@id\":\"https:\/\/a-desk.org\/#\/schema\/person\/ad783fea10b8c323f7285bf3fe318338\"},\"breadcrumb\":{\"@id\":\"https:\/\/a-desk.org\/magazine\/del-oh-dearism-a-la-carrera\/#breadcrumb\"},\"inLanguage\":\"en-US\",\"potentialAction\":[{\"@type\":\"ReadAction\",\"target\":[\"https:\/\/a-desk.org\/magazine\/del-oh-dearism-a-la-carrera\/\"]}]},{\"@type\":\"ImageObject\",\"inLanguage\":\"en-US\",\"@id\":\"https:\/\/a-desk.org\/magazine\/del-oh-dearism-a-la-carrera\/#primaryimage\",\"url\":\"https:\/\/a-desk.org\/wp-content\/uploads\/2013\/09\/UMEKO.jpg\",\"contentUrl\":\"https:\/\/a-desk.org\/wp-content\/uploads\/2013\/09\/UMEKO.jpg\",\"width\":670,\"height\":670},{\"@type\":\"BreadcrumbList\",\"@id\":\"https:\/\/a-desk.org\/magazine\/del-oh-dearism-a-la-carrera\/#breadcrumb\",\"itemListElement\":[{\"@type\":\"ListItem\",\"position\":1,\"name\":\"Portada\",\"item\":\"https:\/\/a-desk.org\/en\/\"},{\"@type\":\"ListItem\",\"position\":2,\"name\":\"Del &#8216;Oh dearism&#8217; a la carrera espacial. De Middel en los Rencontres d\u2019Arles\"}]},{\"@type\":\"WebSite\",\"@id\":\"https:\/\/a-desk.org\/#website\",\"url\":\"https:\/\/a-desk.org\/\",\"name\":\"A*Desk\",\"description\":\"A*Desk Critical Thinking\",\"potentialAction\":[{\"@type\":\"SearchAction\",\"target\":{\"@type\":\"EntryPoint\",\"urlTemplate\":\"https:\/\/a-desk.org\/?s={search_term_string}\"},\"query-input\":\"required name=search_term_string\"}],\"inLanguage\":\"en-US\"},{\"@type\":\"Person\",\"@id\":\"https:\/\/a-desk.org\/#\/schema\/person\/ad783fea10b8c323f7285bf3fe318338\",\"name\":\"Rosa LLe\u00f3\",\"image\":{\"@type\":\"ImageObject\",\"inLanguage\":\"en-US\",\"@id\":\"https:\/\/a-desk.org\/#\/schema\/person\/image\/4c895216505381ae0e29d98f4fc0df7d\",\"url\":\"https:\/\/secure.gravatar.com\/avatar\/26d7ddae12ba5cb1abb8474e5ae94288?s=96&d=mm&r=g\",\"contentUrl\":\"https:\/\/secure.gravatar.com\/avatar\/26d7ddae12ba5cb1abb8474e5ae94288?s=96&d=mm&r=g\",\"caption\":\"Rosa LLe\u00f3\"},\"url\":\"https:\/\/a-desk.org\/en\/autor\/lleo\/\"}]}<\/script>\n<!-- \/ Yoast SEO plugin. -->","yoast_head_json":{"title":"Del 'Oh dearism' a la carrera espacial. De Middel en los Rencontres d\u2019Arles &#8211; A*Desk","robots":{"index":"index","follow":"follow","max-snippet":"max-snippet:-1","max-image-preview":"max-image-preview:large","max-video-preview":"max-video-preview:-1"},"canonical":"https:\/\/a-desk.org\/magazine\/del-oh-dearism-a-la-carrera\/","og_locale":"en_US","og_type":"article","og_title":"Del 'Oh dearism' a la carrera espacial. De Middel en los Rencontres d\u2019Arles &#8211; A*Desk","og_description":"\u00bfQu\u00e9 puede aportarnos la fotograf\u00eda hoy? La quietud de la imagen, su bidimensionalidad y su capacidad para documentar hacen que sea un medio casi inevitable para aquellos artistas trabajando con...","og_url":"https:\/\/a-desk.org\/magazine\/del-oh-dearism-a-la-carrera\/","og_site_name":"A*Desk","article_published_time":"2013-09-30T01:00:00+00:00","og_image":[{"width":670,"height":670,"url":"https:\/\/a-desk.org\/wp-content\/uploads\/2013\/09\/UMEKO.jpg","type":"image\/jpeg"}],"author":"Rosa LLe\u00f3","twitter_card":"summary_large_image","twitter_misc":{"Written by":"Rosa LLe\u00f3","Est. reading time":"4 minutes"},"schema":{"@context":"https:\/\/schema.org","@graph":[{"@type":"WebPage","@id":"https:\/\/a-desk.org\/magazine\/del-oh-dearism-a-la-carrera\/","url":"https:\/\/a-desk.org\/magazine\/del-oh-dearism-a-la-carrera\/","name":"Del 'Oh dearism' a la carrera espacial. De Middel en los Rencontres d\u2019Arles &#8211; A*Desk","isPartOf":{"@id":"https:\/\/a-desk.org\/#website"},"primaryImageOfPage":{"@id":"https:\/\/a-desk.org\/magazine\/del-oh-dearism-a-la-carrera\/#primaryimage"},"image":{"@id":"https:\/\/a-desk.org\/magazine\/del-oh-dearism-a-la-carrera\/#primaryimage"},"thumbnailUrl":"https:\/\/a-desk.org\/wp-content\/uploads\/2013\/09\/UMEKO.jpg","datePublished":"2013-09-30T01:00:00+00:00","dateModified":"2013-09-30T01:00:00+00:00","author":{"@id":"https:\/\/a-desk.org\/#\/schema\/person\/ad783fea10b8c323f7285bf3fe318338"},"breadcrumb":{"@id":"https:\/\/a-desk.org\/magazine\/del-oh-dearism-a-la-carrera\/#breadcrumb"},"inLanguage":"en-US","potentialAction":[{"@type":"ReadAction","target":["https:\/\/a-desk.org\/magazine\/del-oh-dearism-a-la-carrera\/"]}]},{"@type":"ImageObject","inLanguage":"en-US","@id":"https:\/\/a-desk.org\/magazine\/del-oh-dearism-a-la-carrera\/#primaryimage","url":"https:\/\/a-desk.org\/wp-content\/uploads\/2013\/09\/UMEKO.jpg","contentUrl":"https:\/\/a-desk.org\/wp-content\/uploads\/2013\/09\/UMEKO.jpg","width":670,"height":670},{"@type":"BreadcrumbList","@id":"https:\/\/a-desk.org\/magazine\/del-oh-dearism-a-la-carrera\/#breadcrumb","itemListElement":[{"@type":"ListItem","position":1,"name":"Portada","item":"https:\/\/a-desk.org\/en\/"},{"@type":"ListItem","position":2,"name":"Del &#8216;Oh dearism&#8217; a la carrera espacial. De Middel en los Rencontres d\u2019Arles"}]},{"@type":"WebSite","@id":"https:\/\/a-desk.org\/#website","url":"https:\/\/a-desk.org\/","name":"A*Desk","description":"A*Desk Critical Thinking","potentialAction":[{"@type":"SearchAction","target":{"@type":"EntryPoint","urlTemplate":"https:\/\/a-desk.org\/?s={search_term_string}"},"query-input":"required name=search_term_string"}],"inLanguage":"en-US"},{"@type":"Person","@id":"https:\/\/a-desk.org\/#\/schema\/person\/ad783fea10b8c323f7285bf3fe318338","name":"Rosa LLe\u00f3","image":{"@type":"ImageObject","inLanguage":"en-US","@id":"https:\/\/a-desk.org\/#\/schema\/person\/image\/4c895216505381ae0e29d98f4fc0df7d","url":"https:\/\/secure.gravatar.com\/avatar\/26d7ddae12ba5cb1abb8474e5ae94288?s=96&d=mm&r=g","contentUrl":"https:\/\/secure.gravatar.com\/avatar\/26d7ddae12ba5cb1abb8474e5ae94288?s=96&d=mm&r=g","caption":"Rosa LLe\u00f3"},"url":"https:\/\/a-desk.org\/en\/autor\/lleo\/"}]}},"_links":{"self":[{"href":"https:\/\/a-desk.org\/en\/wp-json\/wp\/v2\/posts\/20655"}],"collection":[{"href":"https:\/\/a-desk.org\/en\/wp-json\/wp\/v2\/posts"}],"about":[{"href":"https:\/\/a-desk.org\/en\/wp-json\/wp\/v2\/types\/post"}],"author":[{"embeddable":true,"href":"https:\/\/a-desk.org\/en\/wp-json\/wp\/v2\/users\/1285"}],"replies":[{"embeddable":true,"href":"https:\/\/a-desk.org\/en\/wp-json\/wp\/v2\/comments?post=20655"}],"version-history":[{"count":0,"href":"https:\/\/a-desk.org\/en\/wp-json\/wp\/v2\/posts\/20655\/revisions"}],"wp:featuredmedia":[{"embeddable":true,"href":"https:\/\/a-desk.org\/en\/wp-json\/wp\/v2\/media\/15102"}],"wp:attachment":[{"href":"https:\/\/a-desk.org\/en\/wp-json\/wp\/v2\/media?parent=20655"}],"wp:term":[{"taxonomy":"category","embeddable":true,"href":"https:\/\/a-desk.org\/en\/wp-json\/wp\/v2\/categories?post=20655"},{"taxonomy":"post_tag","embeddable":true,"href":"https:\/\/a-desk.org\/en\/wp-json\/wp\/v2\/tags?post=20655"},{"taxonomy":"author","embeddable":true,"href":"https:\/\/a-desk.org\/en\/wp-json\/wp\/v2\/coauthors?post=20655"}],"curies":[{"name":"wp","href":"https:\/\/api.w.org\/{rel}","templated":true}]}}