{"id":25462,"date":"2019-02-25T06:00:01","date_gmt":"2019-02-25T05:00:01","guid":{"rendered":"http:\/\/a-desk.org\/magazine\/victor-hugo-codocedo-y-el-arte-postal-solidaridad-politica-durante-dictadura\/"},"modified":"2021-08-09T10:26:48","modified_gmt":"2021-08-09T09:26:48","slug":"victor-hugo-codocedo-y-el-arte-postal-solidaridad-politica-durante-dictadura","status":"publish","type":"post","link":"https:\/\/a-desk.org\/en\/magazine\/victor-hugo-codocedo-y-el-arte-postal-solidaridad-politica-durante-dictadura\/","title":{"rendered":"V\u00edctor Hugo Codocedo and Mail Art: Political Solidarity during the Dictatorship"},"content":{"rendered":"<p>Chilean artist V\u00edctor Hugo Codocedo \u2015 nicknamed El Bac\u00e1n or La Motta on account of his dense curly hair \u2015 passed away in 1988 aged thirty-four, leaving his contemporaries with an enigma. Characterised by a delightful sensuality and talent, he had the unique quality of moving between the conceptual art scene of alternative galleries, and others that unfolded on its margins. He took part in projects associated with human rights activism along with Luz Donoso and Hern\u00e1n Parada, and with painters described as <em>pleasant<\/em>, uninterested in rendering tumultuous social contingency, such as Samy Benmayor or Bororo. His most long-standing artistic relationship was with postal or mail art.<\/p>\n<p>Mail art is a genre that lies in the extra-artistic circulation of letters and international postal institutionalism, and puts pressure on the distinction between tradition and art\/life. According to Dutch mail artist and theoretician Ruud Janssen, the mail art genre \u2013 classified with conceptual movements and Fluxus \u2013 typically includes those who produce and exchange postcards or types of letters, design stamps or seals and decorate, illustrate or print envelopes, besides the networks of transnational cultural transfer implied by such exchanges.<\/p>\n<p><img decoding=\"async\" width=\"750\" height=\"617\" class=\"alignnone size-full wp-image-25400\" src=\"http:\/\/a-desk.org\/wp-content\/uploads\/2019\/02\/foto2-e1550685777422.jpg\" alt=\"\" \/><\/p>\n<p>V\u00edctor Hugo Codocedo, September 1983. <em>El derecho de nacer<\/em>, mail art, coated paper and offset printing, 15 x 10 cm. Courtesy of the Paula Codocedo Archive<\/p>\n<p><img decoding=\"async\" width=\"750\" height=\"521\" class=\"alignnone size-full wp-image-25403\" src=\"http:\/\/a-desk.org\/wp-content\/uploads\/2019\/02\/foto3-e1550685804752.jpg\" alt=\"\" \/><\/p>\n<p>V\u00edctor Hugo Codocedo, November 1984, <em>El derecho de nacer II<\/em>, mail art, coated paper and offset printing, 15 x 10 cm. Courtesy of the Paula Codocedo Archive<\/p>\n<p>The mail art production of V\u00edctor Hugo Codocedo is almost a myth among experts. The only renowned examples of Chilean mail art are the &#8216;aero-postal paintings&#8217; by Eugenio Dittborn, which he began to make after his solo exhibition <em>20 pinturas aeropostales<\/em> held in 1984 at the Museo de Arte Moderno La Tertulia in Cali, Colombia.<a href=\"#_ftn1\" name=\"_ftnref1\"><sup>[1]<\/sup><\/a> The artist produced mail art works like <em>Doble superficie<\/em> (29 September 1981), <em>El derecho de nacer<\/em> (September 1983) and <em>El derecho de nacer II<\/em> (November 1984), and made a significant contribution to mail art theory with essays like &#8216;Arte correo, Mail Art o arte postal&#8217;, published in the first <em>Bolet\u00edn de la Asociaci\u00f3n de Pintores y Escultores de Chile<\/em> in 1985. He also organised several conferences, such as the First Mail Art Workshop (August 1985), and the First Chilean Mail Art Congress (March 1986) together with Patricio Rueda.<\/p>\n<p>Mail art assumed a strong commitment to international political solidarity by setting up counter-information networks to control human rights abuse in Latin America by dictatorial state terrorism and imperialist interventionism during the Operation Condor. This enabled the precarious communicative materiality to confirm a number of marginal and marginalised experiences on an international scale through the micro-political generation of artistic practices and experimental poetry. I must mention the work of the Conceptualismos del Sur network, whose members declare that &#8216;a series of artistic-political experiences \u2026 allow us to explore the hypothesis of the persistence of internationalist impetus&#8217; in the eighties, reviving certain socialist discourses and practices of the sixties recognised as &#8216;Third World internationalism, chiefly embodied in national and anti-colonial liberation movements in Africa and Latin America \u2026 shaped by a broad social spectre that includes the middle classes and the peasantry&#8217;.<a href=\"#_ftn2\" name=\"_ftnref2\"><sup>[2]<\/sup><\/a><\/p>\n<p><a href=\"#_ftnref1\" name=\"_ftn1\"><\/a><\/p>\n<p><img decoding=\"async\" width=\"750\" height=\"518\" class=\"alignnone size-full wp-image-25406\" src=\"http:\/\/a-desk.org\/wp-content\/uploads\/2019\/02\/Foto4-e1550685832521.jpg\" alt=\"\" \/><\/p>\n<p>Guillermo Deisler, 1984, <em>Ser \u00a1uf, ahora!: latinoamericano<\/em>, mail art, Roneo paper, stamped, 15 x 10 cm.<\/p>\n<p>Courtesy of the Paula Codocedo Archive<\/p>\n<p><img decoding=\"async\" width=\"750\" height=\"478\" class=\"alignnone size-full wp-image-25409\" src=\"http:\/\/a-desk.org\/wp-content\/uploads\/2019\/02\/Foto5-e1550685856232.jpg\" alt=\"\" \/><\/p>\n<p>Guillermo Deisler, 1984. Reproductions of mail art works, <em>O DOS<\/em>, <em>1<\/em>, 18 N. N. Arga\u00f1araz (dir.\/ed.)<\/p>\n<p>Courtesy of the Paula Codocedo Archive<\/p>\n<p>In this sense, I would like to highlight the work of Chilean artist Guillermo Deisler who, following the military coup, sought exile first in Plovdiv, Bulgaria and then in Halle, Germany. Deisler managed a group of mail art networks including PEACEDREAM &#8211; PROJECT, POST TRY, SUBJECT MATTER and UNO year(s) of peace during the dictatorship period. On a 1984 postcard sent to V\u00edctor Hugo Codocedo, which Deisler considered <em>visual poems<\/em>, he illustrated a round shape with segmented lines in the negative that seem to represent a loaf of bread, to which he added the text &#8216;SER \u00a1UF, AHORA!: \/ LATINOAMERICANO&#8217; (TO BE, PHEW, NOW!: \/ LATIN AMERICAN) and an upper speech bubble characteristic of comic books that points to the year of production. In 1984, mail art works by Deisler reproduced in <em>O DOS<\/em> magazine, 1984, directed by mail art artist and writer N. N. Arga\u00f1araz from Montevideo, show iconographic coincidences.<\/p>\n<p><a href=\"#_ftnref1\" name=\"_ftn1\"><\/a><\/p>\n<p><img decoding=\"async\" width=\"700\" height=\"988\" class=\"alignnone size-full wp-image-25412\" src=\"http:\/\/a-desk.org\/wp-content\/uploads\/2019\/02\/Foto6-e1550685893429.jpg\" alt=\"\" \/><\/p>\n<p><em>Internationales Mail-Art Projekt<\/em>, April 1984 <em>Nicaragua &#8211; Hoffnung und Politik<\/em>, call for a mail art exhibition, butter paper, typewritten, stamped and manuscript, 21 x 36 cm. Courtesy of the Paula Codocedo Archive<\/p>\n<p>One instance of solidarity in mail art networks appears under the wing of the exhibition entitled <em>Nicaragua &#8211; Esperanza y pol\u00edtica<\/em> that commemorated the fifth anniversary of the Nicaraguan Sandinista Revolution of 1979 in Germany. An envelope stamped in Freiberg on 23 April 1984 invited V\u00edctor Hugo Codocedo to send a work before the 30 or 31 May, under the following instruction: &#8216;You may send your works in each graphic technis [sic], if possible \/ by registered post<a href=\"#_ftn1\" name=\"_ftnref1\"><sup>[3]<\/sup><\/a> and in any size.&#8217; While the notice indicated that the works would not be returned, it did guarantee the emission of an acknowledge receipt for each consignment and documentation on the exhibition. It&#8217;s interesting to note how this and other mail art calls rebuked the logic of copyright or selection to validate the art institution, proposing a scale of cultural values on the margins of the art system in the First World, and justifying the &#8216;DIFFUSION&#8217; of the call. A similar exhibition exercise, <em>Contra el bloqueo a Nicaragua<\/em>, was organised the following year by mail art artist Clemente Pad\u00edn and the Uruguayan Mail Artists&#8217; Association.<a href=\"#_ftn2\" name=\"_ftnref2\"><sup>[4]<\/sup><\/a><\/p>\n<p><img decoding=\"async\" width=\"750\" height=\"523\" class=\"alignnone size-full wp-image-25415\" src=\"http:\/\/a-desk.org\/wp-content\/uploads\/2019\/02\/Foto7-e1550685917490.jpg\" alt=\"\" \/><\/p>\n<p>Colectivo de Arte Postal Libertad para Ulises G\u00f3mez mail art collective, 1984 <em>Libertad para Ulises G\u00f3mez preso en Chile<\/em>, mail envelope, stamped and painted, 20 x 10 cm. Courtesy of the Paula Codocedo Archive<\/p>\n<p><img decoding=\"async\" width=\"700\" height=\"988\" class=\"alignnone size-full wp-image-25418\" src=\"http:\/\/a-desk.org\/wp-content\/uploads\/2019\/02\/Foto8-e1550685938717.jpg\" alt=\"\" \/><\/p>\n<p>Colectivo de Arte Postal Libertad para Ulises G\u00f3mez, 1984<\/p>\n<p><em>Libertad para Ulises G\u00f3mez preso en Chile<\/em>, call for a mail art exhibition, bond paper, typewritten, stamped and painted, 21 x 36 cm.<\/p>\n<p>Courtesy of the Paula Codocedo Archive<\/p>\n<p>&nbsp;<\/p>\n<p>Finally, I should like to announce the creation of the Colectivo de Arte Postal Libertad para Ulises G\u00f3mez [Freedom for Ulises G\u00f3mez Mail Art Collective], this time under the wing of an exhibition in Stockholm held towards the end of 1984 in solidarity with the Chilean political prisoner. The journalist had been &#8216;arrested on 5 October [of 1979] by officers from the [illegal secret police corps] Central Nacional de Informaciones&#8217;, who &#8216;showed no order but nevertheless proceeded to break and enter&#8217;.<a href=\"#_ftn1\" name=\"_ftnref1\"><sup>[5]<\/sup><\/a> He wouldn&#8217;t be released until 1987. The striking visual poetics of the red stain on the envelope and on the letter of the call is a strong allusion to the spilt blood that makes them into mail art works. V\u00edctor Hugo Codocedo was invited to take part with a work he could send up until 1 November of that year at the latest, either a &#8216;DRAWING, PHOTO, POEM, MULTIMEDIA WORK, ETC.&#8217; in &#8216;2 OR 3 DIMENSIONS&#8217;, which would be displayed in an exhibition along with the video entitled <em>ODYSSEE<\/em> by Juan Castillo, a Chilean artist based in Sweden and a friend of Ulises G\u00f3mez&#8217;s. Once again, we discover a certain ethic of reciprocity in the transnational exchange of mail art when in the lower right margin of this communiqu\u00e9 we read that, although the works will be sent &#8216;Without reTurn&#8217;, &#8216;Al [sic] \/ ParTiciPants will recieVe \/ a CataLoGUE&#8217; [sic] of the exhibition.<\/p>\n<p>I&#8217;ve explored the hypothesis that the problem of authority which, according to psychoanalysis, is reflected in the father figure, motivated most of the plastic research by V\u00edctor Hugo Codocedo. The latter was influenced by the autocratic regime of Augusto Pinochet, who exterminated a great number of freethinkers and plunged the country into rampant unemployment and poverty as a result of the move to a neo-liberal economy. Thanks to the artist&#8217;s daughter Paula Codocedo, who safeguards a part of his documentary heritage and whose encouragement enabled me to learn more about the great man, I gained access to hitherto unexplored aspects of his personality. <em>Serie de la bandera<\/em> (1979-1981) is almost the only entry of his in the history of Creole art. As you see, there is much to be found on the margins.<\/p>\n<p><a href=\"#_ftnref1\" name=\"_ftn1\"><\/a><\/p>\n<p>(Highlighted image: V\u00edctor Hugo Codocedo, 29 September 1981 <em>Rumbo. La Revista Estudiantil<\/em>, <em>129<\/em>, 5, double surface)<\/p>\n<p><a href=\"#_ftnref1\" name=\"_ftn1\"><sup>[1]<\/sup><\/a> Vania Montgomery, &#8216;Un d\u00eda entero de mi vida. Citas, env\u00edos y transfiguraciones de Eugenio Dittborn&#8217;, <em>Bolet\u00edn del Centro de Estudios de Arte<\/em>, 5, 37, 2018.<\/p>\n<p><a href=\"#_ftnref2\" name=\"_ftn2\"><sup>[2]<\/sup><\/a> Francisca Garc\u00eda, Sol Henaro, Ana Longoni, Fernanda Nogueira and Paulina Varas, <em>Perder la forma humana. Una imagen s\u00edsmica de los a\u00f1os ochenta en Am\u00e9rica Latina<\/em>, Museo Nacional Centro de Arte Reina Sof\u00eda, Madrid, 2012, p. 154.<\/p>\n<p><a href=\"#_ftnref1\" name=\"_ftn1\"><\/a><a href=\"#_ftnref1\" name=\"_ftn1\"><sup>[3]<\/sup><\/a> The English translation allows us to infer that the reference is to a postal delivery.<a href=\"applewebdata:\/\/993FBE20-2D05-4551-9686-F58F9936E4FE#_ftnref2\" name=\"_ftn2\"><\/a><\/p>\n<p><a href=\"#_ftnref2\" name=\"_ftn2\"><sup>[4]<\/sup><\/a> Francisca Garc\u00eda, Sol Henaro, Ana Longoni, Fernanda Nogueira and Paulina Varas, op. cit., pp. 156-159.<\/p>\n<p><a href=\"applewebdata:\/\/993FBE20-2D05-4551-9686-F58F9936E4FE#_ftnref2\" name=\"_ftn2\"><\/a><a href=\"#_ftnref1\" name=\"_ftn1\"><sup>[5]<\/sup><\/a> Vicar\u00eda de la Solidaridad (October 1979). Legal situation observed during the month in question. <em>Informe confidencial, 2, <\/em>p. 12.<\/p>\n","protected":false},"excerpt":{"rendered":"<p>Chilean artist V\u00edctor Hugo Codocedo \u2015 nicknamed El Bac\u00e1n or La Motta on account of his dense curly hair \u2015 passed away in 1988 aged thirty-four, leaving his contemporaries with&#8230;<\/p>\n","protected":false},"author":2726,"featured_media":25399,"comment_status":"open","ping_status":"open","sticky":false,"template":"","format":"standard","meta":{"_relevanssi_hide_post":"","_relevanssi_hide_content":"","_relevanssi_pin_for_all":"","_relevanssi_pin_keywords":"","_relevanssi_unpin_keywords":"","_relevanssi_related_keywords":"","_relevanssi_related_include_ids":"","_relevanssi_related_exclude_ids":"","_relevanssi_related_no_append":"","_relevanssi_related_not_related":"","_relevanssi_related_posts":"","_relevanssi_noindex_reason":"","footnotes":""},"categories":[5990],"tags":[],"coauthors":[6563],"acf":[],"yoast_head":"<!-- This site is optimized with the Yoast SEO plugin v22.6 - https:\/\/yoast.com\/wordpress\/plugins\/seo\/ -->\n<title>V\u00edctor Hugo Codocedo and Mail Art: Political Solidarity during the Dictatorship &#8211; A*Desk<\/title>\n<meta name=\"robots\" content=\"index, follow, max-snippet:-1, max-image-preview:large, max-video-preview:-1\" \/>\n<link rel=\"canonical\" href=\"https:\/\/a-desk.org\/en\/magazine\/victor-hugo-codocedo-y-el-arte-postal-solidaridad-politica-durante-dictadura\/\" \/>\n<meta property=\"og:locale\" content=\"en_US\" \/>\n<meta property=\"og:type\" content=\"article\" \/>\n<meta property=\"og:title\" content=\"V\u00edctor Hugo Codocedo and Mail Art: Political Solidarity during the Dictatorship &#8211; A*Desk\" \/>\n<meta property=\"og:description\" content=\"Chilean artist V\u00edctor Hugo Codocedo \u2015 nicknamed El Bac\u00e1n or La Motta on account of his dense curly hair \u2015 passed away in 1988 aged thirty-four, leaving his contemporaries with...\" \/>\n<meta property=\"og:url\" content=\"https:\/\/a-desk.org\/en\/magazine\/victor-hugo-codocedo-y-el-arte-postal-solidaridad-politica-durante-dictadura\/\" \/>\n<meta property=\"og:site_name\" content=\"A*Desk\" \/>\n<meta property=\"article:published_time\" content=\"2019-02-25T05:00:01+00:00\" \/>\n<meta property=\"article:modified_time\" content=\"2021-08-09T09:26:48+00:00\" \/>\n<meta property=\"og:image\" content=\"https:\/\/a-desk.org\/wp-content\/uploads\/2019\/02\/doblesuperficie.jpg\" \/>\n\t<meta property=\"og:image:width\" content=\"1883\" \/>\n\t<meta property=\"og:image:height\" content=\"1058\" \/>\n\t<meta property=\"og:image:type\" content=\"image\/jpeg\" \/>\n<meta name=\"author\" content=\"aliwen\" \/>\n<meta name=\"twitter:card\" content=\"summary_large_image\" \/>\n<meta name=\"twitter:label1\" content=\"Written by\" \/>\n\t<meta name=\"twitter:data1\" content=\"aliwen\" \/>\n\t<meta name=\"twitter:label2\" content=\"Est. reading time\" \/>\n\t<meta name=\"twitter:data2\" content=\"7 minutes\" \/>\n<script type=\"application\/ld+json\" class=\"yoast-schema-graph\">{\"@context\":\"https:\/\/schema.org\",\"@graph\":[{\"@type\":\"WebPage\",\"@id\":\"https:\/\/a-desk.org\/en\/magazine\/victor-hugo-codocedo-y-el-arte-postal-solidaridad-politica-durante-dictadura\/\",\"url\":\"https:\/\/a-desk.org\/en\/magazine\/victor-hugo-codocedo-y-el-arte-postal-solidaridad-politica-durante-dictadura\/\",\"name\":\"V\u00edctor Hugo Codocedo and Mail Art: Political Solidarity during the Dictatorship &#8211; A*Desk\",\"isPartOf\":{\"@id\":\"https:\/\/a-desk.org\/#website\"},\"primaryImageOfPage\":{\"@id\":\"https:\/\/a-desk.org\/en\/magazine\/victor-hugo-codocedo-y-el-arte-postal-solidaridad-politica-durante-dictadura\/#primaryimage\"},\"image\":{\"@id\":\"https:\/\/a-desk.org\/en\/magazine\/victor-hugo-codocedo-y-el-arte-postal-solidaridad-politica-durante-dictadura\/#primaryimage\"},\"thumbnailUrl\":\"https:\/\/a-desk.org\/wp-content\/uploads\/2019\/02\/doblesuperficie.jpg\",\"datePublished\":\"2019-02-25T05:00:01+00:00\",\"dateModified\":\"2021-08-09T09:26:48+00:00\",\"author\":{\"@id\":\"https:\/\/a-desk.org\/#\/schema\/person\/da25cf2d1eee53baa27d2aa9a9dba7fb\"},\"breadcrumb\":{\"@id\":\"https:\/\/a-desk.org\/en\/magazine\/victor-hugo-codocedo-y-el-arte-postal-solidaridad-politica-durante-dictadura\/#breadcrumb\"},\"inLanguage\":\"en-US\",\"potentialAction\":[{\"@type\":\"ReadAction\",\"target\":[\"https:\/\/a-desk.org\/en\/magazine\/victor-hugo-codocedo-y-el-arte-postal-solidaridad-politica-durante-dictadura\/\"]}]},{\"@type\":\"ImageObject\",\"inLanguage\":\"en-US\",\"@id\":\"https:\/\/a-desk.org\/en\/magazine\/victor-hugo-codocedo-y-el-arte-postal-solidaridad-politica-durante-dictadura\/#primaryimage\",\"url\":\"https:\/\/a-desk.org\/wp-content\/uploads\/2019\/02\/doblesuperficie.jpg\",\"contentUrl\":\"https:\/\/a-desk.org\/wp-content\/uploads\/2019\/02\/doblesuperficie.jpg\",\"width\":1883,\"height\":1058},{\"@type\":\"BreadcrumbList\",\"@id\":\"https:\/\/a-desk.org\/en\/magazine\/victor-hugo-codocedo-y-el-arte-postal-solidaridad-politica-durante-dictadura\/#breadcrumb\",\"itemListElement\":[{\"@type\":\"ListItem\",\"position\":1,\"name\":\"Portada\",\"item\":\"https:\/\/a-desk.org\/en\/\"},{\"@type\":\"ListItem\",\"position\":2,\"name\":\"V\u00edctor Hugo Codocedo and Mail Art: Political Solidarity during the Dictatorship\"}]},{\"@type\":\"WebSite\",\"@id\":\"https:\/\/a-desk.org\/#website\",\"url\":\"https:\/\/a-desk.org\/\",\"name\":\"A*Desk\",\"description\":\"A*Desk Critical Thinking\",\"potentialAction\":[{\"@type\":\"SearchAction\",\"target\":{\"@type\":\"EntryPoint\",\"urlTemplate\":\"https:\/\/a-desk.org\/?s={search_term_string}\"},\"query-input\":\"required name=search_term_string\"}],\"inLanguage\":\"en-US\"},{\"@type\":\"Person\",\"@id\":\"https:\/\/a-desk.org\/#\/schema\/person\/da25cf2d1eee53baa27d2aa9a9dba7fb\",\"name\":\"aliwen\",\"image\":{\"@type\":\"ImageObject\",\"inLanguage\":\"en-US\",\"@id\":\"https:\/\/a-desk.org\/#\/schema\/person\/image\/342a68f3def57e4b06919f1194953af1\",\"url\":\"https:\/\/secure.gravatar.com\/avatar\/397acacaa946e56d25064d83d7716d36?s=96&d=mm&r=g\",\"contentUrl\":\"https:\/\/secure.gravatar.com\/avatar\/397acacaa946e56d25064d83d7716d36?s=96&d=mm&r=g\",\"caption\":\"aliwen\"},\"url\":\"https:\/\/a-desk.org\/en\/autor\/aliwen\/\"}]}<\/script>\n<!-- \/ Yoast SEO plugin. -->","yoast_head_json":{"title":"V\u00edctor Hugo Codocedo and Mail Art: Political Solidarity during the Dictatorship &#8211; A*Desk","robots":{"index":"index","follow":"follow","max-snippet":"max-snippet:-1","max-image-preview":"max-image-preview:large","max-video-preview":"max-video-preview:-1"},"canonical":"https:\/\/a-desk.org\/en\/magazine\/victor-hugo-codocedo-y-el-arte-postal-solidaridad-politica-durante-dictadura\/","og_locale":"en_US","og_type":"article","og_title":"V\u00edctor Hugo Codocedo and Mail Art: Political Solidarity during the Dictatorship &#8211; A*Desk","og_description":"Chilean artist V\u00edctor Hugo Codocedo \u2015 nicknamed El Bac\u00e1n or La Motta on account of his dense curly hair \u2015 passed away in 1988 aged thirty-four, leaving his contemporaries with...","og_url":"https:\/\/a-desk.org\/en\/magazine\/victor-hugo-codocedo-y-el-arte-postal-solidaridad-politica-durante-dictadura\/","og_site_name":"A*Desk","article_published_time":"2019-02-25T05:00:01+00:00","article_modified_time":"2021-08-09T09:26:48+00:00","og_image":[{"width":1883,"height":1058,"url":"https:\/\/a-desk.org\/wp-content\/uploads\/2019\/02\/doblesuperficie.jpg","type":"image\/jpeg"}],"author":"aliwen","twitter_card":"summary_large_image","twitter_misc":{"Written by":"aliwen","Est. reading time":"7 minutes"},"schema":{"@context":"https:\/\/schema.org","@graph":[{"@type":"WebPage","@id":"https:\/\/a-desk.org\/en\/magazine\/victor-hugo-codocedo-y-el-arte-postal-solidaridad-politica-durante-dictadura\/","url":"https:\/\/a-desk.org\/en\/magazine\/victor-hugo-codocedo-y-el-arte-postal-solidaridad-politica-durante-dictadura\/","name":"V\u00edctor Hugo Codocedo and Mail Art: Political Solidarity during the Dictatorship &#8211; A*Desk","isPartOf":{"@id":"https:\/\/a-desk.org\/#website"},"primaryImageOfPage":{"@id":"https:\/\/a-desk.org\/en\/magazine\/victor-hugo-codocedo-y-el-arte-postal-solidaridad-politica-durante-dictadura\/#primaryimage"},"image":{"@id":"https:\/\/a-desk.org\/en\/magazine\/victor-hugo-codocedo-y-el-arte-postal-solidaridad-politica-durante-dictadura\/#primaryimage"},"thumbnailUrl":"https:\/\/a-desk.org\/wp-content\/uploads\/2019\/02\/doblesuperficie.jpg","datePublished":"2019-02-25T05:00:01+00:00","dateModified":"2021-08-09T09:26:48+00:00","author":{"@id":"https:\/\/a-desk.org\/#\/schema\/person\/da25cf2d1eee53baa27d2aa9a9dba7fb"},"breadcrumb":{"@id":"https:\/\/a-desk.org\/en\/magazine\/victor-hugo-codocedo-y-el-arte-postal-solidaridad-politica-durante-dictadura\/#breadcrumb"},"inLanguage":"en-US","potentialAction":[{"@type":"ReadAction","target":["https:\/\/a-desk.org\/en\/magazine\/victor-hugo-codocedo-y-el-arte-postal-solidaridad-politica-durante-dictadura\/"]}]},{"@type":"ImageObject","inLanguage":"en-US","@id":"https:\/\/a-desk.org\/en\/magazine\/victor-hugo-codocedo-y-el-arte-postal-solidaridad-politica-durante-dictadura\/#primaryimage","url":"https:\/\/a-desk.org\/wp-content\/uploads\/2019\/02\/doblesuperficie.jpg","contentUrl":"https:\/\/a-desk.org\/wp-content\/uploads\/2019\/02\/doblesuperficie.jpg","width":1883,"height":1058},{"@type":"BreadcrumbList","@id":"https:\/\/a-desk.org\/en\/magazine\/victor-hugo-codocedo-y-el-arte-postal-solidaridad-politica-durante-dictadura\/#breadcrumb","itemListElement":[{"@type":"ListItem","position":1,"name":"Portada","item":"https:\/\/a-desk.org\/en\/"},{"@type":"ListItem","position":2,"name":"V\u00edctor Hugo Codocedo and Mail Art: Political Solidarity during the Dictatorship"}]},{"@type":"WebSite","@id":"https:\/\/a-desk.org\/#website","url":"https:\/\/a-desk.org\/","name":"A*Desk","description":"A*Desk Critical Thinking","potentialAction":[{"@type":"SearchAction","target":{"@type":"EntryPoint","urlTemplate":"https:\/\/a-desk.org\/?s={search_term_string}"},"query-input":"required name=search_term_string"}],"inLanguage":"en-US"},{"@type":"Person","@id":"https:\/\/a-desk.org\/#\/schema\/person\/da25cf2d1eee53baa27d2aa9a9dba7fb","name":"aliwen","image":{"@type":"ImageObject","inLanguage":"en-US","@id":"https:\/\/a-desk.org\/#\/schema\/person\/image\/342a68f3def57e4b06919f1194953af1","url":"https:\/\/secure.gravatar.com\/avatar\/397acacaa946e56d25064d83d7716d36?s=96&d=mm&r=g","contentUrl":"https:\/\/secure.gravatar.com\/avatar\/397acacaa946e56d25064d83d7716d36?s=96&d=mm&r=g","caption":"aliwen"},"url":"https:\/\/a-desk.org\/en\/autor\/aliwen\/"}]}},"_links":{"self":[{"href":"https:\/\/a-desk.org\/en\/wp-json\/wp\/v2\/posts\/25462"}],"collection":[{"href":"https:\/\/a-desk.org\/en\/wp-json\/wp\/v2\/posts"}],"about":[{"href":"https:\/\/a-desk.org\/en\/wp-json\/wp\/v2\/types\/post"}],"author":[{"embeddable":true,"href":"https:\/\/a-desk.org\/en\/wp-json\/wp\/v2\/users\/2726"}],"replies":[{"embeddable":true,"href":"https:\/\/a-desk.org\/en\/wp-json\/wp\/v2\/comments?post=25462"}],"version-history":[{"count":4,"href":"https:\/\/a-desk.org\/en\/wp-json\/wp\/v2\/posts\/25462\/revisions"}],"predecessor-version":[{"id":25466,"href":"https:\/\/a-desk.org\/en\/wp-json\/wp\/v2\/posts\/25462\/revisions\/25466"}],"wp:featuredmedia":[{"embeddable":true,"href":"https:\/\/a-desk.org\/en\/wp-json\/wp\/v2\/media\/25399"}],"wp:attachment":[{"href":"https:\/\/a-desk.org\/en\/wp-json\/wp\/v2\/media?parent=25462"}],"wp:term":[{"taxonomy":"category","embeddable":true,"href":"https:\/\/a-desk.org\/en\/wp-json\/wp\/v2\/categories?post=25462"},{"taxonomy":"post_tag","embeddable":true,"href":"https:\/\/a-desk.org\/en\/wp-json\/wp\/v2\/tags?post=25462"},{"taxonomy":"author","embeddable":true,"href":"https:\/\/a-desk.org\/en\/wp-json\/wp\/v2\/coauthors?post=25462"}],"curies":[{"name":"wp","href":"https:\/\/api.w.org\/{rel}","templated":true}]}}