{"id":31641,"date":"2021-02-15T06:00:28","date_gmt":"2021-02-15T05:00:28","guid":{"rendered":"http:\/\/a-desk.org\/?p=31641"},"modified":"2023-07-09T14:45:24","modified_gmt":"2023-07-09T12:45:24","slug":"des-policializar-una-imagen-apocaliptica","status":"publish","type":"post","link":"https:\/\/a-desk.org\/en\/magazine\/des-policializar-una-imagen-apocaliptica\/","title":{"rendered":"De-policing. An apocalyptic Image"},"content":{"rendered":"<blockquote>\n<div><span lang=\"EN-US\">\u201c<\/span><span lang=\"EN-US\"><span lang=\"EN-US\">Abolition is not\u00a0<i>absence<\/i>, it is\u00a0<i>presence<\/i>. What the world will become already exists in fragments and pieces, experiments and possibilities. So those who feel in their gut deep anxiety that abolition means knock it all down, scorch the earth and start something new, let that go<\/span><\/span>. Abolition is building the future from the present, in all of the ways we can.\u201d <a href=\"https:\/\/thefunambulist.net\/making-abolition-geography-in-californias-central-valley-with-ruth-wilson-gilmore\">Ruth Wilson Gilmore<\/a><\/div>\n<\/blockquote>\n<p>During the wave of protests against police violence and institutional racism that swept across the United States in the summer of 2020, a change of message could be seen. Protesters no longer carried signs with just Black Lives Matter or other anti-racist slogans, but also \u201cDefund the Police\u201d and \u201cAbolish the Police.\u201d What does this change in the grammar of protest imply? Is it a strategic change in the fight against racial capitalism, a shift towards an already operational horizon? I would like to take the time to look at this complex image in order to analyze its profound, almost seismic implications.<\/p>\n<p><span lang=\"EN-US\">What these slogans point to is <\/span> \u00ab<a href=\"https:\/\/www.elsaltodiario.com\/violencia-policial\/policia-irrelevante-seguridad-ciudadana-defund-police\">one of the best-kept secrects in modern life. Experts know it, the police know it, but the public doesn&#8217;t know it<\/a>\u00bb.Namely, that the police are not here to guarantee citizen safety. Various experiments and studies (for example, one carried out in Kansas City in 1973) have repeatedly shown that police presence does not reduce criminal activity nor the perception of risk by citizens. Its sole purpose is to maintain social order by containing (not resolving) resistance to that order. It has had no other role since its origins, which are, by the way, colonial and industrial. These origins are to be found in the Irish Guard established by the British Crown to control the island, the London Metropolitan Police that were created to suppress the Luddite revolts, or the vigilante forces created to prevent slaves from escaping from plantations in the United States. In short: police emerged as part of the State&#8217;s reason to manage and exploit inequality in the 19<sup>th<\/sup> century, moving from repressive, expensive and cruel military techniques to new techniques of stable and legitimate social control.\u00a0This is not the place and I am not the right person to explain in detail the causes and reasons for all this. There are dozens of recent <a href=\"https:\/\/jacobinlat.com\/2020\/11\/03\/3253\/\">articles<\/a> and <a href=\"https:\/\/www.versobooks.com\/lists\/4732-abolition-and-black-struggle?utm_source=Master+List&amp;utm_campaign=2e4b6ab8f8-UK+Direct%3A+Abolition+and+Black+Struggle&amp;utm_medium=email&amp;utm_term=0_1f96ba5fab-2e4b6ab8f8-411769191&amp;mc_cid=2e4b6ab8f8&amp;mc_eid=cd4024d007\">publications<\/a> that have dealt with this issue, and they all agree that there is no reason to believe that a reform of the police force will bring about any substantial change beyond a little public \u00a0facelift.<\/p>\n<p>Which is why we can sum up by saying that the police are an obsolete and violent institution whose time should come to an end. What, exactly, does the abolition or dissolution of the police mean? The proposal is to redistribute of the funding destined to law enforcement agencies between social and community services, such as, for example, housing, education, employment and public health, all of which have a direct impact on criminality. More and better social facilities translate into safer communities and lower crime rates.<\/p>\n<p>On the other hand, what these studies also show is that the police are much more than a group of uniformed men. They are, above all, a control mechanism that has been reinforced in the recent decades of neoliberal government, and which has normalized the culture of (in)security, surveillance and fear as a complement to social fragmentation. The result of this is the current reformist climate, focused on promoting a renewed image of the police in terms of diversity (both gender and ethnic), professionalization (with extensive training programs and regulatory bodies), proximity (with the creation of community police) and prevention (rather than repression). In other words, a (successful) effort has been made <a href=\"https:\/\/www.youtube.com\/watch?v=r9idCwNUjB0\">\u201cto socialize the police and police the social.\u201d<\/a> As Sergio Garc\u00eda Garc\u00eda and D\u00e9bora \u00c1vila Cantos so masterfully explain (complete with large doses of terror), this has taken place in the Spanish State through the abandonment of social policies, replaced in part by emergency management programs and corporate civil liability projects. This gap has been exploited to allow for the infiltration of the police into the field of social intervention and, with it, the internalization of surveillance both at a personal and neighborhood level. Thus, in recent times, we have seen and experienced firsthand how the police assume the functions of social workers (mediation of neighborhood conflicts, presence in schools through talks, revitalization of citizen resources, etc.), and, at the same time, we have seen how all of us have, little by little, become the police. From \u00a0Left to Right, there has been a rise in <a href=\"https:\/\/ctxt.es\/es\/20201201\/Firmas\/34507\/Nuria-Alabao-Emmanuel-Rodriguez-redes-sociales-moralismo-opresion-impotencia-analitica.htm\">semiotic police<\/a> and &#8220;<a href=\"https:\/\/elpais.com\/espana\/2020-05-30\/vox-alienta-el-malestar-contra-el-gobierno-de-las-fuerzas-de-seguridad.html\"><em>criminationalists<\/em><\/a>&#8220;, <a href=\"https:\/\/elpais.com\/elpais\/2018\/09\/11\/seres_urbanos\/1536665339_030667.html\">the punishment mentality of \u201cpissed off\u201d neighborhood associations<\/a> and, more recently, balcony vigilantes. We are living in a new era defined by policing in which the culture of police force and the maintenance of order has been installed in other -previously unimaginable- social, professional and existential spheres.<\/p>\n<p>Coming back to the present moment, I believe that, at this point, no one is unaware of how the crisis unleashed by the management of the pandemic has resulted in a notable increase in the police presence in the streets. Along with this, there is also a notable increase in the policing of the public sphere and an increase in bellicose language, sanctions, appeals for discipline and for individual-collective responsibility, as well as moral injunctions on the street and in social networks&#8230; all of which results in a breeding ground for authoritarianism and its abuses, contrary to all forms of community development.\u00a0Another of the major consequences is that the Covid virus has exposed and drastically exacerbated existing social, economic, and political inequalities (seen quite clearly, for example, in the possibility of millions of children taking online classes or in the polarization of wealth). This has also revealed, in a dramatic way, how the mortality of the virus has been greater in places where social infrastructure had become scarce or practically non-existent <a href=\"https:\/\/www.publicbooks.org\/defund-the-police-and-refund-the-communities\/?utm_content=buffer647c3&amp;utm_medium=social&amp;utm_source=twitter.com&amp;utm_campaign=buffer\">after years of austerity, racism, budget cuts, and political wars<\/a>. Police and policing are not only contrary to community development, they also exacerbate the inequalities and grassroots problems that they supposedly address. It is worth quoting \u00a0here, in light of what has already been said, two very pertinent questions posed by <a href=\"https:\/\/ctxt.es\/es\/20200401\/Politica\/31731\/Jose-Maria-Lopez-Riba-policia-coronavirus-confinamiento-estado-alarma.htm\">Jos\u00e9 Mar\u00eda L\u00f3pez-Riba<\/a>: \u201cWas the policing of the management of a (let&#8217;s not forget) health crisis really necessary? [&#8230;] After all, isn&#8217;t it better to protect ourselves against the virus (with strong public services and community support) than to go to war with it?\u201d<\/p>\n<p>The beauty of the abolitionist philosophy lies in its vital, operationalist force. <a href=\"https:\/\/www.haymarketbooks.org\/blogs\/128-ruth-wilson-gilmore-on-covid-19-decarceration-and-abolition\">As Ruth Wilson Gilmore points out,<\/a> abolitionism is not about complaints and compassion, but about politics rooted in life and death. It is a long-term practice based on presence, on being present and building from the present, and of how we connect and multiply the networks that have the capacity to <em>give rise to<\/em> (not to lead) a broad movement in favor of social justice, in favor of a livable life. As my friend Victor Aguado Machuca reminded me, abolitionism is not a utopia; rather \u00a0it is our present that behaves as an anachronism. Abolitionism \u00a0allows us to think and act in a systemic way towards community life, recognizing shared vulnerabilities and solidarity. And from there, it enables to join forces in the fight, to design and organize ways of operating against these vulnerabilities in a communal way, and to promote \u201cprojects that affirm life,\u201d such as those proposed by the promoters of defunding the police.\u00a0Thinking with and through this intersectional horizon also leads us to abolish not just one but \u201c\u00a0<a href=\"https:\/\/www.youtube.com\/watch?v=zqWMejD_XU8\">all violent institutions,<\/a>\u201d including prisons, the workplace, the university, the professor, the curator, or the artist, as Moten and Harney suggest. They propose, in addition to abolitionism and presence, to add the concept of exodus: the ability to withdraw ourselves from the violent institutions and relationships in which we participate, to abandon <em>en masse<\/em>, instead of remaining in an antagonistic position, and to activate forms of radical complicity \u201cin favor of the radical realization of presence.\u201d That is, to abandon the institution of the artist, the curator (A.C.A.B. both for cops as for curators) and \u201c<a href=\"https:\/\/a-desk.org\/en\/magazine\/deep-stagnant-waters\/\">their deep, stagnant waters,\u201d<\/a> as my dear Raisa Maudit suggests, in favor of a shared aesthetic and intellectual presence.<\/p>\n<p>Recently, in a class we taught together, my colleague \u00a0Hypatia Voulourmis reminded us that the Greek etymology of \u201capocalyptic\u201d refers not only to its capacity for destruction, but also for revelation. She thus invoked <a href=\"https:\/\/stateofconcept.org\/event\/apocalyptic-feminisms\/\">apocalyptic feminisms<\/a> whose revelatory forces would eventually undo and destroy heteropatriarchal and racist worlds, called to disappear, creating in their place other <em>livable<\/em>worlds. We could say that the image of <em>de-policing<\/em> that has arisen over time, thanks to the enduring legacies of abolitionist black thought and activism, is precisely that: an apocalyptic image, a seismic image or horizon that already contains the fragments and pieces of a world to come.<\/p>\n","protected":false},"excerpt":{"rendered":"<p>\u201cAbolition is not\u00a0absence, it is\u00a0presence. What the world will become already exists in fragments and pieces, experiments and possibilities. So those who feel in their gut deep anxiety that abolition&#8230;<\/p>\n","protected":false},"author":2701,"featured_media":31513,"comment_status":"open","ping_status":"open","sticky":false,"template":"","format":"standard","meta":{"_relevanssi_hide_post":"","_relevanssi_hide_content":"","_relevanssi_pin_for_all":"","_relevanssi_pin_keywords":"","_relevanssi_unpin_keywords":"","_relevanssi_related_keywords":"","_relevanssi_related_include_ids":"","_relevanssi_related_exclude_ids":"","_relevanssi_related_no_append":"","_relevanssi_related_not_related":"","_relevanssi_related_posts":"","_relevanssi_noindex_reason":"","footnotes":""},"categories":[6093],"tags":[],"coauthors":[6636],"acf":[],"yoast_head":"<!-- This site is optimized with the Yoast SEO plugin v22.6 - https:\/\/yoast.com\/wordpress\/plugins\/seo\/ -->\n<title>De-policing. An apocalyptic Image &#8211; A*Desk<\/title>\n<meta name=\"robots\" content=\"index, follow, max-snippet:-1, max-image-preview:large, max-video-preview:-1\" \/>\n<link rel=\"canonical\" href=\"https:\/\/a-desk.org\/en\/magazine\/des-policializar-una-imagen-apocaliptica\/\" \/>\n<meta property=\"og:locale\" content=\"en_US\" \/>\n<meta property=\"og:type\" content=\"article\" \/>\n<meta property=\"og:title\" content=\"De-policing. An apocalyptic Image &#8211; A*Desk\" \/>\n<meta property=\"og:description\" content=\"\u201cAbolition is not\u00a0absence, it is\u00a0presence. What the world will become already exists in fragments and pieces, experiments and possibilities. So those who feel in their gut deep anxiety that abolition...\" \/>\n<meta property=\"og:url\" content=\"https:\/\/a-desk.org\/en\/magazine\/des-policializar-una-imagen-apocaliptica\/\" \/>\n<meta property=\"og:site_name\" content=\"A*Desk\" \/>\n<meta property=\"article:published_time\" content=\"2021-02-15T05:00:28+00:00\" \/>\n<meta property=\"article:modified_time\" content=\"2023-07-09T12:45:24+00:00\" \/>\n<meta property=\"og:image\" content=\"http:\/\/a-desk.org\/wp-content\/uploads\/2021\/01\/despolicializar_adesk_JMA.001.jpeg\" \/>\n\t<meta property=\"og:image:width\" content=\"640\" \/>\n\t<meta property=\"og:image:height\" content=\"360\" \/>\n\t<meta property=\"og:image:type\" content=\"image\/jpeg\" \/>\n<meta name=\"author\" content=\"Julia Morandeira Arrizabalaga\" \/>\n<meta name=\"twitter:card\" content=\"summary_large_image\" \/>\n<meta name=\"twitter:label1\" content=\"Written by\" \/>\n\t<meta name=\"twitter:data1\" content=\"Julia Morandeira Arrizabalaga\" \/>\n\t<meta name=\"twitter:label2\" content=\"Est. reading time\" \/>\n\t<meta name=\"twitter:data2\" content=\"7 minutes\" \/>\n<script type=\"application\/ld+json\" class=\"yoast-schema-graph\">{\"@context\":\"https:\/\/schema.org\",\"@graph\":[{\"@type\":\"WebPage\",\"@id\":\"https:\/\/a-desk.org\/en\/magazine\/des-policializar-una-imagen-apocaliptica\/\",\"url\":\"https:\/\/a-desk.org\/en\/magazine\/des-policializar-una-imagen-apocaliptica\/\",\"name\":\"De-policing. An apocalyptic Image &#8211; A*Desk\",\"isPartOf\":{\"@id\":\"https:\/\/a-desk.org\/#website\"},\"primaryImageOfPage\":{\"@id\":\"https:\/\/a-desk.org\/en\/magazine\/des-policializar-una-imagen-apocaliptica\/#primaryimage\"},\"image\":{\"@id\":\"https:\/\/a-desk.org\/en\/magazine\/des-policializar-una-imagen-apocaliptica\/#primaryimage\"},\"thumbnailUrl\":\"https:\/\/a-desk.org\/wp-content\/uploads\/2021\/01\/despolicializar_adesk_JMA.001.jpeg\",\"datePublished\":\"2021-02-15T05:00:28+00:00\",\"dateModified\":\"2023-07-09T12:45:24+00:00\",\"author\":{\"@id\":\"https:\/\/a-desk.org\/#\/schema\/person\/3ae1da92d8d40cdc7c60b8048b4b3b07\"},\"breadcrumb\":{\"@id\":\"https:\/\/a-desk.org\/en\/magazine\/des-policializar-una-imagen-apocaliptica\/#breadcrumb\"},\"inLanguage\":\"en-US\",\"potentialAction\":[{\"@type\":\"ReadAction\",\"target\":[\"https:\/\/a-desk.org\/en\/magazine\/des-policializar-una-imagen-apocaliptica\/\"]}]},{\"@type\":\"ImageObject\",\"inLanguage\":\"en-US\",\"@id\":\"https:\/\/a-desk.org\/en\/magazine\/des-policializar-una-imagen-apocaliptica\/#primaryimage\",\"url\":\"https:\/\/a-desk.org\/wp-content\/uploads\/2021\/01\/despolicializar_adesk_JMA.001.jpeg\",\"contentUrl\":\"https:\/\/a-desk.org\/wp-content\/uploads\/2021\/01\/despolicializar_adesk_JMA.001.jpeg\",\"width\":640,\"height\":360},{\"@type\":\"BreadcrumbList\",\"@id\":\"https:\/\/a-desk.org\/en\/magazine\/des-policializar-una-imagen-apocaliptica\/#breadcrumb\",\"itemListElement\":[{\"@type\":\"ListItem\",\"position\":1,\"name\":\"Portada\",\"item\":\"https:\/\/a-desk.org\/en\/\"},{\"@type\":\"ListItem\",\"position\":2,\"name\":\"De-policing. An apocalyptic Image\"}]},{\"@type\":\"WebSite\",\"@id\":\"https:\/\/a-desk.org\/#website\",\"url\":\"https:\/\/a-desk.org\/\",\"name\":\"A*Desk\",\"description\":\"A*Desk Critical Thinking\",\"potentialAction\":[{\"@type\":\"SearchAction\",\"target\":{\"@type\":\"EntryPoint\",\"urlTemplate\":\"https:\/\/a-desk.org\/?s={search_term_string}\"},\"query-input\":\"required name=search_term_string\"}],\"inLanguage\":\"en-US\"},{\"@type\":\"Person\",\"@id\":\"https:\/\/a-desk.org\/#\/schema\/person\/3ae1da92d8d40cdc7c60b8048b4b3b07\",\"name\":\"Julia Morandeira Arrizabalaga\",\"image\":{\"@type\":\"ImageObject\",\"inLanguage\":\"en-US\",\"@id\":\"https:\/\/a-desk.org\/#\/schema\/person\/image\/2a3f3c676c2a66e2f360d6e7023e1598\",\"url\":\"https:\/\/secure.gravatar.com\/avatar\/3a7b3bafc275fcd00c9420a1777bfabb?s=96&d=mm&r=g\",\"contentUrl\":\"https:\/\/secure.gravatar.com\/avatar\/3a7b3bafc275fcd00c9420a1777bfabb?s=96&d=mm&r=g\",\"caption\":\"Julia Morandeira Arrizabalaga\"},\"url\":\"https:\/\/a-desk.org\/en\/autor\/julia-morandeira\/\"}]}<\/script>\n<!-- \/ Yoast SEO plugin. -->","yoast_head_json":{"title":"De-policing. An apocalyptic Image &#8211; A*Desk","robots":{"index":"index","follow":"follow","max-snippet":"max-snippet:-1","max-image-preview":"max-image-preview:large","max-video-preview":"max-video-preview:-1"},"canonical":"https:\/\/a-desk.org\/en\/magazine\/des-policializar-una-imagen-apocaliptica\/","og_locale":"en_US","og_type":"article","og_title":"De-policing. An apocalyptic Image &#8211; A*Desk","og_description":"\u201cAbolition is not\u00a0absence, it is\u00a0presence. What the world will become already exists in fragments and pieces, experiments and possibilities. So those who feel in their gut deep anxiety that abolition...","og_url":"https:\/\/a-desk.org\/en\/magazine\/des-policializar-una-imagen-apocaliptica\/","og_site_name":"A*Desk","article_published_time":"2021-02-15T05:00:28+00:00","article_modified_time":"2023-07-09T12:45:24+00:00","og_image":[{"width":640,"height":360,"url":"http:\/\/a-desk.org\/wp-content\/uploads\/2021\/01\/despolicializar_adesk_JMA.001.jpeg","type":"image\/jpeg"}],"author":"Julia Morandeira Arrizabalaga","twitter_card":"summary_large_image","twitter_misc":{"Written by":"Julia Morandeira Arrizabalaga","Est. reading time":"7 minutes"},"schema":{"@context":"https:\/\/schema.org","@graph":[{"@type":"WebPage","@id":"https:\/\/a-desk.org\/en\/magazine\/des-policializar-una-imagen-apocaliptica\/","url":"https:\/\/a-desk.org\/en\/magazine\/des-policializar-una-imagen-apocaliptica\/","name":"De-policing. An apocalyptic Image &#8211; A*Desk","isPartOf":{"@id":"https:\/\/a-desk.org\/#website"},"primaryImageOfPage":{"@id":"https:\/\/a-desk.org\/en\/magazine\/des-policializar-una-imagen-apocaliptica\/#primaryimage"},"image":{"@id":"https:\/\/a-desk.org\/en\/magazine\/des-policializar-una-imagen-apocaliptica\/#primaryimage"},"thumbnailUrl":"https:\/\/a-desk.org\/wp-content\/uploads\/2021\/01\/despolicializar_adesk_JMA.001.jpeg","datePublished":"2021-02-15T05:00:28+00:00","dateModified":"2023-07-09T12:45:24+00:00","author":{"@id":"https:\/\/a-desk.org\/#\/schema\/person\/3ae1da92d8d40cdc7c60b8048b4b3b07"},"breadcrumb":{"@id":"https:\/\/a-desk.org\/en\/magazine\/des-policializar-una-imagen-apocaliptica\/#breadcrumb"},"inLanguage":"en-US","potentialAction":[{"@type":"ReadAction","target":["https:\/\/a-desk.org\/en\/magazine\/des-policializar-una-imagen-apocaliptica\/"]}]},{"@type":"ImageObject","inLanguage":"en-US","@id":"https:\/\/a-desk.org\/en\/magazine\/des-policializar-una-imagen-apocaliptica\/#primaryimage","url":"https:\/\/a-desk.org\/wp-content\/uploads\/2021\/01\/despolicializar_adesk_JMA.001.jpeg","contentUrl":"https:\/\/a-desk.org\/wp-content\/uploads\/2021\/01\/despolicializar_adesk_JMA.001.jpeg","width":640,"height":360},{"@type":"BreadcrumbList","@id":"https:\/\/a-desk.org\/en\/magazine\/des-policializar-una-imagen-apocaliptica\/#breadcrumb","itemListElement":[{"@type":"ListItem","position":1,"name":"Portada","item":"https:\/\/a-desk.org\/en\/"},{"@type":"ListItem","position":2,"name":"De-policing. An apocalyptic Image"}]},{"@type":"WebSite","@id":"https:\/\/a-desk.org\/#website","url":"https:\/\/a-desk.org\/","name":"A*Desk","description":"A*Desk Critical Thinking","potentialAction":[{"@type":"SearchAction","target":{"@type":"EntryPoint","urlTemplate":"https:\/\/a-desk.org\/?s={search_term_string}"},"query-input":"required name=search_term_string"}],"inLanguage":"en-US"},{"@type":"Person","@id":"https:\/\/a-desk.org\/#\/schema\/person\/3ae1da92d8d40cdc7c60b8048b4b3b07","name":"Julia Morandeira Arrizabalaga","image":{"@type":"ImageObject","inLanguage":"en-US","@id":"https:\/\/a-desk.org\/#\/schema\/person\/image\/2a3f3c676c2a66e2f360d6e7023e1598","url":"https:\/\/secure.gravatar.com\/avatar\/3a7b3bafc275fcd00c9420a1777bfabb?s=96&d=mm&r=g","contentUrl":"https:\/\/secure.gravatar.com\/avatar\/3a7b3bafc275fcd00c9420a1777bfabb?s=96&d=mm&r=g","caption":"Julia Morandeira Arrizabalaga"},"url":"https:\/\/a-desk.org\/en\/autor\/julia-morandeira\/"}]}},"_links":{"self":[{"href":"https:\/\/a-desk.org\/en\/wp-json\/wp\/v2\/posts\/31641"}],"collection":[{"href":"https:\/\/a-desk.org\/en\/wp-json\/wp\/v2\/posts"}],"about":[{"href":"https:\/\/a-desk.org\/en\/wp-json\/wp\/v2\/types\/post"}],"author":[{"embeddable":true,"href":"https:\/\/a-desk.org\/en\/wp-json\/wp\/v2\/users\/2701"}],"replies":[{"embeddable":true,"href":"https:\/\/a-desk.org\/en\/wp-json\/wp\/v2\/comments?post=31641"}],"version-history":[{"count":12,"href":"https:\/\/a-desk.org\/en\/wp-json\/wp\/v2\/posts\/31641\/revisions"}],"predecessor-version":[{"id":32074,"href":"https:\/\/a-desk.org\/en\/wp-json\/wp\/v2\/posts\/31641\/revisions\/32074"}],"wp:featuredmedia":[{"embeddable":true,"href":"https:\/\/a-desk.org\/en\/wp-json\/wp\/v2\/media\/31513"}],"wp:attachment":[{"href":"https:\/\/a-desk.org\/en\/wp-json\/wp\/v2\/media?parent=31641"}],"wp:term":[{"taxonomy":"category","embeddable":true,"href":"https:\/\/a-desk.org\/en\/wp-json\/wp\/v2\/categories?post=31641"},{"taxonomy":"post_tag","embeddable":true,"href":"https:\/\/a-desk.org\/en\/wp-json\/wp\/v2\/tags?post=31641"},{"taxonomy":"author","embeddable":true,"href":"https:\/\/a-desk.org\/en\/wp-json\/wp\/v2\/coauthors?post=31641"}],"curies":[{"name":"wp","href":"https:\/\/api.w.org\/{rel}","templated":true}]}}