{"id":31762,"date":"2021-02-26T06:00:22","date_gmt":"2021-02-26T05:00:22","guid":{"rendered":"http:\/\/a-desk.org\/magazine\/pensar-desde-las-imagenes\/"},"modified":"2023-07-09T14:45:23","modified_gmt":"2023-07-09T12:45:23","slug":"pensar-desde-las-imagenes","status":"publish","type":"post","link":"https:\/\/a-desk.org\/en\/magazine\/pensar-desde-las-imagenes\/","title":{"rendered":"Thinking from images"},"content":{"rendered":"<p>Speed is not without its charms, but it\u2019ll put you in a fluster if caught unawares. I remember how, as a little boy, one used to be told that books for <em>grown-ups<\/em> have <em>no pictures in them<\/em>. Nothing but text, as dry as it sounds. However, with the passing of years, it turns out there are more and more pictures everywhere. Important, definitive, history-making, all of them. One feels like in one of those souks straight out of <em>Tintin<\/em> where before you even had a chance to check out anything, someone else will be trying to divert your attention into something else.<\/p>\n<p>During February, we\u2019ve wanted to think from images, to look at them for longer than we usually do. And then comment on them, gloss over them, because a long spiel is worth a thousand photographs. To that end, I thought about calling in a few artists, alongside the expected and ubiquitous art theorists (we make quite a crowd, and we reproduce by spores). In particular, I was interested in the opinion of painters, who have spent all their lives working with pictures, outmoded as that is (people who adjust and compose; a strange lot, no doubt). We could have dealt with other subjects, but those impressions (<a href=\"http:\/\/a-desk.org\/en\/magazine\/the-printing-press\/\">the printing press<\/a>, <a href=\"http:\/\/a-desk.org\/en\/magazine\/hes-not-like-us\/\">the Pope on live stream<\/a>, <a href=\"http:\/\/a-desk.org\/en\/magazine\/des-policializar-una-imagen-apocaliptica\/\">the uprisings<\/a>, and t<a href=\"http:\/\/a-desk.org\/en\/magazine\/ifema-reticula-y-perro\/\">he <em>pr\u00eat-\u00e0-porter <\/em>hospital)<\/a> helped us identify four key points to guide our discussion. Powerful pictures which, in the lightness of our times, leave us with the same haste with which they came.<\/p>\n<p>In the frenzied flow of absolutely relevant events which take place one after the other, some of those motifs \u2013 which we began to consider months ago \u2013 are now back to the headlines (one of them will be relevant every time a police officer cracks a protester\u2019s skull, so I\u2019m afraid it will pay off itself). Some others resurfaced from newspaper archives, like the Ghost of Christmas Past. With the Ifema hospital, we\u2019re bringing February \u2013 the so-called \u201cart month\u201d \u2013 to a close. Isn\u2019t that some coincidence?<\/p>\n<p><a href=\"http:\/\/a-desk.org\/en\/magazine\/pensar-desde-las-imagenes\/adesk-editorial\/\" rel=\"attachment wp-att-31749\"><img decoding=\"async\" width=\"1912\" height=\"1001\" class=\"alignnone size-full wp-image-31749\" src=\"http:\/\/a-desk.org\/wp-content\/uploads\/2021\/02\/adesk-editorial.jpg\" alt=\"\" srcset=\"https:\/\/a-desk.org\/wp-content\/uploads\/2021\/02\/adesk-editorial.jpg 1912w, https:\/\/a-desk.org\/wp-content\/uploads\/2021\/02\/adesk-editorial-595x312.jpg 595w, https:\/\/a-desk.org\/wp-content\/uploads\/2021\/02\/adesk-editorial-768x402.jpg 768w, https:\/\/a-desk.org\/wp-content\/uploads\/2021\/02\/adesk-editorial-1536x804.jpg 1536w\" sizes=\"(max-width: 1912px) 100vw, 1912px\" \/><\/a><\/p>\n","protected":false},"excerpt":{"rendered":"<p>Speed is not without its charms, but it\u2019ll put you in a fluster if caught unawares. I remember how, as a little boy, one used to be told that books&#8230;<\/p>\n","protected":false},"author":2610,"featured_media":31751,"comment_status":"open","ping_status":"open","sticky":false,"template":"","format":"standard","meta":{"_relevanssi_hide_post":"","_relevanssi_hide_content":"","_relevanssi_pin_for_all":"","_relevanssi_pin_keywords":"","_relevanssi_unpin_keywords":"","_relevanssi_related_keywords":"","_relevanssi_related_include_ids":"","_relevanssi_related_exclude_ids":"","_relevanssi_related_no_append":"","_relevanssi_related_not_related":"","_relevanssi_related_posts":"","_relevanssi_noindex_reason":"","footnotes":""},"categories":[6093],"tags":[],"coauthors":[],"acf":[],"yoast_head":"<!-- This site is optimized with the Yoast SEO plugin v22.6 - https:\/\/yoast.com\/wordpress\/plugins\/seo\/ -->\n<title>Thinking from images &#8211; A*Desk<\/title>\n<meta name=\"robots\" content=\"index, follow, max-snippet:-1, max-image-preview:large, max-video-preview:-1\" \/>\n<link rel=\"canonical\" href=\"https:\/\/a-desk.org\/en\/magazine\/pensar-desde-las-imagenes\/\" \/>\n<meta property=\"og:locale\" content=\"en_US\" \/>\n<meta property=\"og:type\" content=\"article\" \/>\n<meta property=\"og:title\" content=\"Thinking from images &#8211; A*Desk\" \/>\n<meta property=\"og:description\" content=\"Speed is not without its charms, but it\u2019ll put you in a fluster if caught unawares. I remember how, as a little boy, one used to be told that books...\" \/>\n<meta property=\"og:url\" content=\"https:\/\/a-desk.org\/en\/magazine\/pensar-desde-las-imagenes\/\" \/>\n<meta property=\"og:site_name\" content=\"A*Desk\" \/>\n<meta property=\"article:published_time\" content=\"2021-02-26T05:00:22+00:00\" \/>\n<meta property=\"article:modified_time\" content=\"2023-07-09T12:45:23+00:00\" \/>\n<meta property=\"og:image\" content=\"http:\/\/a-desk.org\/wp-content\/uploads\/2021\/02\/adesk-editorial.jpg\" \/>\n\t<meta property=\"og:image:width\" content=\"1912\" \/>\n\t<meta property=\"og:image:height\" content=\"1001\" \/>\n\t<meta property=\"og:image:type\" content=\"image\/jpeg\" \/>\n<meta name=\"author\" content=\"Joaqu\u00edn Jes\u00fas S\u00e1nchez\" \/>\n<meta name=\"twitter:card\" content=\"summary_large_image\" \/>\n<meta name=\"twitter:label1\" content=\"Written by\" \/>\n\t<meta name=\"twitter:data1\" content=\"Joaqu\u00edn Jes\u00fas S\u00e1nchez\" \/>\n\t<meta name=\"twitter:label2\" content=\"Est. reading time\" \/>\n\t<meta name=\"twitter:data2\" content=\"2 minutes\" \/>\n<script type=\"application\/ld+json\" class=\"yoast-schema-graph\">{\"@context\":\"https:\/\/schema.org\",\"@graph\":[{\"@type\":\"WebPage\",\"@id\":\"https:\/\/a-desk.org\/en\/magazine\/pensar-desde-las-imagenes\/\",\"url\":\"https:\/\/a-desk.org\/en\/magazine\/pensar-desde-las-imagenes\/\",\"name\":\"Thinking from images &#8211; A*Desk\",\"isPartOf\":{\"@id\":\"https:\/\/a-desk.org\/#website\"},\"primaryImageOfPage\":{\"@id\":\"https:\/\/a-desk.org\/en\/magazine\/pensar-desde-las-imagenes\/#primaryimage\"},\"image\":{\"@id\":\"https:\/\/a-desk.org\/en\/magazine\/pensar-desde-las-imagenes\/#primaryimage\"},\"thumbnailUrl\":\"https:\/\/a-desk.org\/wp-content\/uploads\/2021\/02\/adesk-editorial.jpg\",\"datePublished\":\"2021-02-26T05:00:22+00:00\",\"dateModified\":\"2023-07-09T12:45:23+00:00\",\"author\":{\"@id\":\"https:\/\/a-desk.org\/#\/schema\/person\/fd288c2070872352273d6134f1cabf6a\"},\"breadcrumb\":{\"@id\":\"https:\/\/a-desk.org\/en\/magazine\/pensar-desde-las-imagenes\/#breadcrumb\"},\"inLanguage\":\"en-US\",\"potentialAction\":[{\"@type\":\"ReadAction\",\"target\":[\"https:\/\/a-desk.org\/en\/magazine\/pensar-desde-las-imagenes\/\"]}]},{\"@type\":\"ImageObject\",\"inLanguage\":\"en-US\",\"@id\":\"https:\/\/a-desk.org\/en\/magazine\/pensar-desde-las-imagenes\/#primaryimage\",\"url\":\"https:\/\/a-desk.org\/wp-content\/uploads\/2021\/02\/adesk-editorial.jpg\",\"contentUrl\":\"https:\/\/a-desk.org\/wp-content\/uploads\/2021\/02\/adesk-editorial.jpg\",\"width\":1912,\"height\":1001},{\"@type\":\"BreadcrumbList\",\"@id\":\"https:\/\/a-desk.org\/en\/magazine\/pensar-desde-las-imagenes\/#breadcrumb\",\"itemListElement\":[{\"@type\":\"ListItem\",\"position\":1,\"name\":\"Portada\",\"item\":\"https:\/\/a-desk.org\/en\/\"},{\"@type\":\"ListItem\",\"position\":2,\"name\":\"Thinking from images\"}]},{\"@type\":\"WebSite\",\"@id\":\"https:\/\/a-desk.org\/#website\",\"url\":\"https:\/\/a-desk.org\/\",\"name\":\"A*Desk\",\"description\":\"A*Desk Critical Thinking\",\"potentialAction\":[{\"@type\":\"SearchAction\",\"target\":{\"@type\":\"EntryPoint\",\"urlTemplate\":\"https:\/\/a-desk.org\/?s={search_term_string}\"},\"query-input\":\"required name=search_term_string\"}],\"inLanguage\":\"en-US\"},{\"@type\":\"Person\",\"@id\":\"https:\/\/a-desk.org\/#\/schema\/person\/fd288c2070872352273d6134f1cabf6a\",\"name\":\"Joaqu\u00edn Jes\u00fas S\u00e1nchez\",\"image\":{\"@type\":\"ImageObject\",\"inLanguage\":\"en-US\",\"@id\":\"https:\/\/a-desk.org\/#\/schema\/person\/image\/467aa4407e8bfdf5992f987c83502ce8\",\"url\":\"https:\/\/secure.gravatar.com\/avatar\/eea32de6f209d3cdcb955e9e666fd052?s=96&d=mm&r=g\",\"contentUrl\":\"https:\/\/secure.gravatar.com\/avatar\/eea32de6f209d3cdcb955e9e666fd052?s=96&d=mm&r=g\",\"caption\":\"Joaqu\u00edn Jes\u00fas S\u00e1nchez\"},\"description\":\"Joaqu\u00edn Jes\u00fas S\u00e1nchez (Sevilla, 1990) es cr\u00edtico de arte, escritor y comisario independiente. Licenciado en Filosof\u00eda y m\u00e1ster en Historia del Arte Contempor\u00e1neo y Cultura Visual, escribe en prestigiosas publicaciones nacionales e internacionales y algunas otras que no lo son tanto. Investiga asuntos alambicados y fascinantes. Dedica gran parte de su tiempo a intentar memorizar la obra Borges y siente predilecci\u00f3n por la literatura gastron\u00f3mica.\",\"url\":\"https:\/\/a-desk.org\/en\/autor\/joaquinjesussanchez\/\"}]}<\/script>\n<!-- \/ Yoast SEO plugin. -->","yoast_head_json":{"title":"Thinking from images &#8211; A*Desk","robots":{"index":"index","follow":"follow","max-snippet":"max-snippet:-1","max-image-preview":"max-image-preview:large","max-video-preview":"max-video-preview:-1"},"canonical":"https:\/\/a-desk.org\/en\/magazine\/pensar-desde-las-imagenes\/","og_locale":"en_US","og_type":"article","og_title":"Thinking from images &#8211; A*Desk","og_description":"Speed is not without its charms, but it\u2019ll put you in a fluster if caught unawares. I remember how, as a little boy, one used to be told that books...","og_url":"https:\/\/a-desk.org\/en\/magazine\/pensar-desde-las-imagenes\/","og_site_name":"A*Desk","article_published_time":"2021-02-26T05:00:22+00:00","article_modified_time":"2023-07-09T12:45:23+00:00","og_image":[{"width":1912,"height":1001,"url":"http:\/\/a-desk.org\/wp-content\/uploads\/2021\/02\/adesk-editorial.jpg","type":"image\/jpeg"}],"author":"Joaqu\u00edn Jes\u00fas S\u00e1nchez","twitter_card":"summary_large_image","twitter_misc":{"Written by":"Joaqu\u00edn Jes\u00fas S\u00e1nchez","Est. reading time":"2 minutes"},"schema":{"@context":"https:\/\/schema.org","@graph":[{"@type":"WebPage","@id":"https:\/\/a-desk.org\/en\/magazine\/pensar-desde-las-imagenes\/","url":"https:\/\/a-desk.org\/en\/magazine\/pensar-desde-las-imagenes\/","name":"Thinking from images &#8211; A*Desk","isPartOf":{"@id":"https:\/\/a-desk.org\/#website"},"primaryImageOfPage":{"@id":"https:\/\/a-desk.org\/en\/magazine\/pensar-desde-las-imagenes\/#primaryimage"},"image":{"@id":"https:\/\/a-desk.org\/en\/magazine\/pensar-desde-las-imagenes\/#primaryimage"},"thumbnailUrl":"https:\/\/a-desk.org\/wp-content\/uploads\/2021\/02\/adesk-editorial.jpg","datePublished":"2021-02-26T05:00:22+00:00","dateModified":"2023-07-09T12:45:23+00:00","author":{"@id":"https:\/\/a-desk.org\/#\/schema\/person\/fd288c2070872352273d6134f1cabf6a"},"breadcrumb":{"@id":"https:\/\/a-desk.org\/en\/magazine\/pensar-desde-las-imagenes\/#breadcrumb"},"inLanguage":"en-US","potentialAction":[{"@type":"ReadAction","target":["https:\/\/a-desk.org\/en\/magazine\/pensar-desde-las-imagenes\/"]}]},{"@type":"ImageObject","inLanguage":"en-US","@id":"https:\/\/a-desk.org\/en\/magazine\/pensar-desde-las-imagenes\/#primaryimage","url":"https:\/\/a-desk.org\/wp-content\/uploads\/2021\/02\/adesk-editorial.jpg","contentUrl":"https:\/\/a-desk.org\/wp-content\/uploads\/2021\/02\/adesk-editorial.jpg","width":1912,"height":1001},{"@type":"BreadcrumbList","@id":"https:\/\/a-desk.org\/en\/magazine\/pensar-desde-las-imagenes\/#breadcrumb","itemListElement":[{"@type":"ListItem","position":1,"name":"Portada","item":"https:\/\/a-desk.org\/en\/"},{"@type":"ListItem","position":2,"name":"Thinking from images"}]},{"@type":"WebSite","@id":"https:\/\/a-desk.org\/#website","url":"https:\/\/a-desk.org\/","name":"A*Desk","description":"A*Desk Critical Thinking","potentialAction":[{"@type":"SearchAction","target":{"@type":"EntryPoint","urlTemplate":"https:\/\/a-desk.org\/?s={search_term_string}"},"query-input":"required name=search_term_string"}],"inLanguage":"en-US"},{"@type":"Person","@id":"https:\/\/a-desk.org\/#\/schema\/person\/fd288c2070872352273d6134f1cabf6a","name":"Joaqu\u00edn Jes\u00fas S\u00e1nchez","image":{"@type":"ImageObject","inLanguage":"en-US","@id":"https:\/\/a-desk.org\/#\/schema\/person\/image\/467aa4407e8bfdf5992f987c83502ce8","url":"https:\/\/secure.gravatar.com\/avatar\/eea32de6f209d3cdcb955e9e666fd052?s=96&d=mm&r=g","contentUrl":"https:\/\/secure.gravatar.com\/avatar\/eea32de6f209d3cdcb955e9e666fd052?s=96&d=mm&r=g","caption":"Joaqu\u00edn Jes\u00fas S\u00e1nchez"},"description":"Joaqu\u00edn Jes\u00fas S\u00e1nchez (Sevilla, 1990) es cr\u00edtico de arte, escritor y comisario independiente. Licenciado en Filosof\u00eda y m\u00e1ster en Historia del Arte Contempor\u00e1neo y Cultura Visual, escribe en prestigiosas publicaciones nacionales e internacionales y algunas otras que no lo son tanto. Investiga asuntos alambicados y fascinantes. Dedica gran parte de su tiempo a intentar memorizar la obra Borges y siente predilecci\u00f3n por la literatura gastron\u00f3mica.","url":"https:\/\/a-desk.org\/en\/autor\/joaquinjesussanchez\/"}]}},"_links":{"self":[{"href":"https:\/\/a-desk.org\/en\/wp-json\/wp\/v2\/posts\/31762"}],"collection":[{"href":"https:\/\/a-desk.org\/en\/wp-json\/wp\/v2\/posts"}],"about":[{"href":"https:\/\/a-desk.org\/en\/wp-json\/wp\/v2\/types\/post"}],"author":[{"embeddable":true,"href":"https:\/\/a-desk.org\/en\/wp-json\/wp\/v2\/users\/2610"}],"replies":[{"embeddable":true,"href":"https:\/\/a-desk.org\/en\/wp-json\/wp\/v2\/comments?post=31762"}],"version-history":[{"count":4,"href":"https:\/\/a-desk.org\/en\/wp-json\/wp\/v2\/posts\/31762\/revisions"}],"predecessor-version":[{"id":32073,"href":"https:\/\/a-desk.org\/en\/wp-json\/wp\/v2\/posts\/31762\/revisions\/32073"}],"wp:featuredmedia":[{"embeddable":true,"href":"https:\/\/a-desk.org\/en\/wp-json\/wp\/v2\/media\/31751"}],"wp:attachment":[{"href":"https:\/\/a-desk.org\/en\/wp-json\/wp\/v2\/media?parent=31762"}],"wp:term":[{"taxonomy":"category","embeddable":true,"href":"https:\/\/a-desk.org\/en\/wp-json\/wp\/v2\/categories?post=31762"},{"taxonomy":"post_tag","embeddable":true,"href":"https:\/\/a-desk.org\/en\/wp-json\/wp\/v2\/tags?post=31762"},{"taxonomy":"author","embeddable":true,"href":"https:\/\/a-desk.org\/en\/wp-json\/wp\/v2\/coauthors?post=31762"}],"curies":[{"name":"wp","href":"https:\/\/api.w.org\/{rel}","templated":true}]}}