{"id":32417,"date":"2021-04-30T06:00:52","date_gmt":"2021-04-30T05:00:52","guid":{"rendered":"http:\/\/a-desk.org\/magazine\/dar-a-ver\/"},"modified":"2023-07-09T14:45:17","modified_gmt":"2023-07-09T12:45:17","slug":"dar-a-ver","status":"publish","type":"post","link":"https:\/\/a-desk.org\/en\/magazine\/dar-a-ver\/","title":{"rendered":"Make visible"},"content":{"rendered":"<blockquote><p>Hey Zurita, he said to me, get those bad thoughts out of your head.<\/p>\n<p>Raul Zurita<\/p>\n<p>&nbsp;<\/p><\/blockquote>\n<p>In his memoirs, the journalist and photographer Jacob Riis described his surprise when reading a newspaper one morning in 1887: \u201cWhat I had been looking for all those years was there, in a four-line story from, if I remember correctly, some corner of Germany: the way to take photos with flash, it announced, had been discovered. With this discovery, the darkest places could be photographed.\u201d After perfecting this technique, Riis was able to photograph dozens of basements and unsanitary dwellings that, until then, no one had been able to document, and to denounce the conditions of poverty in which people lived in New York City.<\/p>\n<p>This anecdote made me think that each era has its visual imaginary and, at the same time, a dark side where the unrepresentable resides. Sometimes the dark side is caused by the inability to access it, as if it were a blind spot. On other occasions, it is avoided because it hides things that we normally don\u2019t want to deal with, either because they are excessively banal or, on the contrary, because they seem unbearable.<\/p>\n<p>The fact that, in recent months, we have been immersed in an extremely serious situation is quite clear. With the pandemic, people have become aware that human beings are a vulnerable species. We have also experienced a process of covering up the situation, a kind of knowledge that doesn\u2019t want to know everything. We continue working, making do, in extreme situations. But for that to be possible we need to forget, to hide or displace what is real, and that is where fiction begins. The work of art has to do, in a certain way, in reworking or blurring this fiction.<\/p>\n<p>For this month of April, I wanted to address the idea of covering up and uncovering within the work of four people who, in one way or another, respond to this impulse: Javier Arbizu, Efr\u00e9n \u00c1lvarez, Cl\u00e0udia Pag\u00e9s, and \u00c1lex Reynolds.<\/p>\n<p>In the conversation I had with <a href=\"http:\/\/a-desk.org\/en\/magazine\/to-err-or-the-words-flat-plasma-pleasure-or-place-all-come-from-the-same-root-and-arent-they-a-perfect-definition-for-sculpture\/\">Javier Arbizu (\u201cThe verb to err, or the words flat, palm, pleasure, or place, all come from the same root, and aren\u2019t they a perfect definition for sculpture?\u201d<\/a>), ideas such as plasma or desire served to cast doubt on the presumed objective of sculpture as fixing form.<\/p>\n<p>In <a href=\"http:\/\/a-desk.org\/en\/magazine\/lo_insoportable\/\">\u201cThe Unbearable,\u201d Efren \u00c1lvarez<\/a> links this concept to the structural violence of the society in which we live. This self-awareness leads him to use drawing in an attempt to visually capture this situation, in the same way that in other previous works, such as Government, he has mapped out the machinations of politics and power.<\/p>\n<p>In her text <a href=\"http:\/\/a-desk.org\/en\/magazine\/red-quechua-poplar-unbearable\/\">\u201cred ,Quechua, popler; unbearable,\u201d Claudia Pag\u00e9s<\/a> compiles a series of annotations and reflections on her immediate surroundings and uses language to recognize the zero-degree of everyday life.<\/p>\n<p>Finally, <a href=\"http:\/\/a-desk.org\/en\/magazine\/alexreynolds\/\">the text by Alex Reynolds<\/a>, which describes a scene as if it were a short story or film script, reminds us of similar works by the author in which a certain grim narrative ambiguity operates, such as the documenting of her wandering around inside the Brussels Courthouse collected in her work Palace.<\/p>\n<p>Both her work and that of the rest of the artists gathered in this selection create, from different perspectives and formats, the gesture of bringing to light or making visible. All of them have developed techniques to record, each in their own way, \u201cthe darkest corners\u201d of the present.<\/p>\n<p>&nbsp;<\/p>\n<p>(Featured Image: Jacob Riis, photograph of the book <em>How the other half lives<\/em>).<\/p>\n","protected":false},"excerpt":{"rendered":"<p>Hey Zurita, he said to me, get those bad thoughts out of your head. Raul Zurita &nbsp; In his memoirs, the journalist and photographer Jacob Riis described his surprise when&#8230;<\/p>\n","protected":false},"author":2708,"featured_media":32370,"comment_status":"open","ping_status":"open","sticky":false,"template":"","format":"standard","meta":{"_relevanssi_hide_post":"","_relevanssi_hide_content":"","_relevanssi_pin_for_all":"","_relevanssi_pin_keywords":"","_relevanssi_unpin_keywords":"","_relevanssi_related_keywords":"","_relevanssi_related_include_ids":"","_relevanssi_related_exclude_ids":"","_relevanssi_related_no_append":"","_relevanssi_related_not_related":"","_relevanssi_related_posts":"","_relevanssi_noindex_reason":"","footnotes":""},"categories":[6102],"tags":[],"coauthors":[],"acf":[],"yoast_head":"<!-- This site is optimized with the Yoast SEO plugin v22.6 - https:\/\/yoast.com\/wordpress\/plugins\/seo\/ -->\n<title>Make visible &#8211; A*Desk<\/title>\n<meta name=\"robots\" content=\"index, follow, max-snippet:-1, max-image-preview:large, max-video-preview:-1\" \/>\n<link rel=\"canonical\" href=\"https:\/\/a-desk.org\/en\/magazine\/dar-a-ver\/\" \/>\n<meta property=\"og:locale\" content=\"en_US\" \/>\n<meta property=\"og:type\" content=\"article\" \/>\n<meta property=\"og:title\" content=\"Make visible &#8211; A*Desk\" \/>\n<meta property=\"og:description\" content=\"Hey Zurita, he said to me, get those bad thoughts out of your head. Raul Zurita &nbsp; In his memoirs, the journalist and photographer Jacob Riis described his surprise when...\" \/>\n<meta property=\"og:url\" content=\"https:\/\/a-desk.org\/en\/magazine\/dar-a-ver\/\" \/>\n<meta property=\"og:site_name\" content=\"A*Desk\" \/>\n<meta property=\"article:published_time\" content=\"2021-04-30T05:00:52+00:00\" \/>\n<meta property=\"article:modified_time\" content=\"2023-07-09T12:45:17+00:00\" \/>\n<meta property=\"og:image\" content=\"http:\/\/a-desk.org\/wp-content\/uploads\/2021\/04\/jacob-riis-how-the-other-half-lives-14.jpg\" \/>\n\t<meta property=\"og:image:width\" content=\"750\" \/>\n\t<meta property=\"og:image:height\" content=\"574\" \/>\n\t<meta property=\"og:image:type\" content=\"image\/jpeg\" \/>\n<meta name=\"author\" content=\"David Bestu\u00e9\" \/>\n<meta name=\"twitter:card\" content=\"summary_large_image\" \/>\n<meta name=\"twitter:label1\" content=\"Written by\" \/>\n\t<meta name=\"twitter:data1\" content=\"David Bestu\u00e9\" \/>\n\t<meta name=\"twitter:label2\" content=\"Est. reading time\" \/>\n\t<meta name=\"twitter:data2\" content=\"3 minutes\" \/>\n<script type=\"application\/ld+json\" class=\"yoast-schema-graph\">{\"@context\":\"https:\/\/schema.org\",\"@graph\":[{\"@type\":\"WebPage\",\"@id\":\"https:\/\/a-desk.org\/en\/magazine\/dar-a-ver\/\",\"url\":\"https:\/\/a-desk.org\/en\/magazine\/dar-a-ver\/\",\"name\":\"Make visible &#8211; A*Desk\",\"isPartOf\":{\"@id\":\"https:\/\/a-desk.org\/#website\"},\"primaryImageOfPage\":{\"@id\":\"https:\/\/a-desk.org\/en\/magazine\/dar-a-ver\/#primaryimage\"},\"image\":{\"@id\":\"https:\/\/a-desk.org\/en\/magazine\/dar-a-ver\/#primaryimage\"},\"thumbnailUrl\":\"https:\/\/a-desk.org\/wp-content\/uploads\/2021\/04\/jacob-riis-how-the-other-half-lives-14.jpg\",\"datePublished\":\"2021-04-30T05:00:52+00:00\",\"dateModified\":\"2023-07-09T12:45:17+00:00\",\"author\":{\"@id\":\"https:\/\/a-desk.org\/#\/schema\/person\/e4116156a45367ac3c6c365fbc14446b\"},\"breadcrumb\":{\"@id\":\"https:\/\/a-desk.org\/en\/magazine\/dar-a-ver\/#breadcrumb\"},\"inLanguage\":\"en-US\",\"potentialAction\":[{\"@type\":\"ReadAction\",\"target\":[\"https:\/\/a-desk.org\/en\/magazine\/dar-a-ver\/\"]}]},{\"@type\":\"ImageObject\",\"inLanguage\":\"en-US\",\"@id\":\"https:\/\/a-desk.org\/en\/magazine\/dar-a-ver\/#primaryimage\",\"url\":\"https:\/\/a-desk.org\/wp-content\/uploads\/2021\/04\/jacob-riis-how-the-other-half-lives-14.jpg\",\"contentUrl\":\"https:\/\/a-desk.org\/wp-content\/uploads\/2021\/04\/jacob-riis-how-the-other-half-lives-14.jpg\",\"width\":750,\"height\":574},{\"@type\":\"BreadcrumbList\",\"@id\":\"https:\/\/a-desk.org\/en\/magazine\/dar-a-ver\/#breadcrumb\",\"itemListElement\":[{\"@type\":\"ListItem\",\"position\":1,\"name\":\"Portada\",\"item\":\"https:\/\/a-desk.org\/en\/\"},{\"@type\":\"ListItem\",\"position\":2,\"name\":\"Make visible\"}]},{\"@type\":\"WebSite\",\"@id\":\"https:\/\/a-desk.org\/#website\",\"url\":\"https:\/\/a-desk.org\/\",\"name\":\"A*Desk\",\"description\":\"A*Desk Critical Thinking\",\"potentialAction\":[{\"@type\":\"SearchAction\",\"target\":{\"@type\":\"EntryPoint\",\"urlTemplate\":\"https:\/\/a-desk.org\/?s={search_term_string}\"},\"query-input\":\"required name=search_term_string\"}],\"inLanguage\":\"en-US\"},{\"@type\":\"Person\",\"@id\":\"https:\/\/a-desk.org\/#\/schema\/person\/e4116156a45367ac3c6c365fbc14446b\",\"name\":\"David Bestu\u00e9\",\"image\":{\"@type\":\"ImageObject\",\"inLanguage\":\"en-US\",\"@id\":\"https:\/\/a-desk.org\/#\/schema\/person\/image\/dbf7fbae59838494dd5ac101802f49d0\",\"url\":\"https:\/\/secure.gravatar.com\/avatar\/01753f9bd2102eb9cb71ea60e57a6797?s=96&d=mm&r=g\",\"contentUrl\":\"https:\/\/secure.gravatar.com\/avatar\/01753f9bd2102eb9cb71ea60e57a6797?s=96&d=mm&r=g\",\"caption\":\"David Bestu\u00e9\"},\"url\":\"https:\/\/a-desk.org\/en\/autor\/davidbestue\/\"}]}<\/script>\n<!-- \/ Yoast SEO plugin. -->","yoast_head_json":{"title":"Make visible &#8211; A*Desk","robots":{"index":"index","follow":"follow","max-snippet":"max-snippet:-1","max-image-preview":"max-image-preview:large","max-video-preview":"max-video-preview:-1"},"canonical":"https:\/\/a-desk.org\/en\/magazine\/dar-a-ver\/","og_locale":"en_US","og_type":"article","og_title":"Make visible &#8211; A*Desk","og_description":"Hey Zurita, he said to me, get those bad thoughts out of your head. Raul Zurita &nbsp; In his memoirs, the journalist and photographer Jacob Riis described his surprise when...","og_url":"https:\/\/a-desk.org\/en\/magazine\/dar-a-ver\/","og_site_name":"A*Desk","article_published_time":"2021-04-30T05:00:52+00:00","article_modified_time":"2023-07-09T12:45:17+00:00","og_image":[{"width":750,"height":574,"url":"http:\/\/a-desk.org\/wp-content\/uploads\/2021\/04\/jacob-riis-how-the-other-half-lives-14.jpg","type":"image\/jpeg"}],"author":"David Bestu\u00e9","twitter_card":"summary_large_image","twitter_misc":{"Written by":"David Bestu\u00e9","Est. reading time":"3 minutes"},"schema":{"@context":"https:\/\/schema.org","@graph":[{"@type":"WebPage","@id":"https:\/\/a-desk.org\/en\/magazine\/dar-a-ver\/","url":"https:\/\/a-desk.org\/en\/magazine\/dar-a-ver\/","name":"Make visible &#8211; A*Desk","isPartOf":{"@id":"https:\/\/a-desk.org\/#website"},"primaryImageOfPage":{"@id":"https:\/\/a-desk.org\/en\/magazine\/dar-a-ver\/#primaryimage"},"image":{"@id":"https:\/\/a-desk.org\/en\/magazine\/dar-a-ver\/#primaryimage"},"thumbnailUrl":"https:\/\/a-desk.org\/wp-content\/uploads\/2021\/04\/jacob-riis-how-the-other-half-lives-14.jpg","datePublished":"2021-04-30T05:00:52+00:00","dateModified":"2023-07-09T12:45:17+00:00","author":{"@id":"https:\/\/a-desk.org\/#\/schema\/person\/e4116156a45367ac3c6c365fbc14446b"},"breadcrumb":{"@id":"https:\/\/a-desk.org\/en\/magazine\/dar-a-ver\/#breadcrumb"},"inLanguage":"en-US","potentialAction":[{"@type":"ReadAction","target":["https:\/\/a-desk.org\/en\/magazine\/dar-a-ver\/"]}]},{"@type":"ImageObject","inLanguage":"en-US","@id":"https:\/\/a-desk.org\/en\/magazine\/dar-a-ver\/#primaryimage","url":"https:\/\/a-desk.org\/wp-content\/uploads\/2021\/04\/jacob-riis-how-the-other-half-lives-14.jpg","contentUrl":"https:\/\/a-desk.org\/wp-content\/uploads\/2021\/04\/jacob-riis-how-the-other-half-lives-14.jpg","width":750,"height":574},{"@type":"BreadcrumbList","@id":"https:\/\/a-desk.org\/en\/magazine\/dar-a-ver\/#breadcrumb","itemListElement":[{"@type":"ListItem","position":1,"name":"Portada","item":"https:\/\/a-desk.org\/en\/"},{"@type":"ListItem","position":2,"name":"Make visible"}]},{"@type":"WebSite","@id":"https:\/\/a-desk.org\/#website","url":"https:\/\/a-desk.org\/","name":"A*Desk","description":"A*Desk Critical Thinking","potentialAction":[{"@type":"SearchAction","target":{"@type":"EntryPoint","urlTemplate":"https:\/\/a-desk.org\/?s={search_term_string}"},"query-input":"required name=search_term_string"}],"inLanguage":"en-US"},{"@type":"Person","@id":"https:\/\/a-desk.org\/#\/schema\/person\/e4116156a45367ac3c6c365fbc14446b","name":"David Bestu\u00e9","image":{"@type":"ImageObject","inLanguage":"en-US","@id":"https:\/\/a-desk.org\/#\/schema\/person\/image\/dbf7fbae59838494dd5ac101802f49d0","url":"https:\/\/secure.gravatar.com\/avatar\/01753f9bd2102eb9cb71ea60e57a6797?s=96&d=mm&r=g","contentUrl":"https:\/\/secure.gravatar.com\/avatar\/01753f9bd2102eb9cb71ea60e57a6797?s=96&d=mm&r=g","caption":"David Bestu\u00e9"},"url":"https:\/\/a-desk.org\/en\/autor\/davidbestue\/"}]}},"_links":{"self":[{"href":"https:\/\/a-desk.org\/en\/wp-json\/wp\/v2\/posts\/32417"}],"collection":[{"href":"https:\/\/a-desk.org\/en\/wp-json\/wp\/v2\/posts"}],"about":[{"href":"https:\/\/a-desk.org\/en\/wp-json\/wp\/v2\/types\/post"}],"author":[{"embeddable":true,"href":"https:\/\/a-desk.org\/en\/wp-json\/wp\/v2\/users\/2708"}],"replies":[{"embeddable":true,"href":"https:\/\/a-desk.org\/en\/wp-json\/wp\/v2\/comments?post=32417"}],"version-history":[{"count":2,"href":"https:\/\/a-desk.org\/en\/wp-json\/wp\/v2\/posts\/32417\/revisions"}],"predecessor-version":[{"id":32419,"href":"https:\/\/a-desk.org\/en\/wp-json\/wp\/v2\/posts\/32417\/revisions\/32419"}],"wp:featuredmedia":[{"embeddable":true,"href":"https:\/\/a-desk.org\/en\/wp-json\/wp\/v2\/media\/32370"}],"wp:attachment":[{"href":"https:\/\/a-desk.org\/en\/wp-json\/wp\/v2\/media?parent=32417"}],"wp:term":[{"taxonomy":"category","embeddable":true,"href":"https:\/\/a-desk.org\/en\/wp-json\/wp\/v2\/categories?post=32417"},{"taxonomy":"post_tag","embeddable":true,"href":"https:\/\/a-desk.org\/en\/wp-json\/wp\/v2\/tags?post=32417"},{"taxonomy":"author","embeddable":true,"href":"https:\/\/a-desk.org\/en\/wp-json\/wp\/v2\/coauthors?post=32417"}],"curies":[{"name":"wp","href":"https:\/\/api.w.org\/{rel}","templated":true}]}}