{"id":32687,"date":"2021-06-14T06:00:20","date_gmt":"2021-06-14T05:00:20","guid":{"rendered":"http:\/\/a-desk.org\/?p=32687"},"modified":"2023-07-09T14:45:13","modified_gmt":"2023-07-09T12:45:13","slug":"movimiento-justicia-museal","status":"publish","type":"post","link":"https:\/\/a-desk.org\/en\/magazine\/movimiento-justicia-museal\/","title":{"rendered":"Movimiento Justicia Museal"},"content":{"rendered":"<p>Johanna Palmeyro (Joy) is a museologist, educator, creator, and activist. She is a government worker and co-coordinator of the Museology and Communities Area at the Casa de Ricardo Rojas Museum in Buenos Aires. As an activist and art educator, she is the first tentacle of Movimiento Justicia Museal (Museum Justice Movement), a project born a year ago and that reviews, blurs, slaps, and shakes up museums and rocks those of us who work within them.<\/p>\n<p>Joy says the Movimiento Justicia Museal \/ Museal Justice Movement (MJM) is a balm for her, a space for her to say everything she can\u2019t say within institutions. It is a place for rebellion and therapy, in different two directions, one public and one private. She feels her work its work deals with social justice, but also individual injustices suffered by cultural workers, especially within museums. MJM obeys the streets and disobeys the institutions.<\/p>\n<p>Ana Andr\u00e9s Crist\u00f3bal:\u00a0<strong>You have been working full-time with MJM for a year. How has the city received it?<\/strong><\/p>\n<p><strong>Johanna Palmeyro (Joy):\u00a0<\/strong>The truth is that it has been received with a lot of love and a lot of hate. Its words provoke anger since I usually hit sensitive places. The work is displayed in the vicinity of the museums in order to create a dialogue with the institution. That\u2019s what happened at the National Museum of Fine Arts with the first phrase: \u201cMuseums are for everyone but only an elite knows it,\u201d a twist of a sentence by Dora Garc\u00eda. I pasted it up and the next day I came back and it was torn. Two ladies passing by saw it and commented in front of me: \u201cThat\u2019s bullshit.\u201d That really amused me. However, it went viral when the Ministry of Culture shared the image, and many people have used it as a reference to decide how to confront and experience museums.<\/p>\n<p><a href=\"http:\/\/a-desk.org\/en\/?attachment_id=32646\" rel=\"attachment wp-att-32646\"><img decoding=\"async\" width=\"1280\" height=\"960\" class=\"alignnone size-full wp-image-32646\" src=\"http:\/\/a-desk.org\/wp-content\/uploads\/2021\/05\/Joy_MJM_arranca-nena.jpeg\" alt=\"\" srcset=\"https:\/\/a-desk.org\/wp-content\/uploads\/2021\/05\/Joy_MJM_arranca-nena.jpeg 1280w, https:\/\/a-desk.org\/wp-content\/uploads\/2021\/05\/Joy_MJM_arranca-nena-533x400.jpeg 533w, https:\/\/a-desk.org\/wp-content\/uploads\/2021\/05\/Joy_MJM_arranca-nena-768x576.jpeg 768w\" sizes=\"(max-width: 1280px) 100vw, 1280px\" \/><\/a><\/p>\n<p>Ana Andr\u00e9s Crist\u00f3bal:\u00a0<strong>That first poster you speak of was born from the work of Dora Garc\u00eda but also includes influences from the graphic work of Juan Carlos Romero and the disobedience of Liliana Maresca. However, something personal has been injected into the educational world. What other references influence your thinking and practice?<\/strong><\/p>\n<p><strong>Joy:\u00a0<\/strong>I am moved by a lot of disciplines that do not necessarily have anything to do with the art world. For example, the Zapatista Movement in Mexico, which invented a fictious leader because society always demands a leader, while, in fact, its structure is totally horizontal. Also, the Earth Workers Union. Their struggle is beautiful, and we should forge a culture-countryside alliance. I admire their struggle but also their way of organization. Their priority is to change the laws that allow access to the land, but beyond that there is a network of other struggles that focus on different laws. Marlene Wayar, a transvestite activist, is also a reference. She wrote Transvestite: A Good Enough Theory. It was clear to me that her message was what I understood as culture: to leave a space of privilege and inhabit other spaces. It reminds us that institutional culture is not necessarily real culture. She is currently the education coordinator at the Palais de Glace, here, in Buenos Aires, and I\u2019m glad that she occupies a political space. Sussie Shock also comes from trans activism but within the language of music and poetry. She uses the languages \u200b\u200bof traditional Argentine folklore, which is clearly patriarchal, and she cross-dresses them. She\u2019s spectacular. <em>Identidad Marr\u00f3n<\/em> (Brown Identity) is a powerful collective of artists, activists, and lawyers who attack the structural racism of Argentina. They talk about building a brown identity. I find their struggle and their communication skills very inspiring. In the art world, I love how Jenny Holzer uses words. With just a phrase, a truism, a short phrase, she says so much. It\u2019s beautiful how she can occupy a space with words.<\/p>\n<p>Ana Andr\u00e9s Crist\u00f3bal:\u00a0<strong>It is interesting but difficult to try to situate you. You move on the border between the outside and the inside. Your work as a government employee brings the people to the garden\/exhibition rooms while your own work inhabits the streets and questions institutions that often exist as marginal bubbles these days. Where do you see yourself in this complex intermediate space? To what extent is MJM also marginal?<\/strong><\/p>\n<p><strong>Joy:\u00a0<\/strong>It is difficult for me too to understand where I stand. I don\u2019t really know. Before MJM, I was completely immersed in institutions, and completely convinced that public culture would change the world. Somehow, I still think this is true, although not so much from within the institution as from outside discourse, from groups that are born spontaneously in the streets and their conversations. This happens in public space and not in public institutions. The truth is I am interested in both. Without the institutions, MJM would not exist since its job is precisely to question them.<\/p>\n<p><a href=\"http:\/\/a-desk.org\/en\/?attachment_id=32649\" rel=\"attachment wp-att-32649\"><img decoding=\"async\" width=\"2560\" height=\"1704\" class=\"alignnone size-full wp-image-32649\" src=\"http:\/\/a-desk.org\/wp-content\/uploads\/2021\/05\/Joy_MJM_presnte-scaled.jpg\" alt=\"\" srcset=\"https:\/\/a-desk.org\/wp-content\/uploads\/2021\/05\/Joy_MJM_presnte-scaled.jpg 2560w, https:\/\/a-desk.org\/wp-content\/uploads\/2021\/05\/Joy_MJM_presnte-595x396.jpg 595w, https:\/\/a-desk.org\/wp-content\/uploads\/2021\/05\/Joy_MJM_presnte-768x511.jpg 768w, https:\/\/a-desk.org\/wp-content\/uploads\/2021\/05\/Joy_MJM_presnte-1536x1022.jpg 1536w, https:\/\/a-desk.org\/wp-content\/uploads\/2021\/05\/Joy_MJM_presnte-2048x1363.jpg 2048w\" sizes=\"(max-width: 2560px) 100vw, 2560px\" \/><\/a><\/p>\n<p>Ana Andr\u00e9s Crist\u00f3bal:\u00a0<strong>MJM starts on the internet, it goes out into the streets at night and is injected into the institutions afterwards. This project should generate certain frictions within museums due to its clear hacking of museum structures, and yet it desires to be integrated as part of the cultural production of national museums in Argentina. What do you think is the reason for this incorporation into cultural structures? Are you not worried about its possible appropriation? Where do you think it will head in the future?<\/strong><\/p>\n<p><strong>Joy:\u00a0<\/strong>I work for the government in the Museo Rojas, but my work as a creator in MJM is independent. It is my personal work and it has been difficult to process this within government structures. The posters grew out of the desire to be on the street. With MJM, I say what I want. That&#8217;s where the most powerful things come out, when I have no filter.<\/p>\n<p>On the other hand, I can&#8217;t think of a future direction. The future is nebulous. I know how things are today. MJM lives in the present by addressing the present. It works to make visible and to activate reflection about museums. I also think of working to change the laws in order to change the working conditions of museum workers and the access of all people. I am also interested in taking it beyond Argentina. It&#8217;s a bit overwhelming because I don&#8217;t know how to do this beyond sharing posters and talking to others. I am not interested in hierarchies. It doesn&#8217;t have to be about me.<\/p>\n<p><a href=\"http:\/\/a-desk.org\/en\/?attachment_id=32652\" rel=\"attachment wp-att-32652\"><img decoding=\"async\" width=\"1071\" height=\"500\" class=\"alignnone size-full wp-image-32652\" src=\"http:\/\/a-desk.org\/wp-content\/uploads\/2021\/05\/Movimiento-justicia-museal-afiches.png\" alt=\"\" srcset=\"https:\/\/a-desk.org\/wp-content\/uploads\/2021\/05\/Movimiento-justicia-museal-afiches.png 1071w, https:\/\/a-desk.org\/wp-content\/uploads\/2021\/05\/Movimiento-justicia-museal-afiches-595x278.png 595w, https:\/\/a-desk.org\/wp-content\/uploads\/2021\/05\/Movimiento-justicia-museal-afiches-768x359.png 768w\" sizes=\"(max-width: 1071px) 100vw, 1071px\" \/><\/a><\/p>\n<p>Ana Andr\u00e9s Crist\u00f3bal:\u00a0<strong>Your anti-patriarchal, decolonial, anti-racist, distributed and inclusive work questions the very foundations of our museums that make use of certain discourses but whose practice is undercut by historical inertia, pedagogies and invisible policies that limit, paralyze, and undo any real reckoning with their own words. I feel that MJM is like wake-up call. Do you think it really is possible to reform museums?<\/strong><\/p>\n<p><strong>Joy:\u00a0<\/strong>Museums will continue to exist. They were born to fulfill the interests of the bourgeoisie, to legitimize their goals. We can no longer follow the orders of these power elites of the past. We must stop thinking that the museum is only about the past and give way to new voices and narratives that are out there. Our job is to build bridges so that these voids and narratives can construct and reformulate our present. These voices, such as the Earth Workers Union, have taken over the garden.<\/p>\n<p>Ana Andr\u00e9s Crist\u00f3bal:\u00a0<strong>Joy, is there anything else you would like to say?<\/strong><\/p>\n<p><strong>Joy:\u00a0<\/strong>MJM is from the street, even though I\u2019m sitting in an institution. It belongs in public space. I fight against hierarchy and its structures. I don\u2019t want to be the leader or the head of the octopus. I haven\u2019t invented anything new, it\u2019s all been happening in different places. I only create posters to make it visible. There are many people who are fighting for museum justice, I just want to be a tentacle.<\/p>\n<p>Do it, own it.<\/p>\n","protected":false},"excerpt":{"rendered":"<p>Johanna Palmeyro (Joy) is a museologist, educator, creator, and activist. She is a government worker and co-coordinator of the Museology and Communities Area at the Casa de Ricardo Rojas Museum&#8230;<\/p>\n","protected":false},"author":2715,"featured_media":32645,"comment_status":"open","ping_status":"open","sticky":false,"template":"","format":"standard","meta":{"_relevanssi_hide_post":"","_relevanssi_hide_content":"","_relevanssi_pin_for_all":"","_relevanssi_pin_keywords":"","_relevanssi_unpin_keywords":"","_relevanssi_related_keywords":"","_relevanssi_related_include_ids":"","_relevanssi_related_exclude_ids":"","_relevanssi_related_no_append":"","_relevanssi_related_not_related":"","_relevanssi_related_posts":"","_relevanssi_noindex_reason":"","footnotes":""},"categories":[6108],"tags":[],"coauthors":[6647],"acf":[],"yoast_head":"<!-- This site is optimized with the Yoast SEO plugin v22.6 - https:\/\/yoast.com\/wordpress\/plugins\/seo\/ -->\n<title>Movimiento Justicia Museal &#8211; A*Desk<\/title>\n<meta name=\"robots\" content=\"index, follow, max-snippet:-1, max-image-preview:large, max-video-preview:-1\" \/>\n<link rel=\"canonical\" href=\"https:\/\/a-desk.org\/en\/magazine\/movimiento-justicia-museal\/\" \/>\n<meta property=\"og:locale\" content=\"en_US\" \/>\n<meta property=\"og:type\" content=\"article\" \/>\n<meta property=\"og:title\" content=\"Movimiento Justicia Museal &#8211; A*Desk\" \/>\n<meta property=\"og:description\" content=\"Johanna Palmeyro (Joy) is a museologist, educator, creator, and activist. She is a government worker and co-coordinator of the Museology and Communities Area at the Casa de Ricardo Rojas Museum...\" \/>\n<meta property=\"og:url\" content=\"https:\/\/a-desk.org\/en\/magazine\/movimiento-justicia-museal\/\" \/>\n<meta property=\"og:site_name\" content=\"A*Desk\" \/>\n<meta property=\"article:published_time\" content=\"2021-06-14T05:00:20+00:00\" \/>\n<meta property=\"article:modified_time\" content=\"2023-07-09T12:45:13+00:00\" \/>\n<meta property=\"og:image\" content=\"http:\/\/a-desk.org\/wp-content\/uploads\/2021\/05\/Joy_mjm_pegada-scaled.jpg\" \/>\n\t<meta property=\"og:image:width\" content=\"2560\" \/>\n\t<meta property=\"og:image:height\" content=\"1707\" \/>\n\t<meta property=\"og:image:type\" content=\"image\/jpeg\" \/>\n<meta name=\"author\" content=\"Ana Andr\u00e9s Crist\u00f3bal\" \/>\n<meta name=\"twitter:card\" content=\"summary_large_image\" \/>\n<meta name=\"twitter:label1\" content=\"Written by\" \/>\n\t<meta name=\"twitter:data1\" content=\"Ana Andr\u00e9s Crist\u00f3bal\" \/>\n\t<meta name=\"twitter:label2\" content=\"Est. reading time\" \/>\n\t<meta name=\"twitter:data2\" content=\"7 minutes\" \/>\n<script type=\"application\/ld+json\" class=\"yoast-schema-graph\">{\"@context\":\"https:\/\/schema.org\",\"@graph\":[{\"@type\":\"WebPage\",\"@id\":\"https:\/\/a-desk.org\/en\/magazine\/movimiento-justicia-museal\/\",\"url\":\"https:\/\/a-desk.org\/en\/magazine\/movimiento-justicia-museal\/\",\"name\":\"Movimiento Justicia Museal &#8211; A*Desk\",\"isPartOf\":{\"@id\":\"https:\/\/a-desk.org\/#website\"},\"primaryImageOfPage\":{\"@id\":\"https:\/\/a-desk.org\/en\/magazine\/movimiento-justicia-museal\/#primaryimage\"},\"image\":{\"@id\":\"https:\/\/a-desk.org\/en\/magazine\/movimiento-justicia-museal\/#primaryimage\"},\"thumbnailUrl\":\"https:\/\/a-desk.org\/wp-content\/uploads\/2021\/05\/Joy_mjm_pegada-scaled.jpg\",\"datePublished\":\"2021-06-14T05:00:20+00:00\",\"dateModified\":\"2023-07-09T12:45:13+00:00\",\"author\":{\"@id\":\"https:\/\/a-desk.org\/#\/schema\/person\/37c0985eb586c3ddc03b6908ca33b8c5\"},\"breadcrumb\":{\"@id\":\"https:\/\/a-desk.org\/en\/magazine\/movimiento-justicia-museal\/#breadcrumb\"},\"inLanguage\":\"en-US\",\"potentialAction\":[{\"@type\":\"ReadAction\",\"target\":[\"https:\/\/a-desk.org\/en\/magazine\/movimiento-justicia-museal\/\"]}]},{\"@type\":\"ImageObject\",\"inLanguage\":\"en-US\",\"@id\":\"https:\/\/a-desk.org\/en\/magazine\/movimiento-justicia-museal\/#primaryimage\",\"url\":\"https:\/\/a-desk.org\/wp-content\/uploads\/2021\/05\/Joy_mjm_pegada-scaled.jpg\",\"contentUrl\":\"https:\/\/a-desk.org\/wp-content\/uploads\/2021\/05\/Joy_mjm_pegada-scaled.jpg\",\"width\":2560,\"height\":1707},{\"@type\":\"BreadcrumbList\",\"@id\":\"https:\/\/a-desk.org\/en\/magazine\/movimiento-justicia-museal\/#breadcrumb\",\"itemListElement\":[{\"@type\":\"ListItem\",\"position\":1,\"name\":\"Portada\",\"item\":\"https:\/\/a-desk.org\/en\/\"},{\"@type\":\"ListItem\",\"position\":2,\"name\":\"Movimiento Justicia Museal\"}]},{\"@type\":\"WebSite\",\"@id\":\"https:\/\/a-desk.org\/#website\",\"url\":\"https:\/\/a-desk.org\/\",\"name\":\"A*Desk\",\"description\":\"A*Desk Critical Thinking\",\"potentialAction\":[{\"@type\":\"SearchAction\",\"target\":{\"@type\":\"EntryPoint\",\"urlTemplate\":\"https:\/\/a-desk.org\/?s={search_term_string}\"},\"query-input\":\"required name=search_term_string\"}],\"inLanguage\":\"en-US\"},{\"@type\":\"Person\",\"@id\":\"https:\/\/a-desk.org\/#\/schema\/person\/37c0985eb586c3ddc03b6908ca33b8c5\",\"name\":\"Ana Andr\u00e9s Crist\u00f3bal\",\"image\":{\"@type\":\"ImageObject\",\"inLanguage\":\"en-US\",\"@id\":\"https:\/\/a-desk.org\/#\/schema\/person\/image\/73222f9ee5358f658b06f631abf5a85c\",\"url\":\"https:\/\/secure.gravatar.com\/avatar\/cf36cb4ca30f6856a2c7fec256c12c7e?s=96&d=mm&r=g\",\"contentUrl\":\"https:\/\/secure.gravatar.com\/avatar\/cf36cb4ca30f6856a2c7fec256c12c7e?s=96&d=mm&r=g\",\"caption\":\"Ana Andr\u00e9s Crist\u00f3bal\"},\"url\":\"https:\/\/a-desk.org\/en\/autor\/ana-andres-cristobal\/\"}]}<\/script>\n<!-- \/ Yoast SEO plugin. -->","yoast_head_json":{"title":"Movimiento Justicia Museal &#8211; A*Desk","robots":{"index":"index","follow":"follow","max-snippet":"max-snippet:-1","max-image-preview":"max-image-preview:large","max-video-preview":"max-video-preview:-1"},"canonical":"https:\/\/a-desk.org\/en\/magazine\/movimiento-justicia-museal\/","og_locale":"en_US","og_type":"article","og_title":"Movimiento Justicia Museal &#8211; A*Desk","og_description":"Johanna Palmeyro (Joy) is a museologist, educator, creator, and activist. She is a government worker and co-coordinator of the Museology and Communities Area at the Casa de Ricardo Rojas Museum...","og_url":"https:\/\/a-desk.org\/en\/magazine\/movimiento-justicia-museal\/","og_site_name":"A*Desk","article_published_time":"2021-06-14T05:00:20+00:00","article_modified_time":"2023-07-09T12:45:13+00:00","og_image":[{"width":2560,"height":1707,"url":"http:\/\/a-desk.org\/wp-content\/uploads\/2021\/05\/Joy_mjm_pegada-scaled.jpg","type":"image\/jpeg"}],"author":"Ana Andr\u00e9s Crist\u00f3bal","twitter_card":"summary_large_image","twitter_misc":{"Written by":"Ana Andr\u00e9s Crist\u00f3bal","Est. reading time":"7 minutes"},"schema":{"@context":"https:\/\/schema.org","@graph":[{"@type":"WebPage","@id":"https:\/\/a-desk.org\/en\/magazine\/movimiento-justicia-museal\/","url":"https:\/\/a-desk.org\/en\/magazine\/movimiento-justicia-museal\/","name":"Movimiento Justicia Museal &#8211; A*Desk","isPartOf":{"@id":"https:\/\/a-desk.org\/#website"},"primaryImageOfPage":{"@id":"https:\/\/a-desk.org\/en\/magazine\/movimiento-justicia-museal\/#primaryimage"},"image":{"@id":"https:\/\/a-desk.org\/en\/magazine\/movimiento-justicia-museal\/#primaryimage"},"thumbnailUrl":"https:\/\/a-desk.org\/wp-content\/uploads\/2021\/05\/Joy_mjm_pegada-scaled.jpg","datePublished":"2021-06-14T05:00:20+00:00","dateModified":"2023-07-09T12:45:13+00:00","author":{"@id":"https:\/\/a-desk.org\/#\/schema\/person\/37c0985eb586c3ddc03b6908ca33b8c5"},"breadcrumb":{"@id":"https:\/\/a-desk.org\/en\/magazine\/movimiento-justicia-museal\/#breadcrumb"},"inLanguage":"en-US","potentialAction":[{"@type":"ReadAction","target":["https:\/\/a-desk.org\/en\/magazine\/movimiento-justicia-museal\/"]}]},{"@type":"ImageObject","inLanguage":"en-US","@id":"https:\/\/a-desk.org\/en\/magazine\/movimiento-justicia-museal\/#primaryimage","url":"https:\/\/a-desk.org\/wp-content\/uploads\/2021\/05\/Joy_mjm_pegada-scaled.jpg","contentUrl":"https:\/\/a-desk.org\/wp-content\/uploads\/2021\/05\/Joy_mjm_pegada-scaled.jpg","width":2560,"height":1707},{"@type":"BreadcrumbList","@id":"https:\/\/a-desk.org\/en\/magazine\/movimiento-justicia-museal\/#breadcrumb","itemListElement":[{"@type":"ListItem","position":1,"name":"Portada","item":"https:\/\/a-desk.org\/en\/"},{"@type":"ListItem","position":2,"name":"Movimiento Justicia Museal"}]},{"@type":"WebSite","@id":"https:\/\/a-desk.org\/#website","url":"https:\/\/a-desk.org\/","name":"A*Desk","description":"A*Desk Critical Thinking","potentialAction":[{"@type":"SearchAction","target":{"@type":"EntryPoint","urlTemplate":"https:\/\/a-desk.org\/?s={search_term_string}"},"query-input":"required name=search_term_string"}],"inLanguage":"en-US"},{"@type":"Person","@id":"https:\/\/a-desk.org\/#\/schema\/person\/37c0985eb586c3ddc03b6908ca33b8c5","name":"Ana Andr\u00e9s Crist\u00f3bal","image":{"@type":"ImageObject","inLanguage":"en-US","@id":"https:\/\/a-desk.org\/#\/schema\/person\/image\/73222f9ee5358f658b06f631abf5a85c","url":"https:\/\/secure.gravatar.com\/avatar\/cf36cb4ca30f6856a2c7fec256c12c7e?s=96&d=mm&r=g","contentUrl":"https:\/\/secure.gravatar.com\/avatar\/cf36cb4ca30f6856a2c7fec256c12c7e?s=96&d=mm&r=g","caption":"Ana Andr\u00e9s Crist\u00f3bal"},"url":"https:\/\/a-desk.org\/en\/autor\/ana-andres-cristobal\/"}]}},"_links":{"self":[{"href":"https:\/\/a-desk.org\/en\/wp-json\/wp\/v2\/posts\/32687"}],"collection":[{"href":"https:\/\/a-desk.org\/en\/wp-json\/wp\/v2\/posts"}],"about":[{"href":"https:\/\/a-desk.org\/en\/wp-json\/wp\/v2\/types\/post"}],"author":[{"embeddable":true,"href":"https:\/\/a-desk.org\/en\/wp-json\/wp\/v2\/users\/2715"}],"replies":[{"embeddable":true,"href":"https:\/\/a-desk.org\/en\/wp-json\/wp\/v2\/comments?post=32687"}],"version-history":[{"count":3,"href":"https:\/\/a-desk.org\/en\/wp-json\/wp\/v2\/posts\/32687\/revisions"}],"predecessor-version":[{"id":32688,"href":"https:\/\/a-desk.org\/en\/wp-json\/wp\/v2\/posts\/32687\/revisions\/32688"}],"wp:featuredmedia":[{"embeddable":true,"href":"https:\/\/a-desk.org\/en\/wp-json\/wp\/v2\/media\/32645"}],"wp:attachment":[{"href":"https:\/\/a-desk.org\/en\/wp-json\/wp\/v2\/media?parent=32687"}],"wp:term":[{"taxonomy":"category","embeddable":true,"href":"https:\/\/a-desk.org\/en\/wp-json\/wp\/v2\/categories?post=32687"},{"taxonomy":"post_tag","embeddable":true,"href":"https:\/\/a-desk.org\/en\/wp-json\/wp\/v2\/tags?post=32687"},{"taxonomy":"author","embeddable":true,"href":"https:\/\/a-desk.org\/en\/wp-json\/wp\/v2\/coauthors?post=32687"}],"curies":[{"name":"wp","href":"https:\/\/api.w.org\/{rel}","templated":true}]}}