{"id":34197,"date":"2021-11-01T07:30:41","date_gmt":"2021-11-01T06:30:41","guid":{"rendered":"http:\/\/a-desk.org\/?p=34197"},"modified":"2023-07-09T14:45:00","modified_gmt":"2023-07-09T12:45:00","slug":"split-and-explote-la-pantalla-es-un-campo-de-minas","status":"publish","type":"post","link":"https:\/\/a-desk.org\/en\/magazine\/split-and-explote-la-pantalla-es-un-campo-de-minas\/","title":{"rendered":"Split and Explode. The Screen as Minefield"},"content":{"rendered":"<p><strong>A text can weave together bits of contradictory writing and present them as a coherent argument.<\/strong><\/p>\n<p>Writing about screen fragmentation on (this) fragmented screen is the most direct connection possible to the idea of \u200b\u200breading (this) text. What mediates between the writing of the text and the reading of it on this website is precisely a divided screen (the parentheses above act as connected windows). And what is proposed here is a fragmented text, contradictory or coherent, for a divided attention (yours) equally fragmented when reading (this\/that) text.<\/p>\n<p><strong>++++<\/strong><\/p>\n<p>Every screen is a fragmentation. The screen inscribes a fragmentary condition in what it presents. The fragmentation of the screen is nothing more than an incidence in the enunciation system of the moving image, its circumstance or its syntax. This formal and\/or discursive characteristic is what gives the screen its intended uniqueness, it is what creates a screen-world and, therefore, a world outside of it. Thus, the screen creates a universe in flux that keeps the idea of \u200b\u200brepresentation alive.<\/p>\n<div id=\"attachment_34174\" style=\"width: 810px\" class=\"wp-caption alignnone\"><img aria-describedby=\"caption-attachment-34174\" decoding=\"async\" class=\"wp-image-34174 size-full\" src=\"http:\/\/a-desk.org\/wp-content\/uploads\/2021\/11\/1.Jaime-Davidovich.jpg\" alt=\"\" width=\"800\" height=\"542\" srcset=\"https:\/\/a-desk.org\/wp-content\/uploads\/2021\/11\/1.Jaime-Davidovich.jpg 800w, https:\/\/a-desk.org\/wp-content\/uploads\/2021\/11\/1.Jaime-Davidovich-590x400.jpg 590w, https:\/\/a-desk.org\/wp-content\/uploads\/2021\/11\/1.Jaime-Davidovich-768x520.jpg 768w\" sizes=\"(max-width: 800px) 100vw, 800px\" \/><p id=\"caption-attachment-34174\" class=\"wp-caption-text\">TV Collection (1979\u2019s). Jaime Davidovich<\/p><\/div>\n<p><strong>++++<\/strong><\/p>\n<p>The screen carries the seed of fragmentation, a seed that is reproduced with each new shot as the immediately preceding window breaks apart in our mind. We already drag with us many broken windows, smashed by the incessant activity and derailed development of audiovisual language. Seeds and windows that multiply endemically awaiting the collapse of contemporary audiovisual genetics.<\/p>\n<p><strong>++++<\/strong><\/p>\n<p>The &#8220;Global Screen&#8221;\u201d<span class=\"footnote_referrer\"><a role=\"button\" tabindex=\"0\" onclick=\"footnote_moveToReference_34197_1('footnote_plugin_reference_34197_1_1');\" onkeypress=\"footnote_moveToReference_34197_1('footnote_plugin_reference_34197_1_1');\" ><sup id=\"footnote_plugin_tooltip_34197_1_1\" class=\"footnote_plugin_tooltip_text\">[1]<\/sup><\/a><span id=\"footnote_plugin_tooltip_text_34197_1_1\" class=\"footnote_tooltip\">Lipovetsky, G. y Serroy, J. (2009). <i>La Pantalla Global. Cultura medi\u00e1tica y cine en la era hipermoderna<\/i>. Anagrama: Barcelona.<\/span><\/span><script type=\"text\/javascript\"> jQuery('#footnote_plugin_tooltip_34197_1_1').tooltip({ tip: '#footnote_plugin_tooltip_text_34197_1_1', tipClass: 'footnote_tooltip', effect: 'fade', predelay: 0, fadeInSpeed: 200, delay: 400, fadeOutSpeed: 200, position: 'top center', relative: true, offset: [-7, 0], });<\/script> is the epitome of this circumstance. \u201cEverything is a screen\u201d because when we look at the world we see only fragments. Audiovisual language has established itself as our vision of the world. It has even taken over the live performance of our nightly dreams. Reality and fiction have been dissolved into non-linear time. The screen remains aloof from our concerns, inhibited by the disruption of the space-time coordinates on which we have built our culture. The screen remains vain and inflexible, admitting everything, merciless before the cracking of the world\u2019s image.<\/p>\n<div id=\"attachment_34177\" style=\"width: 810px\" class=\"wp-caption alignnone\"><img aria-describedby=\"caption-attachment-34177\" decoding=\"async\" class=\"wp-image-34177 size-full\" src=\"http:\/\/a-desk.org\/wp-content\/uploads\/2021\/11\/2.-Camaras-de-vigilancia.jpg\" alt=\"\" width=\"800\" height=\"472\" srcset=\"https:\/\/a-desk.org\/wp-content\/uploads\/2021\/11\/2.-Camaras-de-vigilancia.jpg 800w, https:\/\/a-desk.org\/wp-content\/uploads\/2021\/11\/2.-Camaras-de-vigilancia-595x351.jpg 595w, https:\/\/a-desk.org\/wp-content\/uploads\/2021\/11\/2.-Camaras-de-vigilancia-768x453.jpg 768w\" sizes=\"(max-width: 800px) 100vw, 800px\" \/><p id=\"caption-attachment-34177\" class=\"wp-caption-text\">Surveillance cameras<\/p><\/div>\n<p><strong>++++<\/strong><\/p>\n<p>Ask a video game fan about the concept of split-screens and what they tell you won\u2019t be at all the same as a professional who holds videoconferences in his workplace. The division of the screen is a resource that has fragmented itself: as a communicative function, as a category, as a situation, setting or frame of expression. In the divided screen of Fortnite (Epic Games, 2017), corpses of office workers have been found in an advanced state of fragmentation.<\/p>\n<p><strong>++++<\/strong><\/p>\n<p>What we understand as split-screen belongs to the metabolism of the audiovisual device in its transit towards the general absorption of the representation of the world. The insatiable appetite of its increasingly compact pixel fabric is capable of assimilating all kinds of information. It began by breaking the time and space of action and went on to make possible the coexistence of comedy shows and news tragedies. It assimilated <i>zapping<\/i> to compose an unprecedented control board of genres and styles, increased their speed and sound and even supplanted background music and street voices. The anxiety of this crystalline, electronic surface is our anxiety, its ability to frame unrest and astonishment is our survival mechanism.\u00a0Who has not looked at a screen as if it were a mirror?<\/p>\n<div id=\"attachment_34180\" style=\"width: 810px\" class=\"wp-caption alignnone\"><img aria-describedby=\"caption-attachment-34180\" decoding=\"async\" class=\"wp-image-34180 size-full\" src=\"http:\/\/a-desk.org\/wp-content\/uploads\/2021\/11\/3.-Videodrome-de-Richard-Cronenberg.jpg\" alt=\"\" width=\"800\" height=\"450\" srcset=\"https:\/\/a-desk.org\/wp-content\/uploads\/2021\/11\/3.-Videodrome-de-Richard-Cronenberg.jpg 800w, https:\/\/a-desk.org\/wp-content\/uploads\/2021\/11\/3.-Videodrome-de-Richard-Cronenberg-595x335.jpg 595w, https:\/\/a-desk.org\/wp-content\/uploads\/2021\/11\/3.-Videodrome-de-Richard-Cronenberg-768x432.jpg 768w\" sizes=\"(max-width: 800px) 100vw, 800px\" \/><p id=\"caption-attachment-34180\" class=\"wp-caption-text\">Videodrome (1983), David Cronenberg<\/p><\/div>\n<p><strong>++++<\/strong><\/p>\n<p>The screen is a minefield. We eliminate pop-ups in <i>fps \u2014first-person shooter\u2014<\/i>, we jump from one topic to another, leaving an erratic trail of drives, emotions, and urgencies. And while the screen multiplies inwards, it engulfs us, just like in the film Videodrome (David Cronenberg, 1983), taking us to a visual density in which it is impossible to orient ourselves. Our wars and our peace happen inside there. When we wake up, we are walking upon an immense field of broken (split?) screens, the scene after the battle<span class=\"footnote_referrer\"><a role=\"button\" tabindex=\"0\" onclick=\"footnote_moveToReference_34197_1('footnote_plugin_reference_34197_1_2');\" onkeypress=\"footnote_moveToReference_34197_1('footnote_plugin_reference_34197_1_2');\" ><sup id=\"footnote_plugin_tooltip_34197_1_2\" class=\"footnote_plugin_tooltip_text\">[2]<\/sup><\/a><span id=\"footnote_plugin_tooltip_text_34197_1_2\" class=\"footnote_tooltip\">The visual reference for this landscape is found in Hans Haacke\u2019s installation Germania, exhibited in the German pavilion at the 1993 Venice Biennale, in which he made explicit reference to the&nbsp;&#x2026; <span class=\"footnote_tooltip_continue\"  onclick=\"footnote_moveToReference_34197_1('footnote_plugin_reference_34197_1_2');\">Continue reading<\/span><\/span><\/span><script type=\"text\/javascript\"> jQuery('#footnote_plugin_tooltip_34197_1_2').tooltip({ tip: '#footnote_plugin_tooltip_text_34197_1_2', tipClass: 'footnote_tooltip', effect: 'fade', predelay: 0, fadeInSpeed: 200, delay: 400, fadeOutSpeed: 200, position: 'top center', relative: true, offset: [-7, 0], });<\/script>.<\/p>\n<p><strong>++++<\/strong><\/p>\n<p>The search for a comprehensive, complete, enveloping vision is a constant in the visual arts. Leon Battista Alberti led the painters of his time to consider the painting\u2019s frame as an open window. But the windows multiplied, with triptychs, polyptychs, and baroque paintings overwhelming the gaze, \u201cour eyes have always wanted more\u201d and art has sought a way to satisfy them. From Abel Gance&#8217;s <i>Napoleon<\/i> (1927) to Tarantino&#8217;s <i>Jackie Brown<\/i> (1997), the use of a divided, expanded or fragmented screen provided narrative possibilities or space-time simultaneities that allowed the story to expand within the mind. But the split screen also allowed us to break down the lines of action of the diegesis to address the perceptual and sociopolitical functions of the cinematographic apparatus. \u201cThe division of the senses<span class=\"footnote_referrer\"><a role=\"button\" tabindex=\"0\" onclick=\"footnote_moveToReference_34197_1('footnote_plugin_reference_34197_1_3');\" onkeypress=\"footnote_moveToReference_34197_1('footnote_plugin_reference_34197_1_3');\" ><sup id=\"footnote_plugin_tooltip_34197_1_3\" class=\"footnote_plugin_tooltip_text\">[3]<\/sup><\/a><span id=\"footnote_plugin_tooltip_text_34197_1_3\" class=\"footnote_tooltip\">Ranci\u00e8re, J.(2002), <i>La divisi\u00f3n de lo sensible. Est\u00e9tica y pol\u00edtica<\/i>. Consorcio Salamanca<\/span><\/span><script type=\"text\/javascript\"> jQuery('#footnote_plugin_tooltip_34197_1_3').tooltip({ tip: '#footnote_plugin_tooltip_text_34197_1_3', tipClass: 'footnote_tooltip', effect: 'fade', predelay: 0, fadeInSpeed: 200, delay: 400, fadeOutSpeed: 200, position: 'top center', relative: true, offset: [-7, 0], });<\/script>\u201d, the political dimension of aesthetics, take place within the audiovisual screen in a literal way.<\/p>\n<p><strong>++++<\/strong><\/p>\n<p>The monitor, taken from the television and coupled to the computer, has been gaining prominence over time<span class=\"footnote_referrer\"><a role=\"button\" tabindex=\"0\" onclick=\"footnote_moveToReference_34197_1('footnote_plugin_reference_34197_1_4');\" onkeypress=\"footnote_moveToReference_34197_1('footnote_plugin_reference_34197_1_4');\" ><sup id=\"footnote_plugin_tooltip_34197_1_4\" class=\"footnote_plugin_tooltip_text\">[4]<\/sup><\/a><span id=\"footnote_plugin_tooltip_text_34197_1_4\" class=\"footnote_tooltip\">For more information on this topic, see \u201cLa colonizaci\u00f3n de las pantallas. Sobre la exposici\u00f3n Pantalla Global\u201d, de Jorge Luis Marzo. Published&nbsp;&#x2026; <span class=\"footnote_tooltip_continue\"  onclick=\"footnote_moveToReference_34197_1('footnote_plugin_reference_34197_1_4');\">Continue reading<\/span><\/span><\/span><script type=\"text\/javascript\"> jQuery('#footnote_plugin_tooltip_34197_1_4').tooltip({ tip: '#footnote_plugin_tooltip_text_34197_1_4', tipClass: 'footnote_tooltip', effect: 'fade', predelay: 0, fadeInSpeed: 200, delay: 400, fadeOutSpeed: 200, position: 'top center', relative: true, offset: [-7, 0], });<\/script>.\u00a0Information ceased to be a language to become an image and the world became a watched screen and a screen that watches. Its triumph as manager of the environment, both technical and social, made possible the psycho-technical and biopolitical imaginary that today we have internalized under the name of Global Screen. In this way, the way to power exercised by the image industry was paved by normalizing our servitude, although there are still dissident screens that end up dividing themselves within the dominant screen.<\/p>\n<p>Today, multiple windows coexist and overlap on our computer screens, jeopardizing the perspective on which our visual perception of the world (and also of the arts) has been based. Our window, now open to virtuality, proposes a new logic of visuality, a new architecture not only of space but of time.<\/p>\n<div id=\"attachment_34183\" style=\"width: 810px\" class=\"wp-caption alignnone\"><img aria-describedby=\"caption-attachment-34183\" decoding=\"async\" class=\"wp-image-34183 size-full\" src=\"http:\/\/a-desk.org\/wp-content\/uploads\/2021\/11\/4.-Video-is-TV-Muntadas-1.jpg\" alt=\"\" width=\"800\" height=\"661\" srcset=\"https:\/\/a-desk.org\/wp-content\/uploads\/2021\/11\/4.-Video-is-TV-Muntadas-1.jpg 800w, https:\/\/a-desk.org\/wp-content\/uploads\/2021\/11\/4.-Video-is-TV-Muntadas-1-484x400.jpg 484w, https:\/\/a-desk.org\/wp-content\/uploads\/2021\/11\/4.-Video-is-TV-Muntadas-1-768x635.jpg 768w\" sizes=\"(max-width: 800px) 100vw, 800px\" \/><p id=\"caption-attachment-34183\" class=\"wp-caption-text\">Video is tv? (1989), Antoni Muntadas<\/p><\/div>\n<p><strong>++++<\/strong><\/p>\n<p>We watch the projection <i>Video is television?<\/i> (05&#8217;34, 1989) from Muntadas and the first thing that strikes us is the apparent exhibition error that shows a single-channel video piece designed to be seen on television, but immediately afterwards we understand it as curatorial license. We pay attention to the images of <i>Poltergeist<\/i> or <i>Videodrome<\/i> and to the concepts that appear, such as fragment and context. We think about what it would be like if it had been projected onto a flat screen or a television like the ones that appear in the video itself. The matter is further complicated when Glenn Branca&#8217;s soundtrack accelerates as the television screens multiply towards the end of the piece, a montage device made before the \u2018mosaic\u2019 effect of digital editing existed. In one fell swoop we see in the projection the summary of the image\u2019s dissolution in the \u201cflow of life<span class=\"footnote_referrer\"><a role=\"button\" tabindex=\"0\" onclick=\"footnote_moveToReference_34197_1('footnote_plugin_reference_34197_1_5');\" onkeypress=\"footnote_moveToReference_34197_1('footnote_plugin_reference_34197_1_5');\" ><sup id=\"footnote_plugin_tooltip_34197_1_5\" class=\"footnote_plugin_tooltip_text\">[5]<\/sup><\/a><span id=\"footnote_plugin_tooltip_text_34197_1_5\" class=\"footnote_tooltip\">Kracauer, S (1996), <i>Teor\u00eda del cine. La redenci\u00f3n de la realidad f\u00edsica.<\/i> Paid\u00f3s: Barcelona.<\/span><\/span><script type=\"text\/javascript\"> jQuery('#footnote_plugin_tooltip_34197_1_5').tooltip({ tip: '#footnote_plugin_tooltip_text_34197_1_5', tipClass: 'footnote_tooltip', effect: 'fade', predelay: 0, fadeInSpeed: 200, delay: 400, fadeOutSpeed: 200, position: 'top center', relative: true, offset: [-7, 0], });<\/script>\u201d, of its conceptual liquefaction in the formal, or its deformation in the conceptual.<\/p>\n<div id=\"attachment_34189\" style=\"width: 810px\" class=\"wp-caption alignnone\"><img aria-describedby=\"caption-attachment-34189\" decoding=\"async\" class=\"wp-image-34189 size-full\" src=\"http:\/\/a-desk.org\/wp-content\/uploads\/2021\/11\/5.-Asyl-3175.-Kurt-Kren2.jpg\" alt=\"\" width=\"800\" height=\"619\" srcset=\"https:\/\/a-desk.org\/wp-content\/uploads\/2021\/11\/5.-Asyl-3175.-Kurt-Kren2.jpg 800w, https:\/\/a-desk.org\/wp-content\/uploads\/2021\/11\/5.-Asyl-3175.-Kurt-Kren2-517x400.jpg 517w, https:\/\/a-desk.org\/wp-content\/uploads\/2021\/11\/5.-Asyl-3175.-Kurt-Kren2-768x594.jpg 768w\" sizes=\"(max-width: 800px) 100vw, 800px\" \/><p id=\"caption-attachment-34189\" class=\"wp-caption-text\">Asyl 31\/75 (1975), Kurt Kren<\/p><\/div>\n<p><strong>++++<\/strong><\/p>\n<p>In <i>Asyl 31\/75<\/i>, (08\u2019, 1975), Kurt Kren shows on a single screen transformations of a single landscape during twenty-one non-consecutive days spread over a year. A photographic experiment of multiple exposures and segmented images in which time and space overlap and coexist thanks, among other techniques, sticking tape on the lens with holes in it that at times creates the magical illusion of a puzzle to be assembled on the screen itself. With each new shot, the screens add up until we discover a landscape in which the seasons of the year and their different qualities of light coexist, snow, sun, and autumn, and in which the cinematographic form surrenders to the contemplation of time.<span class=\"Apple-converted-space\">\u00a0<\/span>In this piece, the process is the opposite: the screen is constructed from fragments. The screen becomes itself again, although the image has had to go through countless movements.<\/p>\n<p><strong>++++<\/strong><\/p>\n<p>Suppose that each of these fragments is opened in a pop-up window and that, by means of our imagination, we can see its reverse side. There are red threads that seem to connect ideas from one fragment to another, woven together with citations and footnotes. But we see that the largest number of these threads are left hanging, suspended, waiting for a link to other ideas and to other references. Clearly, the responsibility for connecting these threads to other windows or screens becomes our responsibility.<\/p>\n<p>&nbsp;<\/p>\n<p>(Front Image: <em>Video is tv?<\/em> (1989), Antoni Muntadas).<\/p>\n<div class=\"speaker-mute footnotes_reference_container\"> <div class=\"footnote_container_prepare\"><p><span role=\"button\" tabindex=\"0\" class=\"footnote_reference_container_label pointer\" onclick=\"footnote_expand_collapse_reference_container_34197_1();\">&#x202F;<\/span><span role=\"button\" tabindex=\"0\" class=\"footnote_reference_container_collapse_button\" style=\"display: none;\" onclick=\"footnote_expand_collapse_reference_container_34197_1();\">[<a id=\"footnote_reference_container_collapse_button_34197_1\">+<\/a>]<\/span><\/p><\/div> <div id=\"footnote_references_container_34197_1\" style=\"\"><table class=\"footnotes_table footnote-reference-container\"><caption class=\"accessibility\">References<\/caption> <tbody> \r\n\r\n<tr class=\"footnotes_plugin_reference_row\"> <th scope=\"row\" class=\"footnote_plugin_index_combi pointer\"  onclick=\"footnote_moveToAnchor_34197_1('footnote_plugin_tooltip_34197_1_1');\"><a id=\"footnote_plugin_reference_34197_1_1\" class=\"footnote_backlink\"><span class=\"footnote_index_arrow\">&#8593;<\/span>1<\/a><\/th> <td class=\"footnote_plugin_text\">Lipovetsky, G. y Serroy, J. (2009). <i>La Pantalla Global. Cultura medi\u00e1tica y cine en la era hipermoderna<\/i>. Anagrama: Barcelona.<\/td><\/tr>\r\n\r\n<tr class=\"footnotes_plugin_reference_row\"> <th scope=\"row\" class=\"footnote_plugin_index_combi pointer\"  onclick=\"footnote_moveToAnchor_34197_1('footnote_plugin_tooltip_34197_1_2');\"><a id=\"footnote_plugin_reference_34197_1_2\" class=\"footnote_backlink\"><span class=\"footnote_index_arrow\">&#8593;<\/span>2<\/a><\/th> <td class=\"footnote_plugin_text\">The visual reference for this landscape is found in Hans Haacke\u2019s installation <i>Germania<\/i>, exhibited in the German pavilion at the 1993 Venice Biennale, in which he made explicit reference to the pavilion\u2019s roots in Nazi Germany politics.<\/td><\/tr>\r\n\r\n<tr class=\"footnotes_plugin_reference_row\"> <th scope=\"row\" class=\"footnote_plugin_index_combi pointer\"  onclick=\"footnote_moveToAnchor_34197_1('footnote_plugin_tooltip_34197_1_3');\"><a id=\"footnote_plugin_reference_34197_1_3\" class=\"footnote_backlink\"><span class=\"footnote_index_arrow\">&#8593;<\/span>3<\/a><\/th> <td class=\"footnote_plugin_text\">Ranci\u00e8re, J.(2002), <i>La divisi\u00f3n de lo sensible. Est\u00e9tica y pol\u00edtica<\/i>. Consorcio Salamanca<\/td><\/tr>\r\n\r\n<tr class=\"footnotes_plugin_reference_row\"> <th scope=\"row\" class=\"footnote_plugin_index_combi pointer\"  onclick=\"footnote_moveToAnchor_34197_1('footnote_plugin_tooltip_34197_1_4');\"><a id=\"footnote_plugin_reference_34197_1_4\" class=\"footnote_backlink\"><span class=\"footnote_index_arrow\">&#8593;<\/span>4<\/a><\/th> <td class=\"footnote_plugin_text\">For more information on this topic, see <i>\u201cLa colonizaci\u00f3n de las pantallas. Sobre la exposici\u00f3n Pantalla Global\u201d, <\/i>de Jorge Luis Marzo. Published in\u00a0<a href=\"https:\/\/www.soymenos.net\/colonizacion_pantallas.pdf\"><span class=\"footnote_url_wrap\">https:\/\/www.soymenos.net\/colonizacion_pantallas.pdf<\/span><\/a><\/td><\/tr>\r\n\r\n<tr class=\"footnotes_plugin_reference_row\"> <th scope=\"row\" class=\"footnote_plugin_index_combi pointer\"  onclick=\"footnote_moveToAnchor_34197_1('footnote_plugin_tooltip_34197_1_5');\"><a id=\"footnote_plugin_reference_34197_1_5\" class=\"footnote_backlink\"><span class=\"footnote_index_arrow\">&#8593;<\/span>5<\/a><\/th> <td class=\"footnote_plugin_text\">Kracauer, S (1996), <i>Teor\u00eda del cine. La redenci\u00f3n de la realidad f\u00edsica.<\/i> Paid\u00f3s: Barcelona.<\/td><\/tr>\r\n\r\n <\/tbody> <\/table> <\/div><\/div><script type=\"text\/javascript\"> function footnote_expand_reference_container_34197_1() { jQuery('#footnote_references_container_34197_1').show(); jQuery('#footnote_reference_container_collapse_button_34197_1').text('\u2212'); } function footnote_collapse_reference_container_34197_1() { jQuery('#footnote_references_container_34197_1').hide(); jQuery('#footnote_reference_container_collapse_button_34197_1').text('+'); } function footnote_expand_collapse_reference_container_34197_1() { if (jQuery('#footnote_references_container_34197_1').is(':hidden')) { footnote_expand_reference_container_34197_1(); } else { footnote_collapse_reference_container_34197_1(); } } function footnote_moveToReference_34197_1(p_str_TargetID) { footnote_expand_reference_container_34197_1(); var l_obj_Target = jQuery('#' + p_str_TargetID); if (l_obj_Target.length) { jQuery( 'html, body' ).delay( 0 ); jQuery('html, body').animate({ scrollTop: l_obj_Target.offset().top - window.innerHeight * 0.2 }, 380); } } function footnote_moveToAnchor_34197_1(p_str_TargetID) { footnote_expand_reference_container_34197_1(); var l_obj_Target = jQuery('#' + p_str_TargetID); if (l_obj_Target.length) { jQuery( 'html, body' ).delay( 0 ); jQuery('html, body').animate({ scrollTop: l_obj_Target.offset().top - window.innerHeight * 0.2 }, 380); } }<\/script>","protected":false},"excerpt":{"rendered":"<p>A text can weave together bits of contradictory writing and present them as a coherent argument. Writing about screen fragmentation on (this) fragmented screen is the most direct connection possible&#8230;<\/p>\n","protected":false},"author":2736,"featured_media":34188,"comment_status":"open","ping_status":"open","sticky":false,"template":"","format":"standard","meta":{"_relevanssi_hide_post":"","_relevanssi_hide_content":"","_relevanssi_pin_for_all":"","_relevanssi_pin_keywords":"","_relevanssi_unpin_keywords":"","_relevanssi_related_keywords":"","_relevanssi_related_include_ids":"","_relevanssi_related_exclude_ids":"","_relevanssi_related_no_append":"","_relevanssi_related_not_related":"","_relevanssi_related_posts":"","_relevanssi_noindex_reason":"","footnotes":""},"categories":[6129],"tags":[],"coauthors":[6742],"acf":[],"yoast_head":"<!-- This site is optimized with the Yoast SEO plugin v22.6 - https:\/\/yoast.com\/wordpress\/plugins\/seo\/ -->\n<title>Split and Explode. The Screen as Minefield &#8211; A*Desk<\/title>\n<meta name=\"robots\" content=\"index, follow, max-snippet:-1, max-image-preview:large, max-video-preview:-1\" \/>\n<link rel=\"canonical\" href=\"https:\/\/a-desk.org\/en\/magazine\/split-and-explote-la-pantalla-es-un-campo-de-minas\/\" \/>\n<meta property=\"og:locale\" content=\"en_US\" \/>\n<meta property=\"og:type\" content=\"article\" \/>\n<meta property=\"og:title\" content=\"Split and Explode. The Screen as Minefield &#8211; A*Desk\" \/>\n<meta property=\"og:description\" content=\"A text can weave together bits of contradictory writing and present them as a coherent argument. Writing about screen fragmentation on (this) fragmented screen is the most direct connection possible...\" \/>\n<meta property=\"og:url\" content=\"https:\/\/a-desk.org\/en\/magazine\/split-and-explote-la-pantalla-es-un-campo-de-minas\/\" \/>\n<meta property=\"og:site_name\" content=\"A*Desk\" \/>\n<meta property=\"article:published_time\" content=\"2021-11-01T06:30:41+00:00\" \/>\n<meta property=\"article:modified_time\" content=\"2023-07-09T12:45:00+00:00\" \/>\n<meta property=\"og:image\" content=\"http:\/\/a-desk.org\/wp-content\/uploads\/2021\/11\/4.-Video-is-TV-Muntadas2.jpg\" \/>\n\t<meta property=\"og:image:width\" content=\"800\" \/>\n\t<meta property=\"og:image:height\" content=\"1137\" \/>\n\t<meta property=\"og:image:type\" content=\"image\/jpeg\" \/>\n<meta name=\"author\" content=\"Arturo \/ Fito Rodr\u00edguez Bornaetxea\" \/>\n<meta name=\"twitter:card\" content=\"summary_large_image\" \/>\n<meta name=\"twitter:label1\" content=\"Written by\" \/>\n\t<meta name=\"twitter:data1\" content=\"Arturo \/ Fito Rodr\u00edguez Bornaetxea\" \/>\n\t<meta name=\"twitter:label2\" content=\"Est. reading time\" \/>\n\t<meta name=\"twitter:data2\" content=\"8 minutes\" \/>\n<script type=\"application\/ld+json\" class=\"yoast-schema-graph\">{\"@context\":\"https:\/\/schema.org\",\"@graph\":[{\"@type\":\"WebPage\",\"@id\":\"https:\/\/a-desk.org\/en\/magazine\/split-and-explote-la-pantalla-es-un-campo-de-minas\/\",\"url\":\"https:\/\/a-desk.org\/en\/magazine\/split-and-explote-la-pantalla-es-un-campo-de-minas\/\",\"name\":\"Split and Explode. The Screen as Minefield &#8211; A*Desk\",\"isPartOf\":{\"@id\":\"https:\/\/a-desk.org\/#website\"},\"primaryImageOfPage\":{\"@id\":\"https:\/\/a-desk.org\/en\/magazine\/split-and-explote-la-pantalla-es-un-campo-de-minas\/#primaryimage\"},\"image\":{\"@id\":\"https:\/\/a-desk.org\/en\/magazine\/split-and-explote-la-pantalla-es-un-campo-de-minas\/#primaryimage\"},\"thumbnailUrl\":\"https:\/\/a-desk.org\/wp-content\/uploads\/2021\/11\/4.-Video-is-TV-Muntadas2.jpg\",\"datePublished\":\"2021-11-01T06:30:41+00:00\",\"dateModified\":\"2023-07-09T12:45:00+00:00\",\"author\":{\"@id\":\"https:\/\/a-desk.org\/#\/schema\/person\/81f06cafec6bd4b9525de29892c0d5c8\"},\"breadcrumb\":{\"@id\":\"https:\/\/a-desk.org\/en\/magazine\/split-and-explote-la-pantalla-es-un-campo-de-minas\/#breadcrumb\"},\"inLanguage\":\"en-US\",\"potentialAction\":[{\"@type\":\"ReadAction\",\"target\":[\"https:\/\/a-desk.org\/en\/magazine\/split-and-explote-la-pantalla-es-un-campo-de-minas\/\"]}]},{\"@type\":\"ImageObject\",\"inLanguage\":\"en-US\",\"@id\":\"https:\/\/a-desk.org\/en\/magazine\/split-and-explote-la-pantalla-es-un-campo-de-minas\/#primaryimage\",\"url\":\"https:\/\/a-desk.org\/wp-content\/uploads\/2021\/11\/4.-Video-is-TV-Muntadas2.jpg\",\"contentUrl\":\"https:\/\/a-desk.org\/wp-content\/uploads\/2021\/11\/4.-Video-is-TV-Muntadas2.jpg\",\"width\":800,\"height\":1137},{\"@type\":\"BreadcrumbList\",\"@id\":\"https:\/\/a-desk.org\/en\/magazine\/split-and-explote-la-pantalla-es-un-campo-de-minas\/#breadcrumb\",\"itemListElement\":[{\"@type\":\"ListItem\",\"position\":1,\"name\":\"Portada\",\"item\":\"https:\/\/a-desk.org\/en\/\"},{\"@type\":\"ListItem\",\"position\":2,\"name\":\"Split and Explode. The Screen as Minefield\"}]},{\"@type\":\"WebSite\",\"@id\":\"https:\/\/a-desk.org\/#website\",\"url\":\"https:\/\/a-desk.org\/\",\"name\":\"A*Desk\",\"description\":\"A*Desk Critical Thinking\",\"potentialAction\":[{\"@type\":\"SearchAction\",\"target\":{\"@type\":\"EntryPoint\",\"urlTemplate\":\"https:\/\/a-desk.org\/?s={search_term_string}\"},\"query-input\":\"required name=search_term_string\"}],\"inLanguage\":\"en-US\"},{\"@type\":\"Person\",\"@id\":\"https:\/\/a-desk.org\/#\/schema\/person\/81f06cafec6bd4b9525de29892c0d5c8\",\"name\":\"Arturo \/ Fito Rodr\u00edguez Bornaetxea\",\"image\":{\"@type\":\"ImageObject\",\"inLanguage\":\"en-US\",\"@id\":\"https:\/\/a-desk.org\/#\/schema\/person\/image\/77ee224e8986aac290627c645606bd84\",\"url\":\"https:\/\/secure.gravatar.com\/avatar\/71abd1d58de29e2d04ea9252a5240326?s=96&d=mm&r=g\",\"contentUrl\":\"https:\/\/secure.gravatar.com\/avatar\/71abd1d58de29e2d04ea9252a5240326?s=96&d=mm&r=g\",\"caption\":\"Arturo \/ Fito Rodr\u00edguez Bornaetxea\"},\"url\":\"https:\/\/a-desk.org\/en\/autor\/fito-rodriguez\/\"}]}<\/script>\n<!-- \/ Yoast SEO plugin. -->","yoast_head_json":{"title":"Split and Explode. The Screen as Minefield &#8211; A*Desk","robots":{"index":"index","follow":"follow","max-snippet":"max-snippet:-1","max-image-preview":"max-image-preview:large","max-video-preview":"max-video-preview:-1"},"canonical":"https:\/\/a-desk.org\/en\/magazine\/split-and-explote-la-pantalla-es-un-campo-de-minas\/","og_locale":"en_US","og_type":"article","og_title":"Split and Explode. The Screen as Minefield &#8211; A*Desk","og_description":"A text can weave together bits of contradictory writing and present them as a coherent argument. Writing about screen fragmentation on (this) fragmented screen is the most direct connection possible...","og_url":"https:\/\/a-desk.org\/en\/magazine\/split-and-explote-la-pantalla-es-un-campo-de-minas\/","og_site_name":"A*Desk","article_published_time":"2021-11-01T06:30:41+00:00","article_modified_time":"2023-07-09T12:45:00+00:00","og_image":[{"width":800,"height":1137,"url":"http:\/\/a-desk.org\/wp-content\/uploads\/2021\/11\/4.-Video-is-TV-Muntadas2.jpg","type":"image\/jpeg"}],"author":"Arturo \/ Fito Rodr\u00edguez Bornaetxea","twitter_card":"summary_large_image","twitter_misc":{"Written by":"Arturo \/ Fito Rodr\u00edguez Bornaetxea","Est. reading time":"8 minutes"},"schema":{"@context":"https:\/\/schema.org","@graph":[{"@type":"WebPage","@id":"https:\/\/a-desk.org\/en\/magazine\/split-and-explote-la-pantalla-es-un-campo-de-minas\/","url":"https:\/\/a-desk.org\/en\/magazine\/split-and-explote-la-pantalla-es-un-campo-de-minas\/","name":"Split and Explode. The Screen as Minefield &#8211; A*Desk","isPartOf":{"@id":"https:\/\/a-desk.org\/#website"},"primaryImageOfPage":{"@id":"https:\/\/a-desk.org\/en\/magazine\/split-and-explote-la-pantalla-es-un-campo-de-minas\/#primaryimage"},"image":{"@id":"https:\/\/a-desk.org\/en\/magazine\/split-and-explote-la-pantalla-es-un-campo-de-minas\/#primaryimage"},"thumbnailUrl":"https:\/\/a-desk.org\/wp-content\/uploads\/2021\/11\/4.-Video-is-TV-Muntadas2.jpg","datePublished":"2021-11-01T06:30:41+00:00","dateModified":"2023-07-09T12:45:00+00:00","author":{"@id":"https:\/\/a-desk.org\/#\/schema\/person\/81f06cafec6bd4b9525de29892c0d5c8"},"breadcrumb":{"@id":"https:\/\/a-desk.org\/en\/magazine\/split-and-explote-la-pantalla-es-un-campo-de-minas\/#breadcrumb"},"inLanguage":"en-US","potentialAction":[{"@type":"ReadAction","target":["https:\/\/a-desk.org\/en\/magazine\/split-and-explote-la-pantalla-es-un-campo-de-minas\/"]}]},{"@type":"ImageObject","inLanguage":"en-US","@id":"https:\/\/a-desk.org\/en\/magazine\/split-and-explote-la-pantalla-es-un-campo-de-minas\/#primaryimage","url":"https:\/\/a-desk.org\/wp-content\/uploads\/2021\/11\/4.-Video-is-TV-Muntadas2.jpg","contentUrl":"https:\/\/a-desk.org\/wp-content\/uploads\/2021\/11\/4.-Video-is-TV-Muntadas2.jpg","width":800,"height":1137},{"@type":"BreadcrumbList","@id":"https:\/\/a-desk.org\/en\/magazine\/split-and-explote-la-pantalla-es-un-campo-de-minas\/#breadcrumb","itemListElement":[{"@type":"ListItem","position":1,"name":"Portada","item":"https:\/\/a-desk.org\/en\/"},{"@type":"ListItem","position":2,"name":"Split and Explode. The Screen as Minefield"}]},{"@type":"WebSite","@id":"https:\/\/a-desk.org\/#website","url":"https:\/\/a-desk.org\/","name":"A*Desk","description":"A*Desk Critical Thinking","potentialAction":[{"@type":"SearchAction","target":{"@type":"EntryPoint","urlTemplate":"https:\/\/a-desk.org\/?s={search_term_string}"},"query-input":"required name=search_term_string"}],"inLanguage":"en-US"},{"@type":"Person","@id":"https:\/\/a-desk.org\/#\/schema\/person\/81f06cafec6bd4b9525de29892c0d5c8","name":"Arturo \/ Fito Rodr\u00edguez Bornaetxea","image":{"@type":"ImageObject","inLanguage":"en-US","@id":"https:\/\/a-desk.org\/#\/schema\/person\/image\/77ee224e8986aac290627c645606bd84","url":"https:\/\/secure.gravatar.com\/avatar\/71abd1d58de29e2d04ea9252a5240326?s=96&d=mm&r=g","contentUrl":"https:\/\/secure.gravatar.com\/avatar\/71abd1d58de29e2d04ea9252a5240326?s=96&d=mm&r=g","caption":"Arturo \/ Fito Rodr\u00edguez Bornaetxea"},"url":"https:\/\/a-desk.org\/en\/autor\/fito-rodriguez\/"}]}},"_links":{"self":[{"href":"https:\/\/a-desk.org\/en\/wp-json\/wp\/v2\/posts\/34197"}],"collection":[{"href":"https:\/\/a-desk.org\/en\/wp-json\/wp\/v2\/posts"}],"about":[{"href":"https:\/\/a-desk.org\/en\/wp-json\/wp\/v2\/types\/post"}],"author":[{"embeddable":true,"href":"https:\/\/a-desk.org\/en\/wp-json\/wp\/v2\/users\/2736"}],"replies":[{"embeddable":true,"href":"https:\/\/a-desk.org\/en\/wp-json\/wp\/v2\/comments?post=34197"}],"version-history":[{"count":12,"href":"https:\/\/a-desk.org\/en\/wp-json\/wp\/v2\/posts\/34197\/revisions"}],"predecessor-version":[{"id":34319,"href":"https:\/\/a-desk.org\/en\/wp-json\/wp\/v2\/posts\/34197\/revisions\/34319"}],"wp:featuredmedia":[{"embeddable":true,"href":"https:\/\/a-desk.org\/en\/wp-json\/wp\/v2\/media\/34188"}],"wp:attachment":[{"href":"https:\/\/a-desk.org\/en\/wp-json\/wp\/v2\/media?parent=34197"}],"wp:term":[{"taxonomy":"category","embeddable":true,"href":"https:\/\/a-desk.org\/en\/wp-json\/wp\/v2\/categories?post=34197"},{"taxonomy":"post_tag","embeddable":true,"href":"https:\/\/a-desk.org\/en\/wp-json\/wp\/v2\/tags?post=34197"},{"taxonomy":"author","embeddable":true,"href":"https:\/\/a-desk.org\/en\/wp-json\/wp\/v2\/coauthors?post=34197"}],"curies":[{"name":"wp","href":"https:\/\/api.w.org\/{rel}","templated":true}]}}