{"id":63311,"date":"2025-01-13T07:42:18","date_gmt":"2025-01-13T06:42:18","guid":{"rendered":"https:\/\/a-desk.org\/?p=63311"},"modified":"2026-04-14T14:25:57","modified_gmt":"2026-04-14T12:25:57","slug":"between-dystopia-and-contemplation","status":"publish","type":"post","link":"https:\/\/a-desk.org\/en\/magazine\/between-dystopia-and-contemplation\/","title":{"rendered":"Between Dystopia and Contemplation"},"content":{"rendered":"<p><strong><em>A conversation with Sabine Langen-Crasemann, Sandra von Halem, and Karla Zerressen about two decades of collection work at the Langen Foundation in Neuss (Germany), Ascona (Switzerland), and their ideological connections to Japan.<\/em><\/strong><\/p>\n<p>The collection of Viktor and Marianne Langen includes around 350 works of Japanese art from the 12th to the 20th century, including religious art, Jomon ceramics, masterpieces of the Kano school, and 19th-century genre painting. The Langens acquired their pieces directly from Japan, reflecting their appreciation for aesthetic and cultural authenticity. Today, the collection is continued by their daughter and granddaughters. On the occasion of its 20th anniversary, the exhibition <em>Three Generations \u2013 One Passion<\/em> was held, focusing on the intergenerational dialogue of the family in relation to art. In conversation with Sabine Langen-Crasemann, Sandra von Halem, and Karla Zerressen, Arts of the Working Class aims not only to shed light on the family values that shape the collection but also to raise the question of art\u2019s role as a tool for contemplation and societal reflection in today\u2019s world. We want to understand how the spirit of today\u2019s art world influences the collection and what it means to continue a collection across generations, especially in a time characterized by global upheavals and profound ethical questions.<\/p>\n<div id=\"attachment_63210\" style=\"width: 1010px\" class=\"wp-caption alignnone\"><img aria-describedby=\"caption-attachment-63210\" decoding=\"async\" class=\"wp-image-63210 size-full\" src=\"http:\/\/a-desk.org\/wp-content\/uploads\/2025\/01\/Langen-Foundation-Foto-Susanne-Diesner.jpeg\" alt=\"\" width=\"1000\" height=\"667\" srcset=\"https:\/\/a-desk.org\/wp-content\/uploads\/2025\/01\/Langen-Foundation-Foto-Susanne-Diesner.jpeg 1000w, https:\/\/a-desk.org\/wp-content\/uploads\/2025\/01\/Langen-Foundation-Foto-Susanne-Diesner-595x397.jpeg 595w, https:\/\/a-desk.org\/wp-content\/uploads\/2025\/01\/Langen-Foundation-Foto-Susanne-Diesner-768x512.jpeg 768w\" sizes=\"(max-width: 1000px) 100vw, 1000px\" \/><p id=\"caption-attachment-63210\" class=\"wp-caption-text\">Sabine Langen-Crasemann, Sandra von Halem &amp; Karla Zerressen. Photo: Susanne Diesner<\/p><\/div>\n<p><strong>Marianne Langen emphasized the importance of beauty over market value. How does this attitude shape your collection work today? Do you see similar approaches in the contemporary art scene?<br \/>\n<\/strong><strong>Karla Zerressen:<\/strong> Especially with the Japanese works, my grandparents didn\u2019t just collect for beauty, but also for completeness. My grandfather was deeply engaged with Japanese art and culture.<br \/>\n<strong>Sabine Langen-Crasemann:<\/strong> Beauty alone is not decisive. For example, my father placed great value on color compositions, which often led to disagreements with my mother, but the quality was as important to him as the historical and social value these works held. He developed a keen eye for art through many museum visits, but also through his work with people in Japan.<br \/>\n<strong>Sandra von Halem:<\/strong> When they started collecting Japanese art, these works didn\u2019t have much market value. Japanese dealers were willing to sell a lot back then. This has changed today, as there is a greater awareness of provenance.<\/p>\n<p><strong>How important is this ethical aspect to you compared to commercial acquisition methods today?<\/strong><br \/>\n<strong>KZ:<\/strong> In the 1950s and 60s, there was no international art market for Japanese art, yet my grandparents collected with great respect for Japanese culture.<br \/>\n<strong>SL-C:<\/strong> A few decades later, experts from Japan assessed our collection and were impressed by the quality. My parents knew how to recognize what was artistically and socially relevant.<\/p>\n<p><strong>Were there conversations in your family about art or specific works?<\/strong><br \/>\n<strong>SL-C:<\/strong> Art historical discussions were rare, but respect for the works was always present. It wasn\u2019t until experts visited that we fully realized the extent of the collection. For example, a 23-meter-long hanging scroll was only partially unrolled because of its size. Such pieces were often shown in the museum in Ascona.<\/p>\n<div id=\"attachment_63207\" style=\"width: 1010px\" class=\"wp-caption alignnone\"><img aria-describedby=\"caption-attachment-63207\" decoding=\"async\" class=\"wp-image-63207 size-full\" src=\"http:\/\/a-desk.org\/wp-content\/uploads\/2025\/01\/Langen-Foundation_J546_ATELIER-TAWARAYA-SOTATSU.jpg\" alt=\"\" width=\"1000\" height=\"387\" srcset=\"https:\/\/a-desk.org\/wp-content\/uploads\/2025\/01\/Langen-Foundation_J546_ATELIER-TAWARAYA-SOTATSU.jpg 1000w, https:\/\/a-desk.org\/wp-content\/uploads\/2025\/01\/Langen-Foundation_J546_ATELIER-TAWARAYA-SOTATSU-595x230.jpg 595w, https:\/\/a-desk.org\/wp-content\/uploads\/2025\/01\/Langen-Foundation_J546_ATELIER-TAWARAYA-SOTATSU-768x297.jpg 768w\" sizes=\"(max-width: 1000px) 100vw, 1000px\" \/><p id=\"caption-attachment-63207\" class=\"wp-caption-text\">TAWARAYA S\u00d4TATSU STUDIO, &#8220;Folding screen with painted fans&#8221;. Edo period, 17th century<\/p><\/div>\n<p><strong>And how has the collection influenced your work today?<\/strong><br \/>\n<strong>SL-C:<\/strong> My father was still heavily involved in the company when he began collecting Japanese art. Later, after selling the company, classical modernism became the focus. Japanese works were less present for a time, until the museum in Ascona opened. The building where the Japanese collection is shown became the central location for these works.<br \/>\n<strong>SvH:<\/strong> The contemporary art we collect today follows different premises.<\/p>\n<p><strong>What are they?<\/strong><br \/>\n<strong>KZ:<\/strong> There has always been a societal and ethical awareness. The Langen Foundation also reflects the trade relations between Japan and Germany, as well as the family\u2019s role in North Rhine-Westphalia.<\/p>\n<p><strong>With whom did you share this awareness?<\/strong><br \/>\n<strong>SvH:<\/strong> In the past, societal conversations took place in small circles. Topics like economic change, labor struggles, the D\u00fcsseldorf Art Academy, the student movement, the environmental movement, and political crises were important, but it wasn\u2019t until the opening of the Langen Foundation 20 years ago that the collection became public and our societal responsibility became tangible. Even though we don\u2019t have comprehensive expertise in Japanese art, we were always aware that we had brought something special into this context. One of the oldest paper scrolls we own is kept in a small wooden container and was transported from village to village back then.<br \/>\n<strong>SL-C:<\/strong> My mother wanted to present Japanese art in Germany because it was rarely shown here. She was particularly focused on the appreciation for craftsmanship and minimal drawings. At the same time, my father wanted to gift the collection to Monte Verit\u00e0 in Ascona. He also drew parallels between Japanese and European spirituality in the art and wrote a book about 1000 years of Japanese art.<\/p>\n<p><strong><em>&#8220;Many arrive stressed, but when they enter the house, they find peace.&#8221;<\/em><\/strong><\/p>\n<div id=\"attachment_63204\" style=\"width: 1010px\" class=\"wp-caption alignnone\"><img aria-describedby=\"caption-attachment-63204\" decoding=\"async\" class=\"wp-image-63204 size-full\" src=\"http:\/\/a-desk.org\/wp-content\/uploads\/2025\/01\/Langen-Foundation_J505_YAMAGATA-SOSHIN.jpg\" alt=\"\" width=\"1000\" height=\"369\" srcset=\"https:\/\/a-desk.org\/wp-content\/uploads\/2025\/01\/Langen-Foundation_J505_YAMAGATA-SOSHIN.jpg 1000w, https:\/\/a-desk.org\/wp-content\/uploads\/2025\/01\/Langen-Foundation_J505_YAMAGATA-SOSHIN-595x220.jpg 595w, https:\/\/a-desk.org\/wp-content\/uploads\/2025\/01\/Langen-Foundation_J505_YAMAGATA-SOSHIN-768x283.jpg 768w\" sizes=\"(max-width: 1000px) 100vw, 1000px\" \/><p id=\"caption-attachment-63204\" class=\"wp-caption-text\">YAMAGATA S\u00d4SHIN (1818-1862), &#8220;Procession of insects as feudal lords&#8221;. Edo period, first half of 17th century<\/p><\/div>\n<p><strong>Monte Verit\u00e0 was also meant to be a place where the collection should reside, which highlights the connection between architecture, art, and spirituality. Do you see parallels between the minimalist aesthetic visible in Tadao Ando\u2019s architecture and the works in your collection over the decades?<\/strong><br \/>\n<strong>KZ:<\/strong> I think my grandmother fell in love with Ando\u2019s design for this reason. It\u2019s not just the exterior of the building but also the idea behind it. Ando wanted the path to the building to be part of the experience, a kind of separation from the outside world. You leave your daily worries behind and enter the building with a clear mind. You can see this with the visitors as well. Many arrive stressed, but when they enter the house, they find peace. The space and environment practically demand this tranquility. It works very well \u2013 also with the Japanese art and contemporary works like Troika, a group of artists currently presenting a major exhibition at the Langen Foundation.<br \/>\n<strong>SvH:<\/strong> My grandfather would have liked the current Troika exhibition because it deals with new technologies and contemporary issues. There\u2019s a post-capitalist critique that is felt in the exhibition. It has something dystopian, but also contemplative. Particularly the room downstairs with the water and minimalist staging. Not much happens, but the effect is incredible. It\u2019s like in Shintoism, which is deeply connected to nature. How could a postmodern interpretation of the Shinto-inspired works in your collection contribute to the current societal debate?<br \/>\n<strong>SvH:<\/strong> The peace and reflection opportunity is something many visitors appreciate at the Langen Foundation. They see the Japanese collection and recognize the connection to contemporary works. It keeps drawing visitors back because they feel these connections.<br \/>\n<strong>KZ:<\/strong> There are many connections between Japanese and European art. The influence of Japanese painting on European artists is well documented. What fascinates me most about Japanese culture is that despite the early Chinese influence through Buddhism, Shintoism was never displaced. There was a transformation in spirituality, but Shintoism remained at the core of Japanese culture and is strongly connected to nature. This is also reflected in Ando\u2019s work, even if his work is perhaps more influenced by ecological and architectural debates. This postmodern interpretation is also visible in our collection and the current exhibition.<\/p>\n<p><strong>Can you tell us more about your connection to ecological debates, which are very present in the Troika exhibition?<\/strong><br \/>\n<strong>KZ:<\/strong> These are topics that were also the focus of the Julien Charri\u00e8re exhibition and are now being revisited with Troika. It\u2019s about how humanity destroys its habitat and nature, and thus itself. Both exhibitions address these issues in a subtle, aesthetically pleasing way. When you watch the video where the last tree on Earth is felled, the drama of this destruction becomes very clear \u2013 without being preachy. It\u2019s about sharing an awareness of our time of crisis with visitors without making them feel guilty, but simply pointing out what is happening in the world. This place was particularly important for Ando because he valued closeness to nature. This appreciation comes from the Hombroich island, where art and nature are closely connected. My mother\u2019s house, which my grandparents built, is also situated in a beautiful landscape. My connection to nature is deeply rooted, also through my children, who make me think about their future.<br \/>\n<strong>SL-C:<\/strong> You can\u2019t close your eyes to these topics nowadays. In art, we often show these issues subtly. The images of storms by Troika are beautiful, romantic, but they point to the destruction of nature. It\u2019s important to start these discussions, but without a raised finger. Art can raise awareness of problems without lecturing.<br \/>\n<strong>KZ:<\/strong> We don\u2019t have great inhibitions, so visitors are confronted with topics that may not be pleasant, but they think about them. We are a private exhibition space, which means we make many decisions from the heart. This gives us freedoms that other institutions might not have.<br \/>\n<strong>SvH:<\/strong> For the exhibition on our 20th anniversary, we also showed what was happening in different cultures at the same time. Visitors could see how art from Japan, India, or Oceania developed alongside European art. We enjoy living with these windows to other ways of life.<\/p>\n<p><strong>How would you summarize the contribution of the collection to the reflection on social hierarchies and structures?<\/strong><br \/>\n<strong>SL-C:<\/strong> Art is important for the well-being of people, especially in these difficult times. If our visitors feel this and leave with a sense of renewal, we have achieved our goal.<br \/>\n<strong>KZ:<\/strong> Everyone should feel welcome here, regardless of age, gender, or financial background. We want to be a place of diversity and reflection for all.<br \/>\n<strong>SvH:<\/strong> In a perfect world, we could probably do even more. But for what we\u2019ve created here, I\u2019m very grateful to my family.<\/p>\n<div id=\"attachment_63201\" style=\"width: 1010px\" class=\"wp-caption alignnone\"><img aria-describedby=\"caption-attachment-63201\" decoding=\"async\" class=\"wp-image-63201 size-full\" src=\"http:\/\/a-desk.org\/wp-content\/uploads\/2025\/01\/Langen-Foundation_J505_NISHIMURA-SHIGENAGA.jpg\" alt=\"\" width=\"1000\" height=\"1618\" srcset=\"https:\/\/a-desk.org\/wp-content\/uploads\/2025\/01\/Langen-Foundation_J505_NISHIMURA-SHIGENAGA.jpg 1000w, https:\/\/a-desk.org\/wp-content\/uploads\/2025\/01\/Langen-Foundation_J505_NISHIMURA-SHIGENAGA-247x400.jpg 247w, https:\/\/a-desk.org\/wp-content\/uploads\/2025\/01\/Langen-Foundation_J505_NISHIMURA-SHIGENAGA-768x1243.jpg 768w, https:\/\/a-desk.org\/wp-content\/uploads\/2025\/01\/Langen-Foundation_J505_NISHIMURA-SHIGENAGA-949x1536.jpg 949w\" sizes=\"(max-width: 1000px) 100vw, 1000px\" \/><p id=\"caption-attachment-63201\" class=\"wp-caption-text\">NISHIMURA SHIGENAGA (m. 1756), &#8220;Death of the historical Buddha (nehan-zu; sanskr. Parinirv\u00e2na)&#8221;. Edo, period 18th century<\/p><\/div>\n<p>(Cover image: K\u00d4 S\u00dbKOKU (1730-1804), &#8220;Two acrobats and their rider.&#8221; Edo period, mid 18th century. All the images courtesy &amp; \u00a9: Sammlung Viktor &amp; Marianne Langen)<\/p>\n","protected":false},"excerpt":{"rendered":"<p>A conversation with Sabine Langen-Crasemann, Sandra von Halem, and Karla Zerressen about two decades of collection work at the Langen Foundation in Neuss (Germany), Ascona (Switzerland), and their ideological connections&#8230;<\/p>\n","protected":false},"author":2900,"featured_media":63200,"comment_status":"closed","ping_status":"closed","sticky":false,"template":"","format":"standard","meta":{"_relevanssi_hide_post":"","_relevanssi_hide_content":"","_relevanssi_pin_for_all":"","_relevanssi_pin_keywords":"","_relevanssi_unpin_keywords":"","_relevanssi_related_keywords":"","_relevanssi_related_include_ids":"","_relevanssi_related_exclude_ids":"","_relevanssi_related_no_append":"","_relevanssi_related_not_related":"","_relevanssi_related_posts":"","_relevanssi_noindex_reason":"","footnotes":""},"categories":[7006],"tags":[8843,8842,8844,8845],"coauthors":[7010],"acf":[],"yoast_head":"<!-- This site is optimized with the Yoast SEO plugin v22.6 - https:\/\/yoast.com\/wordpress\/plugins\/seo\/ -->\n<title>Langen Foundation - Between Dystopia and Contemplation<\/title>\n<meta name=\"description\" content=\"An Interview with Sabine Langen-Crasemann, Sandra von Halem, and Karla Zerressen, Two Decades of Collection Work at the Langen Foundation\" \/>\n<meta name=\"robots\" content=\"index, follow, max-snippet:-1, max-image-preview:large, max-video-preview:-1\" \/>\n<link rel=\"canonical\" href=\"https:\/\/a-desk.org\/en\/magazine\/between-dystopia-and-contemplation\/\" \/>\n<meta property=\"og:locale\" content=\"en_US\" \/>\n<meta property=\"og:type\" content=\"article\" \/>\n<meta property=\"og:title\" content=\"Langen Foundation - Between Dystopia and Contemplation\" \/>\n<meta property=\"og:description\" content=\"An Interview with Sabine Langen-Crasemann, Sandra von Halem, and Karla Zerressen, Two Decades of Collection Work at the Langen Foundation\" \/>\n<meta property=\"og:url\" content=\"https:\/\/a-desk.org\/en\/magazine\/between-dystopia-and-contemplation\/\" \/>\n<meta property=\"og:site_name\" content=\"A*Desk\" \/>\n<meta property=\"article:published_time\" content=\"2025-01-13T06:42:18+00:00\" \/>\n<meta property=\"article:modified_time\" content=\"2026-04-14T12:25:57+00:00\" \/>\n<meta property=\"og:image\" content=\"http:\/\/a-desk.org\/wp-content\/uploads\/2025\/01\/Langen-Foundation_J172_KO-SUKOKU.jpg\" \/>\n\t<meta property=\"og:image:width\" content=\"1000\" \/>\n\t<meta property=\"og:image:height\" content=\"670\" \/>\n\t<meta property=\"og:image:type\" content=\"image\/jpeg\" \/>\n<meta name=\"author\" content=\"Mar\u00eda In\u00e9s Plaza Lazo\" \/>\n<meta name=\"twitter:card\" content=\"summary_large_image\" \/>\n<meta name=\"twitter:label1\" content=\"Written by\" \/>\n\t<meta name=\"twitter:data1\" content=\"Mar\u00eda In\u00e9s Plaza Lazo\" \/>\n\t<meta name=\"twitter:label2\" content=\"Est. reading time\" \/>\n\t<meta name=\"twitter:data2\" content=\"9 minutes\" \/>\n<script type=\"application\/ld+json\" class=\"yoast-schema-graph\">{\"@context\":\"https:\/\/schema.org\",\"@graph\":[{\"@type\":\"WebPage\",\"@id\":\"https:\/\/a-desk.org\/en\/magazine\/between-dystopia-and-contemplation\/\",\"url\":\"https:\/\/a-desk.org\/en\/magazine\/between-dystopia-and-contemplation\/\",\"name\":\"Langen Foundation - Between Dystopia and Contemplation\",\"isPartOf\":{\"@id\":\"https:\/\/a-desk.org\/#website\"},\"primaryImageOfPage\":{\"@id\":\"https:\/\/a-desk.org\/en\/magazine\/between-dystopia-and-contemplation\/#primaryimage\"},\"image\":{\"@id\":\"https:\/\/a-desk.org\/en\/magazine\/between-dystopia-and-contemplation\/#primaryimage\"},\"thumbnailUrl\":\"https:\/\/a-desk.org\/wp-content\/uploads\/2025\/01\/Langen-Foundation_J172_KO-SUKOKU.jpg\",\"datePublished\":\"2025-01-13T06:42:18+00:00\",\"dateModified\":\"2026-04-14T12:25:57+00:00\",\"author\":{\"@id\":\"https:\/\/a-desk.org\/#\/schema\/person\/bba1208ada7bbafe7f38658557426196\"},\"description\":\"An Interview with Sabine Langen-Crasemann, Sandra von Halem, and Karla Zerressen, Two Decades of Collection Work at the Langen Foundation\",\"breadcrumb\":{\"@id\":\"https:\/\/a-desk.org\/en\/magazine\/between-dystopia-and-contemplation\/#breadcrumb\"},\"inLanguage\":\"en-US\",\"potentialAction\":[{\"@type\":\"ReadAction\",\"target\":[\"https:\/\/a-desk.org\/en\/magazine\/between-dystopia-and-contemplation\/\"]}]},{\"@type\":\"ImageObject\",\"inLanguage\":\"en-US\",\"@id\":\"https:\/\/a-desk.org\/en\/magazine\/between-dystopia-and-contemplation\/#primaryimage\",\"url\":\"https:\/\/a-desk.org\/wp-content\/uploads\/2025\/01\/Langen-Foundation_J172_KO-SUKOKU.jpg\",\"contentUrl\":\"https:\/\/a-desk.org\/wp-content\/uploads\/2025\/01\/Langen-Foundation_J172_KO-SUKOKU.jpg\",\"width\":1000,\"height\":670,\"caption\":\"Langen\"},{\"@type\":\"BreadcrumbList\",\"@id\":\"https:\/\/a-desk.org\/en\/magazine\/between-dystopia-and-contemplation\/#breadcrumb\",\"itemListElement\":[{\"@type\":\"ListItem\",\"position\":1,\"name\":\"Portada\",\"item\":\"https:\/\/a-desk.org\/en\/\"},{\"@type\":\"ListItem\",\"position\":2,\"name\":\"Between Dystopia and Contemplation\"}]},{\"@type\":\"WebSite\",\"@id\":\"https:\/\/a-desk.org\/#website\",\"url\":\"https:\/\/a-desk.org\/\",\"name\":\"A*Desk\",\"description\":\"A*Desk Critical Thinking\",\"potentialAction\":[{\"@type\":\"SearchAction\",\"target\":{\"@type\":\"EntryPoint\",\"urlTemplate\":\"https:\/\/a-desk.org\/?s={search_term_string}\"},\"query-input\":\"required name=search_term_string\"}],\"inLanguage\":\"en-US\"},{\"@type\":\"Person\",\"@id\":\"https:\/\/a-desk.org\/#\/schema\/person\/bba1208ada7bbafe7f38658557426196\",\"name\":\"Mar\u00eda In\u00e9s Plaza Lazo\",\"image\":{\"@type\":\"ImageObject\",\"inLanguage\":\"en-US\",\"@id\":\"https:\/\/a-desk.org\/#\/schema\/person\/image\/8ad066ecb37635e4f14e3797a4f0b091\",\"url\":\"https:\/\/secure.gravatar.com\/avatar\/87ec10674b9259895b26b062d31f8a95?s=96&d=mm&r=g\",\"contentUrl\":\"https:\/\/secure.gravatar.com\/avatar\/87ec10674b9259895b26b062d31f8a95?s=96&d=mm&r=g\",\"caption\":\"Mar\u00eda In\u00e9s Plaza Lazo\"},\"url\":\"https:\/\/a-desk.org\/en\/autor\/maria-ines-plaza-lazo\/\"}]}<\/script>\n<!-- \/ Yoast SEO plugin. -->","yoast_head_json":{"title":"Langen Foundation - Between Dystopia and Contemplation","description":"An Interview with Sabine Langen-Crasemann, Sandra von Halem, and Karla Zerressen, Two Decades of Collection Work at the Langen Foundation","robots":{"index":"index","follow":"follow","max-snippet":"max-snippet:-1","max-image-preview":"max-image-preview:large","max-video-preview":"max-video-preview:-1"},"canonical":"https:\/\/a-desk.org\/en\/magazine\/between-dystopia-and-contemplation\/","og_locale":"en_US","og_type":"article","og_title":"Langen Foundation - Between Dystopia and Contemplation","og_description":"An Interview with Sabine Langen-Crasemann, Sandra von Halem, and Karla Zerressen, Two Decades of Collection Work at the Langen Foundation","og_url":"https:\/\/a-desk.org\/en\/magazine\/between-dystopia-and-contemplation\/","og_site_name":"A*Desk","article_published_time":"2025-01-13T06:42:18+00:00","article_modified_time":"2026-04-14T12:25:57+00:00","og_image":[{"width":1000,"height":670,"url":"http:\/\/a-desk.org\/wp-content\/uploads\/2025\/01\/Langen-Foundation_J172_KO-SUKOKU.jpg","type":"image\/jpeg"}],"author":"Mar\u00eda In\u00e9s Plaza Lazo","twitter_card":"summary_large_image","twitter_misc":{"Written by":"Mar\u00eda In\u00e9s Plaza Lazo","Est. reading time":"9 minutes"},"schema":{"@context":"https:\/\/schema.org","@graph":[{"@type":"WebPage","@id":"https:\/\/a-desk.org\/en\/magazine\/between-dystopia-and-contemplation\/","url":"https:\/\/a-desk.org\/en\/magazine\/between-dystopia-and-contemplation\/","name":"Langen Foundation - Between Dystopia and Contemplation","isPartOf":{"@id":"https:\/\/a-desk.org\/#website"},"primaryImageOfPage":{"@id":"https:\/\/a-desk.org\/en\/magazine\/between-dystopia-and-contemplation\/#primaryimage"},"image":{"@id":"https:\/\/a-desk.org\/en\/magazine\/between-dystopia-and-contemplation\/#primaryimage"},"thumbnailUrl":"https:\/\/a-desk.org\/wp-content\/uploads\/2025\/01\/Langen-Foundation_J172_KO-SUKOKU.jpg","datePublished":"2025-01-13T06:42:18+00:00","dateModified":"2026-04-14T12:25:57+00:00","author":{"@id":"https:\/\/a-desk.org\/#\/schema\/person\/bba1208ada7bbafe7f38658557426196"},"description":"An Interview with Sabine Langen-Crasemann, Sandra von Halem, and Karla Zerressen, Two Decades of Collection Work at the Langen Foundation","breadcrumb":{"@id":"https:\/\/a-desk.org\/en\/magazine\/between-dystopia-and-contemplation\/#breadcrumb"},"inLanguage":"en-US","potentialAction":[{"@type":"ReadAction","target":["https:\/\/a-desk.org\/en\/magazine\/between-dystopia-and-contemplation\/"]}]},{"@type":"ImageObject","inLanguage":"en-US","@id":"https:\/\/a-desk.org\/en\/magazine\/between-dystopia-and-contemplation\/#primaryimage","url":"https:\/\/a-desk.org\/wp-content\/uploads\/2025\/01\/Langen-Foundation_J172_KO-SUKOKU.jpg","contentUrl":"https:\/\/a-desk.org\/wp-content\/uploads\/2025\/01\/Langen-Foundation_J172_KO-SUKOKU.jpg","width":1000,"height":670,"caption":"Langen"},{"@type":"BreadcrumbList","@id":"https:\/\/a-desk.org\/en\/magazine\/between-dystopia-and-contemplation\/#breadcrumb","itemListElement":[{"@type":"ListItem","position":1,"name":"Portada","item":"https:\/\/a-desk.org\/en\/"},{"@type":"ListItem","position":2,"name":"Between Dystopia and Contemplation"}]},{"@type":"WebSite","@id":"https:\/\/a-desk.org\/#website","url":"https:\/\/a-desk.org\/","name":"A*Desk","description":"A*Desk Critical Thinking","potentialAction":[{"@type":"SearchAction","target":{"@type":"EntryPoint","urlTemplate":"https:\/\/a-desk.org\/?s={search_term_string}"},"query-input":"required name=search_term_string"}],"inLanguage":"en-US"},{"@type":"Person","@id":"https:\/\/a-desk.org\/#\/schema\/person\/bba1208ada7bbafe7f38658557426196","name":"Mar\u00eda In\u00e9s Plaza Lazo","image":{"@type":"ImageObject","inLanguage":"en-US","@id":"https:\/\/a-desk.org\/#\/schema\/person\/image\/8ad066ecb37635e4f14e3797a4f0b091","url":"https:\/\/secure.gravatar.com\/avatar\/87ec10674b9259895b26b062d31f8a95?s=96&d=mm&r=g","contentUrl":"https:\/\/secure.gravatar.com\/avatar\/87ec10674b9259895b26b062d31f8a95?s=96&d=mm&r=g","caption":"Mar\u00eda In\u00e9s Plaza Lazo"},"url":"https:\/\/a-desk.org\/en\/autor\/maria-ines-plaza-lazo\/"}]}},"_links":{"self":[{"href":"https:\/\/a-desk.org\/en\/wp-json\/wp\/v2\/posts\/63311"}],"collection":[{"href":"https:\/\/a-desk.org\/en\/wp-json\/wp\/v2\/posts"}],"about":[{"href":"https:\/\/a-desk.org\/en\/wp-json\/wp\/v2\/types\/post"}],"author":[{"embeddable":true,"href":"https:\/\/a-desk.org\/en\/wp-json\/wp\/v2\/users\/2900"}],"replies":[{"embeddable":true,"href":"https:\/\/a-desk.org\/en\/wp-json\/wp\/v2\/comments?post=63311"}],"version-history":[{"count":4,"href":"https:\/\/a-desk.org\/en\/wp-json\/wp\/v2\/posts\/63311\/revisions"}],"predecessor-version":[{"id":63473,"href":"https:\/\/a-desk.org\/en\/wp-json\/wp\/v2\/posts\/63311\/revisions\/63473"}],"wp:featuredmedia":[{"embeddable":true,"href":"https:\/\/a-desk.org\/en\/wp-json\/wp\/v2\/media\/63200"}],"wp:attachment":[{"href":"https:\/\/a-desk.org\/en\/wp-json\/wp\/v2\/media?parent=63311"}],"wp:term":[{"taxonomy":"category","embeddable":true,"href":"https:\/\/a-desk.org\/en\/wp-json\/wp\/v2\/categories?post=63311"},{"taxonomy":"post_tag","embeddable":true,"href":"https:\/\/a-desk.org\/en\/wp-json\/wp\/v2\/tags?post=63311"},{"taxonomy":"author","embeddable":true,"href":"https:\/\/a-desk.org\/en\/wp-json\/wp\/v2\/coauthors?post=63311"}],"curies":[{"name":"wp","href":"https:\/\/api.w.org\/{rel}","templated":true}]}}