{"id":7742,"date":"2013-05-16T07:11:00","date_gmt":"2013-05-16T07:11:00","guid":{"rendered":"http:\/\/a-desk.org\/2013\/05\/16\/a-citizens-session-in-la-capella\/"},"modified":"2013-05-16T07:11:00","modified_gmt":"2013-05-16T07:11:00","slug":"a-citizens-session-in-la-capella","status":"publish","type":"post","link":"https:\/\/a-desk.org\/en\/magazine\/a-citizens-session-in-la-capella\/","title":{"rendered":"A citizens&#8217; session in La Capella and a figure: 15.518"},"content":{"rendered":"<p><img decoding=\"async\" class=\" alignleft size-full wp-image-7730\" src=\"http:\/\/a-desk.org\/wp-content\/uploads\/2013\/05\/2-2.jpg\" alt=\"Jornada Ciudadana \/N.N 15.518\" align=\"left\" width=\"670\" height=\"378\" srcset=\"https:\/\/a-desk.org\/wp-content\/uploads\/2013\/05\/2-2.jpg 670w, https:\/\/a-desk.org\/wp-content\/uploads\/2013\/05\/2-2-595x336.jpg 595w\" sizes=\"(max-width: 670px) 100vw, 670px\" \/><br \/>\nLast Saturday 11 May a  <a href=\"http:\/\/lacapella.bcn.cat\/sites\/default\/files\/pdf\/pub_jornadas_cat_ok_1.jpg\">a citizens&#8217; session <\/a>. was called in La Capella, Barcelona. The posters advertising it figured some well-known names from the social movements: David Fern\u00e1ndez, Ada Colau, Arcadi Oliveres and Jorge Lu\u00eds Marzo, amongst others. Aside from a general interest in the sessions, I imagine that whoever went there did so with a definite intention, to deal with a specific subject. To listen to talk of education, health, culture, workers rights or housing.<\/p>\n<p>In my case, my principal interest was in seeing what was said (once again) about culture: mapping out the political and economic interests behind the closure of programmes and centres; pointing to new possible strategies&#8230; In short talking about the sad, wounded animal that is culture in our country. Talking in general about our problems, our daily lives, the rights gained after long battles that we don\u2019t want to lose, and calling for those still pending. <\/p>\n<p>But these sessions didn\u2019t talk about our problems. This afternoon those of others were discussed, the unknown, those without a name. Alternating, David Fern\u00e1ndez; Andr\u00e9s G. Berrio; Marcelo Exp\u00f3sito; Arcadi Oliveres; Ada Colau; Jaume Asens; Jorge Lu\u00eds Marzo and Veronika Arauzo took it in turns, each after a short introduction, to begin to read part of a list. <\/p>\n<p>In a neutral and methodical manner, each one of the speakers read out a series of data that referred to people who have disappeared or died at the frontiers of Europe. The reading was cold and objective, the information always being given in the same order: date, number of bodies, country of origin, name and cause of death. There were 15.518 people without a name, registered as N.N (no name), dead at the doors of our society of welfare state in decline. <\/p>\n<p>As time passed and the enumeration of data continued, many people amongst those attending began to fret.  Some left before it ended. At the door, two girls handed out a huge poster with the same list of 15.518 N.N that was being read out in the space. A poster to take away, a memory of what doesn\u2019t want to be seen or known: the anonymous corpses that pile up at our frontiers. There were people who felt cheated, offended. As if they\u2019d been promised a show with \u2018rock stars\u2019 of the social movements, interesting discussions for committed citizens, the day to day social reality and all very well explained. Deception, on discovering, that the speakers only dedicated themselves to reading a list. I had also gone to see what they talked about in these sessions, hoping that Jorge Lu\u00eds Marzo would say some interesting things. But this day it was the turn of \u201csod the public\u2019\u2019. After a while I realised that I wouldn\u2019t have to write an article about the dismantling of culture and degradation of art. Here what was taking place was an <a href=\"http:\/\/nn15518.eu\/\">art project <\/a> by Daniela Ortiz and Xos\u00e9 Quiroga.<\/p>\n<p>N.N were also the initials of \u201c<em>Nacht und Nebel<\/em>\u201d (Night and fog), a decree of the Third Reich that consisted in programmes for making prisoners of war, and in general suspicious people from occupied countries, \u201cdisappear\u201d.  <\/p>\n<p>Power today also acts by night: through thick smoke screens, hidden and without a head to decapitate. And it also murders, smuggles, liquidates and erases facts and people, leaving no traces or clues. There are no official data for how many people die trying to cross the frontiers. The figures gathered for this project, were facilitated by the British NGO <em>United against racism<\/em>, based on the scant police reports and press releases that can be found.  <\/p>\n<p>The deaths at the frontiers don\u2019t count, because frontiers are not places and the bodies drowned in the sea crossing in dinghies don\u2019t have a name. As they aren&#8217;t anybody they aren\u2019t visible, their struggle isn\u2019t ours and their rights don\u2019t form part of our rhetoric or those of the social movements. <\/p>\n<p>I\u2019m not aiming to fall into the easy discourse of saying, that given there is always someone much worse off, to worry about the closure of an art centre is a bourgeois pastime, or that questions such as feminism are a sport for the rich. But it is worth reflecting on what we call the welfare society; what rights we refuse to lose and which are still to be claimed. Even more so now that everything is so obscenely explicit and we know that we also don\u2019t count for those who run this whole set-up. For the vultures that govern us we are also N.N, just figures and statistics worth nothing more than to feed a crazed monster.<\/p>\n<p>Maybe what is still pending are these and other political alliances with those who are really outwith the system, those who embody otherness with their own body and life.  To be in this crap system and not see that the oppression of others is also our own, is like being the employee of a hotel and thinking you own it. <\/p>\n<p><em>The project N.N 15.518, by Daniela Ortiz and Xos\u00e9 Quiroga can be seen in <a href=\"http:\/\/lacapella.bcn.cat\/es\/exposicions\/nn-15518\">La Capella as of this afternoon <\/a>.<\/em><\/p>\n","protected":false},"excerpt":{"rendered":"<p>Last Saturday 11 May a a citizens&#8217; session . was called in La Capella, Barcelona. The posters advertising it figured some well-known names from the social movements: David Fern\u00e1ndez, Ada&#8230;<\/p>\n","protected":false},"author":1275,"featured_media":7730,"comment_status":"open","ping_status":"open","sticky":false,"template":"","format":"standard","meta":{"_relevanssi_hide_post":"","_relevanssi_hide_content":"","_relevanssi_pin_for_all":"","_relevanssi_pin_keywords":"","_relevanssi_unpin_keywords":"","_relevanssi_related_keywords":"","_relevanssi_related_include_ids":"","_relevanssi_related_exclude_ids":"","_relevanssi_related_no_append":"","_relevanssi_related_not_related":"","_relevanssi_related_posts":"","_relevanssi_noindex_reason":"","footnotes":""},"categories":[6783],"tags":[],"coauthors":[],"acf":[],"yoast_head":"<!-- This site is optimized with the Yoast SEO plugin v22.6 - https:\/\/yoast.com\/wordpress\/plugins\/seo\/ -->\n<title>A citizens&#039; session in La Capella and a figure: 15.518 &#8211; A*Desk<\/title>\n<meta name=\"robots\" content=\"index, follow, max-snippet:-1, max-image-preview:large, max-video-preview:-1\" \/>\n<link rel=\"canonical\" href=\"https:\/\/a-desk.org\/en\/magazine\/a-citizens-session-in-la-capella\/\" \/>\n<meta property=\"og:locale\" content=\"en_US\" \/>\n<meta property=\"og:type\" content=\"article\" \/>\n<meta property=\"og:title\" content=\"A citizens&#039; session in La Capella and a figure: 15.518 &#8211; A*Desk\" \/>\n<meta property=\"og:description\" content=\"Last Saturday 11 May a a citizens&#8217; session . was called in La Capella, Barcelona. The posters advertising it figured some well-known names from the social movements: David Fern\u00e1ndez, Ada...\" \/>\n<meta property=\"og:url\" content=\"https:\/\/a-desk.org\/en\/magazine\/a-citizens-session-in-la-capella\/\" \/>\n<meta property=\"og:site_name\" content=\"A*Desk\" \/>\n<meta property=\"article:published_time\" content=\"2013-05-16T07:11:00+00:00\" \/>\n<meta property=\"og:image\" content=\"https:\/\/a-desk.org\/wp-content\/uploads\/2013\/05\/2-2.jpg\" \/>\n\t<meta property=\"og:image:width\" content=\"670\" \/>\n\t<meta property=\"og:image:height\" content=\"378\" \/>\n\t<meta property=\"og:image:type\" content=\"image\/jpeg\" \/>\n<meta name=\"author\" content=\"Irina Mutt\" \/>\n<meta name=\"twitter:card\" content=\"summary_large_image\" \/>\n<meta name=\"twitter:label1\" content=\"Written by\" \/>\n\t<meta name=\"twitter:data1\" content=\"Irina Mutt\" \/>\n\t<meta name=\"twitter:label2\" content=\"Est. reading time\" \/>\n\t<meta name=\"twitter:data2\" content=\"4 minutes\" \/>\n<script type=\"application\/ld+json\" class=\"yoast-schema-graph\">{\"@context\":\"https:\/\/schema.org\",\"@graph\":[{\"@type\":\"WebPage\",\"@id\":\"https:\/\/a-desk.org\/en\/magazine\/a-citizens-session-in-la-capella\/\",\"url\":\"https:\/\/a-desk.org\/en\/magazine\/a-citizens-session-in-la-capella\/\",\"name\":\"A citizens' session in La Capella and a figure: 15.518 &#8211; A*Desk\",\"isPartOf\":{\"@id\":\"https:\/\/a-desk.org\/#website\"},\"primaryImageOfPage\":{\"@id\":\"https:\/\/a-desk.org\/en\/magazine\/a-citizens-session-in-la-capella\/#primaryimage\"},\"image\":{\"@id\":\"https:\/\/a-desk.org\/en\/magazine\/a-citizens-session-in-la-capella\/#primaryimage\"},\"thumbnailUrl\":\"https:\/\/a-desk.org\/wp-content\/uploads\/2013\/05\/2-2.jpg\",\"datePublished\":\"2013-05-16T07:11:00+00:00\",\"dateModified\":\"2013-05-16T07:11:00+00:00\",\"author\":{\"@id\":\"https:\/\/a-desk.org\/#\/schema\/person\/79a559a6d79eecb48056031c713624f7\"},\"breadcrumb\":{\"@id\":\"https:\/\/a-desk.org\/en\/magazine\/a-citizens-session-in-la-capella\/#breadcrumb\"},\"inLanguage\":\"en-US\",\"potentialAction\":[{\"@type\":\"ReadAction\",\"target\":[\"https:\/\/a-desk.org\/en\/magazine\/a-citizens-session-in-la-capella\/\"]}]},{\"@type\":\"ImageObject\",\"inLanguage\":\"en-US\",\"@id\":\"https:\/\/a-desk.org\/en\/magazine\/a-citizens-session-in-la-capella\/#primaryimage\",\"url\":\"https:\/\/a-desk.org\/wp-content\/uploads\/2013\/05\/2-2.jpg\",\"contentUrl\":\"https:\/\/a-desk.org\/wp-content\/uploads\/2013\/05\/2-2.jpg\",\"width\":670,\"height\":378,\"caption\":\"Jornada Ciudadana \/N.N 15.518\"},{\"@type\":\"BreadcrumbList\",\"@id\":\"https:\/\/a-desk.org\/en\/magazine\/a-citizens-session-in-la-capella\/#breadcrumb\",\"itemListElement\":[{\"@type\":\"ListItem\",\"position\":1,\"name\":\"Portada\",\"item\":\"https:\/\/a-desk.org\/en\/\"},{\"@type\":\"ListItem\",\"position\":2,\"name\":\"A citizens&#8217; session in La Capella and a figure: 15.518\"}]},{\"@type\":\"WebSite\",\"@id\":\"https:\/\/a-desk.org\/#website\",\"url\":\"https:\/\/a-desk.org\/\",\"name\":\"A*Desk\",\"description\":\"A*Desk Critical Thinking\",\"potentialAction\":[{\"@type\":\"SearchAction\",\"target\":{\"@type\":\"EntryPoint\",\"urlTemplate\":\"https:\/\/a-desk.org\/?s={search_term_string}\"},\"query-input\":\"required name=search_term_string\"}],\"inLanguage\":\"en-US\"},{\"@type\":\"Person\",\"@id\":\"https:\/\/a-desk.org\/#\/schema\/person\/79a559a6d79eecb48056031c713624f7\",\"name\":\"Irina Mutt\",\"image\":{\"@type\":\"ImageObject\",\"inLanguage\":\"en-US\",\"@id\":\"https:\/\/a-desk.org\/#\/schema\/person\/image\/cf68410699ce4fcf4aa64643ab5f6760\",\"url\":\"https:\/\/secure.gravatar.com\/avatar\/1ff2127258997692b2544432120d5d01?s=96&d=mm&r=g\",\"contentUrl\":\"https:\/\/secure.gravatar.com\/avatar\/1ff2127258997692b2544432120d5d01?s=96&d=mm&r=g\",\"caption\":\"Irina Mutt\"},\"description\":\"Sigue citando a Annie Sprinkle.\",\"url\":\"https:\/\/a-desk.org\/en\/autor\/mutt\/\"}]}<\/script>\n<!-- \/ Yoast SEO plugin. -->","yoast_head_json":{"title":"A citizens' session in La Capella and a figure: 15.518 &#8211; A*Desk","robots":{"index":"index","follow":"follow","max-snippet":"max-snippet:-1","max-image-preview":"max-image-preview:large","max-video-preview":"max-video-preview:-1"},"canonical":"https:\/\/a-desk.org\/en\/magazine\/a-citizens-session-in-la-capella\/","og_locale":"en_US","og_type":"article","og_title":"A citizens' session in La Capella and a figure: 15.518 &#8211; A*Desk","og_description":"Last Saturday 11 May a a citizens&#8217; session . was called in La Capella, Barcelona. The posters advertising it figured some well-known names from the social movements: David Fern\u00e1ndez, Ada...","og_url":"https:\/\/a-desk.org\/en\/magazine\/a-citizens-session-in-la-capella\/","og_site_name":"A*Desk","article_published_time":"2013-05-16T07:11:00+00:00","og_image":[{"width":670,"height":378,"url":"https:\/\/a-desk.org\/wp-content\/uploads\/2013\/05\/2-2.jpg","type":"image\/jpeg"}],"author":"Irina Mutt","twitter_card":"summary_large_image","twitter_misc":{"Written by":"Irina Mutt","Est. reading time":"4 minutes"},"schema":{"@context":"https:\/\/schema.org","@graph":[{"@type":"WebPage","@id":"https:\/\/a-desk.org\/en\/magazine\/a-citizens-session-in-la-capella\/","url":"https:\/\/a-desk.org\/en\/magazine\/a-citizens-session-in-la-capella\/","name":"A citizens' session in La Capella and a figure: 15.518 &#8211; A*Desk","isPartOf":{"@id":"https:\/\/a-desk.org\/#website"},"primaryImageOfPage":{"@id":"https:\/\/a-desk.org\/en\/magazine\/a-citizens-session-in-la-capella\/#primaryimage"},"image":{"@id":"https:\/\/a-desk.org\/en\/magazine\/a-citizens-session-in-la-capella\/#primaryimage"},"thumbnailUrl":"https:\/\/a-desk.org\/wp-content\/uploads\/2013\/05\/2-2.jpg","datePublished":"2013-05-16T07:11:00+00:00","dateModified":"2013-05-16T07:11:00+00:00","author":{"@id":"https:\/\/a-desk.org\/#\/schema\/person\/79a559a6d79eecb48056031c713624f7"},"breadcrumb":{"@id":"https:\/\/a-desk.org\/en\/magazine\/a-citizens-session-in-la-capella\/#breadcrumb"},"inLanguage":"en-US","potentialAction":[{"@type":"ReadAction","target":["https:\/\/a-desk.org\/en\/magazine\/a-citizens-session-in-la-capella\/"]}]},{"@type":"ImageObject","inLanguage":"en-US","@id":"https:\/\/a-desk.org\/en\/magazine\/a-citizens-session-in-la-capella\/#primaryimage","url":"https:\/\/a-desk.org\/wp-content\/uploads\/2013\/05\/2-2.jpg","contentUrl":"https:\/\/a-desk.org\/wp-content\/uploads\/2013\/05\/2-2.jpg","width":670,"height":378,"caption":"Jornada Ciudadana \/N.N 15.518"},{"@type":"BreadcrumbList","@id":"https:\/\/a-desk.org\/en\/magazine\/a-citizens-session-in-la-capella\/#breadcrumb","itemListElement":[{"@type":"ListItem","position":1,"name":"Portada","item":"https:\/\/a-desk.org\/en\/"},{"@type":"ListItem","position":2,"name":"A citizens&#8217; session in La Capella and a figure: 15.518"}]},{"@type":"WebSite","@id":"https:\/\/a-desk.org\/#website","url":"https:\/\/a-desk.org\/","name":"A*Desk","description":"A*Desk Critical Thinking","potentialAction":[{"@type":"SearchAction","target":{"@type":"EntryPoint","urlTemplate":"https:\/\/a-desk.org\/?s={search_term_string}"},"query-input":"required name=search_term_string"}],"inLanguage":"en-US"},{"@type":"Person","@id":"https:\/\/a-desk.org\/#\/schema\/person\/79a559a6d79eecb48056031c713624f7","name":"Irina Mutt","image":{"@type":"ImageObject","inLanguage":"en-US","@id":"https:\/\/a-desk.org\/#\/schema\/person\/image\/cf68410699ce4fcf4aa64643ab5f6760","url":"https:\/\/secure.gravatar.com\/avatar\/1ff2127258997692b2544432120d5d01?s=96&d=mm&r=g","contentUrl":"https:\/\/secure.gravatar.com\/avatar\/1ff2127258997692b2544432120d5d01?s=96&d=mm&r=g","caption":"Irina Mutt"},"description":"Sigue citando a Annie Sprinkle.","url":"https:\/\/a-desk.org\/en\/autor\/mutt\/"}]}},"_links":{"self":[{"href":"https:\/\/a-desk.org\/en\/wp-json\/wp\/v2\/posts\/7742"}],"collection":[{"href":"https:\/\/a-desk.org\/en\/wp-json\/wp\/v2\/posts"}],"about":[{"href":"https:\/\/a-desk.org\/en\/wp-json\/wp\/v2\/types\/post"}],"author":[{"embeddable":true,"href":"https:\/\/a-desk.org\/en\/wp-json\/wp\/v2\/users\/1275"}],"replies":[{"embeddable":true,"href":"https:\/\/a-desk.org\/en\/wp-json\/wp\/v2\/comments?post=7742"}],"version-history":[{"count":0,"href":"https:\/\/a-desk.org\/en\/wp-json\/wp\/v2\/posts\/7742\/revisions"}],"wp:featuredmedia":[{"embeddable":true,"href":"https:\/\/a-desk.org\/en\/wp-json\/wp\/v2\/media\/7730"}],"wp:attachment":[{"href":"https:\/\/a-desk.org\/en\/wp-json\/wp\/v2\/media?parent=7742"}],"wp:term":[{"taxonomy":"category","embeddable":true,"href":"https:\/\/a-desk.org\/en\/wp-json\/wp\/v2\/categories?post=7742"},{"taxonomy":"post_tag","embeddable":true,"href":"https:\/\/a-desk.org\/en\/wp-json\/wp\/v2\/tags?post=7742"},{"taxonomy":"author","embeddable":true,"href":"https:\/\/a-desk.org\/en\/wp-json\/wp\/v2\/coauthors?post=7742"}],"curies":[{"name":"wp","href":"https:\/\/api.w.org\/{rel}","templated":true}]}}