{"id":7748,"date":"2013-05-18T10:36:00","date_gmt":"2013-05-18T10:36:00","guid":{"rendered":"http:\/\/a-desk.org\/2013\/05\/18\/the-landscape-as-a-problem\/"},"modified":"2013-05-18T10:36:00","modified_gmt":"2013-05-18T10:36:00","slug":"the-landscape-as-a-problem","status":"publish","type":"post","link":"https:\/\/a-desk.org\/en\/magazine\/the-landscape-as-a-problem\/","title":{"rendered":"The Landscape as a problem"},"content":{"rendered":"<p><img decoding=\"async\" class=\" aligncenter size-full wp-image-7719\" src=\"http:\/\/a-desk.org\/wp-content\/uploads\/2013\/05\/6-Hernani-Hernani.jpg\" alt=\"6-Hernani-Hernani.jpg\" align=\"center\" width=\"615\" height=\"451\" srcset=\"https:\/\/a-desk.org\/wp-content\/uploads\/2013\/05\/6-Hernani-Hernani.jpg 615w, https:\/\/a-desk.org\/wp-content\/uploads\/2013\/05\/6-Hernani-Hernani-545x400.jpg 545w\" sizes=\"(max-width: 615px) 100vw, 615px\" \/><br \/>\nThe problem isn\u2019t the countries but their landscapes. Political, economic, social and environmental landscapes, that mark places with the imprint of their violence. A building, a house, a street and a factory, are places where things happen: landscapes that serve as the background for a story and tell us things, though occasionally they pass unnoticed.  <\/p>\n<p><em>Los pa\u00edses<\/em>  (The countries) is the work that the artist Pedro G. Romero has presented (until 16 June) at the <a href=\"http:\/\/www.casasinfin.com\/\">galer\u00eda Casa sin fin<\/a>, in Madrid. It\u2019s a project that began in 2008, within the framework of the research project <em>Destrucci\u00f3n y construcci\u00f3n del territorio<\/em>(Destruction and construction of the territory), at the Universidad Complutense in Madrid. In reality it is a prolongation of his large <a href=\"http:\/\/fxysudoble.com\/es\/\"><em>Archivo FX<\/em>,<\/a> a documentary archive (in construction) that he has been working on since the end of the nineties. <em>Archivo FX<\/em> is constituted as a collective archive on the Internet with thousands of images organised around thesauri, the titles of which are artistic styles, artists, movements and magazine titles of the modern vanguard. An<em> anarchive<\/em> where the artist places the images and art on trial and proposes the construction of different histories to reveal other realities. A work that is akin to that of  <em>Mnemosyne<\/em> by Aby Warburg or the <em>Passagen Work <\/em>(Arcades Project), by Walter Benjamin, where the author self-imposed the ambitious task of delving deeper into the urban transformations of Paris.  <\/p>\n<p>The exhibition is made up of a series of black and white photographs of different landscapes, of the towns of Tolosa and Hernani in the Basque country. What the artist does is place the recuperation and restoration of old paper factories in Tolosa in relation to the environmental disaster of the current cellulose industry in Hernani, the same activity that according to the artist has been displaced. Pedro G. Romero photographs factories, entrances and transit zones, graffiti and industrial zones that talk of a landscape inscribed by environmental violence, a consequence of the current laxity on the part of the administrations regarding the creation of efficient policies for territorial and ecological issues. <\/p>\n<p>Each one of the photographs is accompanied by literary texts written by the artist: fragments of conversations, random ideas or written notes in a direct, accessible language, but one charged with connotations, sometimes political, at others artistic and sometimes even gastronomic. They are fictions that the artist uses to bestow a different reading on the photographs that in some way or other reinforces the intrinsic violence of the images. In one of the texts, Pedro G. Romero talks about the film <em>Tiefland<\/em>, directed by Leni Riefenstahl, in which she took gypsies from the concentration camps so that they could work in the production as slaves, testifying to what Benjamin in his day proclaimed that &#8220;there is no cultural document that isn\u2019t, at the same time, barbaric\u201d. In another of the texts, he questions the limited political and social commitment of contemporary art, giving as an example the work of Santiago Sierra.<\/p>\n<p>It\u2019s not the first time that Pedro G. Romero presents his work in the format of an exhibition, he already did so with projects like <em>Ciudad Vac\u00eda<\/em>(Empty City), at the Fundaci\u00f3 Antoni T\u00e0pies in Barcelona in 2006 and <em>Econom\u00eda cero<\/em>(Economy Zero), at the Museo Picasso in Barcelona in 2002, despite the difficulty of translating a work conceived for the web to the walls of an art gallery, where it appears fragmented and in an alien context. Hence why <em>Los pa\u00edses<\/em> culminates in a book coedited by the publishers <em>Perif\u00e9rica<\/em>, in which all the texts are shown along with the photographs.  <\/p>\n","protected":false},"excerpt":{"rendered":"<p>The problem isn\u2019t the countries but their landscapes. Political, economic, social and environmental landscapes, that mark places with the imprint of their violence. A building, a house, a street and&#8230;<\/p>\n","protected":false},"author":1246,"featured_media":7719,"comment_status":"open","ping_status":"open","sticky":false,"template":"","format":"standard","meta":{"_relevanssi_hide_post":"","_relevanssi_hide_content":"","_relevanssi_pin_for_all":"","_relevanssi_pin_keywords":"","_relevanssi_unpin_keywords":"","_relevanssi_related_keywords":"","_relevanssi_related_include_ids":"","_relevanssi_related_exclude_ids":"","_relevanssi_related_no_append":"","_relevanssi_related_not_related":"","_relevanssi_related_posts":"","_relevanssi_noindex_reason":"","footnotes":""},"categories":[6783],"tags":[],"coauthors":[],"acf":[],"yoast_head":"<!-- This site is optimized with the Yoast SEO plugin v22.6 - https:\/\/yoast.com\/wordpress\/plugins\/seo\/ -->\n<title>The Landscape as a problem &#8211; A*Desk<\/title>\n<meta name=\"robots\" content=\"index, follow, max-snippet:-1, max-image-preview:large, max-video-preview:-1\" \/>\n<link rel=\"canonical\" href=\"https:\/\/a-desk.org\/en\/magazine\/the-landscape-as-a-problem\/\" \/>\n<meta property=\"og:locale\" content=\"en_US\" \/>\n<meta property=\"og:type\" content=\"article\" \/>\n<meta property=\"og:title\" content=\"The Landscape as a problem &#8211; A*Desk\" \/>\n<meta property=\"og:description\" content=\"The problem isn\u2019t the countries but their landscapes. Political, economic, social and environmental landscapes, that mark places with the imprint of their violence. A building, a house, a street and...\" \/>\n<meta property=\"og:url\" content=\"https:\/\/a-desk.org\/en\/magazine\/the-landscape-as-a-problem\/\" \/>\n<meta property=\"og:site_name\" content=\"A*Desk\" \/>\n<meta property=\"article:published_time\" content=\"2013-05-18T10:36:00+00:00\" \/>\n<meta property=\"og:image\" content=\"https:\/\/a-desk.org\/wp-content\/uploads\/2013\/05\/6-Hernani-Hernani.jpg\" \/>\n\t<meta property=\"og:image:width\" content=\"615\" \/>\n\t<meta property=\"og:image:height\" content=\"451\" \/>\n\t<meta property=\"og:image:type\" content=\"image\/jpeg\" \/>\n<meta name=\"author\" content=\"Rosa Naharro\" \/>\n<meta name=\"twitter:card\" content=\"summary_large_image\" \/>\n<meta name=\"twitter:label1\" content=\"Written by\" \/>\n\t<meta name=\"twitter:data1\" content=\"Rosa Naharro\" \/>\n\t<meta name=\"twitter:label2\" content=\"Est. reading time\" \/>\n\t<meta name=\"twitter:data2\" content=\"3 minutes\" \/>\n<script type=\"application\/ld+json\" class=\"yoast-schema-graph\">{\"@context\":\"https:\/\/schema.org\",\"@graph\":[{\"@type\":\"WebPage\",\"@id\":\"https:\/\/a-desk.org\/en\/magazine\/the-landscape-as-a-problem\/\",\"url\":\"https:\/\/a-desk.org\/en\/magazine\/the-landscape-as-a-problem\/\",\"name\":\"The Landscape as a problem &#8211; A*Desk\",\"isPartOf\":{\"@id\":\"https:\/\/a-desk.org\/#website\"},\"primaryImageOfPage\":{\"@id\":\"https:\/\/a-desk.org\/en\/magazine\/the-landscape-as-a-problem\/#primaryimage\"},\"image\":{\"@id\":\"https:\/\/a-desk.org\/en\/magazine\/the-landscape-as-a-problem\/#primaryimage\"},\"thumbnailUrl\":\"https:\/\/a-desk.org\/wp-content\/uploads\/2013\/05\/6-Hernani-Hernani.jpg\",\"datePublished\":\"2013-05-18T10:36:00+00:00\",\"dateModified\":\"2013-05-18T10:36:00+00:00\",\"author\":{\"@id\":\"https:\/\/a-desk.org\/#\/schema\/person\/14f668c2e5b5867229915ebb06be4809\"},\"breadcrumb\":{\"@id\":\"https:\/\/a-desk.org\/en\/magazine\/the-landscape-as-a-problem\/#breadcrumb\"},\"inLanguage\":\"en-US\",\"potentialAction\":[{\"@type\":\"ReadAction\",\"target\":[\"https:\/\/a-desk.org\/en\/magazine\/the-landscape-as-a-problem\/\"]}]},{\"@type\":\"ImageObject\",\"inLanguage\":\"en-US\",\"@id\":\"https:\/\/a-desk.org\/en\/magazine\/the-landscape-as-a-problem\/#primaryimage\",\"url\":\"https:\/\/a-desk.org\/wp-content\/uploads\/2013\/05\/6-Hernani-Hernani.jpg\",\"contentUrl\":\"https:\/\/a-desk.org\/wp-content\/uploads\/2013\/05\/6-Hernani-Hernani.jpg\",\"width\":615,\"height\":451,\"caption\":\"6-Hernani-Hernani.jpg\"},{\"@type\":\"BreadcrumbList\",\"@id\":\"https:\/\/a-desk.org\/en\/magazine\/the-landscape-as-a-problem\/#breadcrumb\",\"itemListElement\":[{\"@type\":\"ListItem\",\"position\":1,\"name\":\"Portada\",\"item\":\"https:\/\/a-desk.org\/en\/\"},{\"@type\":\"ListItem\",\"position\":2,\"name\":\"The Landscape as a problem\"}]},{\"@type\":\"WebSite\",\"@id\":\"https:\/\/a-desk.org\/#website\",\"url\":\"https:\/\/a-desk.org\/\",\"name\":\"A*Desk\",\"description\":\"A*Desk Critical Thinking\",\"potentialAction\":[{\"@type\":\"SearchAction\",\"target\":{\"@type\":\"EntryPoint\",\"urlTemplate\":\"https:\/\/a-desk.org\/?s={search_term_string}\"},\"query-input\":\"required name=search_term_string\"}],\"inLanguage\":\"en-US\"},{\"@type\":\"Person\",\"@id\":\"https:\/\/a-desk.org\/#\/schema\/person\/14f668c2e5b5867229915ebb06be4809\",\"name\":\"Rosa Naharro\",\"image\":{\"@type\":\"ImageObject\",\"inLanguage\":\"en-US\",\"@id\":\"https:\/\/a-desk.org\/#\/schema\/person\/image\/2548225ca38bf7bd6e5af0e2ddf9a184\",\"url\":\"https:\/\/secure.gravatar.com\/avatar\/787e8acbedaaa1795314f5a98c4a574e?s=96&d=mm&r=g\",\"contentUrl\":\"https:\/\/secure.gravatar.com\/avatar\/787e8acbedaaa1795314f5a98c4a574e?s=96&d=mm&r=g\",\"caption\":\"Rosa Naharro\"},\"url\":\"https:\/\/a-desk.org\/en\/autor\/rosana\/\"}]}<\/script>\n<!-- \/ Yoast SEO plugin. -->","yoast_head_json":{"title":"The Landscape as a problem &#8211; A*Desk","robots":{"index":"index","follow":"follow","max-snippet":"max-snippet:-1","max-image-preview":"max-image-preview:large","max-video-preview":"max-video-preview:-1"},"canonical":"https:\/\/a-desk.org\/en\/magazine\/the-landscape-as-a-problem\/","og_locale":"en_US","og_type":"article","og_title":"The Landscape as a problem &#8211; A*Desk","og_description":"The problem isn\u2019t the countries but their landscapes. Political, economic, social and environmental landscapes, that mark places with the imprint of their violence. A building, a house, a street and...","og_url":"https:\/\/a-desk.org\/en\/magazine\/the-landscape-as-a-problem\/","og_site_name":"A*Desk","article_published_time":"2013-05-18T10:36:00+00:00","og_image":[{"width":615,"height":451,"url":"https:\/\/a-desk.org\/wp-content\/uploads\/2013\/05\/6-Hernani-Hernani.jpg","type":"image\/jpeg"}],"author":"Rosa Naharro","twitter_card":"summary_large_image","twitter_misc":{"Written by":"Rosa Naharro","Est. reading time":"3 minutes"},"schema":{"@context":"https:\/\/schema.org","@graph":[{"@type":"WebPage","@id":"https:\/\/a-desk.org\/en\/magazine\/the-landscape-as-a-problem\/","url":"https:\/\/a-desk.org\/en\/magazine\/the-landscape-as-a-problem\/","name":"The Landscape as a problem &#8211; A*Desk","isPartOf":{"@id":"https:\/\/a-desk.org\/#website"},"primaryImageOfPage":{"@id":"https:\/\/a-desk.org\/en\/magazine\/the-landscape-as-a-problem\/#primaryimage"},"image":{"@id":"https:\/\/a-desk.org\/en\/magazine\/the-landscape-as-a-problem\/#primaryimage"},"thumbnailUrl":"https:\/\/a-desk.org\/wp-content\/uploads\/2013\/05\/6-Hernani-Hernani.jpg","datePublished":"2013-05-18T10:36:00+00:00","dateModified":"2013-05-18T10:36:00+00:00","author":{"@id":"https:\/\/a-desk.org\/#\/schema\/person\/14f668c2e5b5867229915ebb06be4809"},"breadcrumb":{"@id":"https:\/\/a-desk.org\/en\/magazine\/the-landscape-as-a-problem\/#breadcrumb"},"inLanguage":"en-US","potentialAction":[{"@type":"ReadAction","target":["https:\/\/a-desk.org\/en\/magazine\/the-landscape-as-a-problem\/"]}]},{"@type":"ImageObject","inLanguage":"en-US","@id":"https:\/\/a-desk.org\/en\/magazine\/the-landscape-as-a-problem\/#primaryimage","url":"https:\/\/a-desk.org\/wp-content\/uploads\/2013\/05\/6-Hernani-Hernani.jpg","contentUrl":"https:\/\/a-desk.org\/wp-content\/uploads\/2013\/05\/6-Hernani-Hernani.jpg","width":615,"height":451,"caption":"6-Hernani-Hernani.jpg"},{"@type":"BreadcrumbList","@id":"https:\/\/a-desk.org\/en\/magazine\/the-landscape-as-a-problem\/#breadcrumb","itemListElement":[{"@type":"ListItem","position":1,"name":"Portada","item":"https:\/\/a-desk.org\/en\/"},{"@type":"ListItem","position":2,"name":"The Landscape as a problem"}]},{"@type":"WebSite","@id":"https:\/\/a-desk.org\/#website","url":"https:\/\/a-desk.org\/","name":"A*Desk","description":"A*Desk Critical Thinking","potentialAction":[{"@type":"SearchAction","target":{"@type":"EntryPoint","urlTemplate":"https:\/\/a-desk.org\/?s={search_term_string}"},"query-input":"required name=search_term_string"}],"inLanguage":"en-US"},{"@type":"Person","@id":"https:\/\/a-desk.org\/#\/schema\/person\/14f668c2e5b5867229915ebb06be4809","name":"Rosa Naharro","image":{"@type":"ImageObject","inLanguage":"en-US","@id":"https:\/\/a-desk.org\/#\/schema\/person\/image\/2548225ca38bf7bd6e5af0e2ddf9a184","url":"https:\/\/secure.gravatar.com\/avatar\/787e8acbedaaa1795314f5a98c4a574e?s=96&d=mm&r=g","contentUrl":"https:\/\/secure.gravatar.com\/avatar\/787e8acbedaaa1795314f5a98c4a574e?s=96&d=mm&r=g","caption":"Rosa Naharro"},"url":"https:\/\/a-desk.org\/en\/autor\/rosana\/"}]}},"_links":{"self":[{"href":"https:\/\/a-desk.org\/en\/wp-json\/wp\/v2\/posts\/7748"}],"collection":[{"href":"https:\/\/a-desk.org\/en\/wp-json\/wp\/v2\/posts"}],"about":[{"href":"https:\/\/a-desk.org\/en\/wp-json\/wp\/v2\/types\/post"}],"author":[{"embeddable":true,"href":"https:\/\/a-desk.org\/en\/wp-json\/wp\/v2\/users\/1246"}],"replies":[{"embeddable":true,"href":"https:\/\/a-desk.org\/en\/wp-json\/wp\/v2\/comments?post=7748"}],"version-history":[{"count":0,"href":"https:\/\/a-desk.org\/en\/wp-json\/wp\/v2\/posts\/7748\/revisions"}],"wp:featuredmedia":[{"embeddable":true,"href":"https:\/\/a-desk.org\/en\/wp-json\/wp\/v2\/media\/7719"}],"wp:attachment":[{"href":"https:\/\/a-desk.org\/en\/wp-json\/wp\/v2\/media?parent=7748"}],"wp:term":[{"taxonomy":"category","embeddable":true,"href":"https:\/\/a-desk.org\/en\/wp-json\/wp\/v2\/categories?post=7748"},{"taxonomy":"post_tag","embeddable":true,"href":"https:\/\/a-desk.org\/en\/wp-json\/wp\/v2\/tags?post=7748"},{"taxonomy":"author","embeddable":true,"href":"https:\/\/a-desk.org\/en\/wp-json\/wp\/v2\/coauthors?post=7748"}],"curies":[{"name":"wp","href":"https:\/\/api.w.org\/{rel}","templated":true}]}}