{"id":8360,"date":"2013-11-16T13:32:51","date_gmt":"2013-11-16T13:32:51","guid":{"rendered":"http:\/\/a-desk.org\/2013\/11\/16\/come-on-down-to-the-sewers-dan\/"},"modified":"2013-11-16T13:32:51","modified_gmt":"2013-11-16T13:32:51","slug":"come-on-down-to-the-sewers-dan","status":"publish","type":"post","link":"https:\/\/a-desk.org\/en\/magazine\/come-on-down-to-the-sewers-dan\/","title":{"rendered":"Come on down to the sewers. Dan Graham at Uma certa falta de Coer\u00eancia"},"content":{"rendered":"<p><img decoding=\"async\" class=\" alignleft size-full wp-image-8323\" src=\"http:\/\/a-desk.org\/wp-content\/uploads\/2013\/11\/21_IMAG1228.jpg\" alt=\"21_IMAG1228.jpg\" align=\"left\" width=\"670\" height=\"401\" srcset=\"https:\/\/a-desk.org\/wp-content\/uploads\/2013\/11\/21_IMAG1228.jpg 670w, https:\/\/a-desk.org\/wp-content\/uploads\/2013\/11\/21_IMAG1228-595x356.jpg 595w\" sizes=\"(max-width: 670px) 100vw, 670px\" \/><br \/>\nWe head down the pronounced slope of the R\u00faa dos Caldeireiros, a hidden away street that has ended up isolated amidst the process of gentrifying the city of Porto. The street narrows, with the even and odd balconies seeming to touch and in number 77, through a dirty piece of glass and its baroque aluminium grille, we spot an old television out of which glows a video by Dan Graham. Its Rock My Religion, more than just a video, an already historic piece and a bible for the punk-rock trend tied to intellectualism. <\/p>\n<p><a href=\"http:\/\/umacertafaltadecoerencia.blogspot.com.es\">Uma certa falta de Coer\u00eancia<\/a> is the space that the artists Andr\u00e9 Sousa and Mauro Cerqueira have been running for the last five years. Through which during this time creators of top class ranking have passed. It is the caprice of two artists that, a few metres further up, also run an old print shop that they have converted into their studio. Uma certa falta de Coer\u00eancia for them supposes a process of investigation, with each exhibition responding to a new step that their project has to take, on a personal level as well as in the artistic career of each.   <\/p>\n<p>Pedro de Llano (Santiago de Compostela, 1977) has been charged with curating this impossible show. The initiative, which emerged out of the friendship that unites Sousa and Cerqueira, arose as a challenge. For de Llano, who first came into contact with Graham in 1996, when the North American gave a workshop at the CGAC (Santiago de Compostela), the idea of working with this artist appealed as a challenge. After the initial doubts, he wrote a letter and sent off the proposal. The aim was to convince Graham of the advantages of bringing his work to this place, a space with very different characteristics to those he was accustomed to. The profound relation that Uma certa falta de Coer\u00eancia mantains with the urban fabric, architecturally and socially, supposed a point in its favour and Graham accepted the offer. <\/p>\n<p>The customary lack of budget led the artist to propose a series of videos &#8211; Two way mirror cylinder inside cube and a video salon, Classic and Recent Installations\/Pavilions: 1974-2008 and Death by chocolate, in addition to the aforementioned Rock My Religion- which de Llano, Sousa and Cerqueira decided to complement with other material found in their investigations. This stemmed from the consultation of the archives of the architect Pedro de Llano (the curator\u2019s father) who collaborated with Graham in the design of different pavilions: like the one he made for the terrace of the CGAC, the two projects that resulted in the pavilion of the gardens of the Serralves Foundation (Porto) and two others for MACBA and the T\u00e0pies Foundation that never ended up being built. <\/p>\n<p>The models of Pedro de Llano and the documents corresponding to the process were placed in a way that evaded the fever for the documentary: photocopying and sticking all the sheets in the form of a poster on the space walls: improvised plinths on which rest the models and the crumbling walls onto which the videos are projected. The Coer\u00eancia is a decrepit, dirty space that returns Graham to this sense of the underground that the white cube will never have. Because Rock &#038; Roll between white walls is an imposture and we know it.  <\/p>\n<p>To this material is added the maquette that Graham made as a sketch for the granite sculpture for the Illa das Esculturas in the city of Pontevedra \u2013a place well worth visiting, where since 1999 a series of site specific works (curated by X. Ant\u00f3n Castro) by artists like Richard Long, Robert Morris, Giovanni Anselmo, Ian Hamilton, Jos\u00e9 Pedro Croft, Jenny Holzer and Ulrich R\u00fcckriem coexist in a state of abandon.  <\/p>\n<p>There is also this sort of road trip that Sousa, Cerqueira and de Llano have carried out in the last few months, following Graham wherever they knew of his presence, doing interviews and visiting, amongst others, a curious pavilion that the artist projected for a private collection in Extremadura. The pavilion, never contemplated in situ by the artist, opened up the possibility for Graham to travel to Oporto for this show in the Coer\u00eancia and to thereby take the opportunity to contemplate his piece in Villanueva de la Vera (C\u00e1ceres). Sousa, de Llano and Cerqueira had no doubts about travelling to this place, at the foot of the Sierra de Gredos, to film it and place the material at the disposition of the artist. <\/p>\n<p>The project of Coer\u00eancia as much as <em>Future \u00e9s Dan Graham<\/em>, the name they have given to this atypical exhibition, are a perfect example that neither the crisis nor the destructive desires of the cultural policies, whatever their colour, can shift us from the place we occupy. And if it pisses them off so much, let them roll up their trousers and come on down to the sewers. <\/p>\n","protected":false},"excerpt":{"rendered":"<p>We head down the pronounced slope of the R\u00faa dos Caldeireiros, a hidden away street that has ended up isolated amidst the process of gentrifying the city of Porto. The&#8230;<\/p>\n","protected":false},"author":1268,"featured_media":8323,"comment_status":"open","ping_status":"open","sticky":false,"template":"","format":"standard","meta":{"_relevanssi_hide_post":"","_relevanssi_hide_content":"","_relevanssi_pin_for_all":"","_relevanssi_pin_keywords":"","_relevanssi_unpin_keywords":"","_relevanssi_related_keywords":"","_relevanssi_related_include_ids":"","_relevanssi_related_exclude_ids":"","_relevanssi_related_no_append":"","_relevanssi_related_not_related":"","_relevanssi_related_posts":"","_relevanssi_noindex_reason":"","footnotes":""},"categories":[6783],"tags":[],"coauthors":[],"acf":[],"yoast_head":"<!-- This site is optimized with the Yoast SEO plugin v22.6 - https:\/\/yoast.com\/wordpress\/plugins\/seo\/ -->\n<title>Come on down to the sewers. Dan Graham at Uma certa falta de Coer\u00eancia &#8211; A*Desk<\/title>\n<meta name=\"robots\" content=\"index, follow, max-snippet:-1, max-image-preview:large, max-video-preview:-1\" \/>\n<link rel=\"canonical\" href=\"https:\/\/a-desk.org\/en\/magazine\/come-on-down-to-the-sewers-dan\/\" \/>\n<meta property=\"og:locale\" content=\"en_US\" \/>\n<meta property=\"og:type\" content=\"article\" \/>\n<meta property=\"og:title\" content=\"Come on down to the sewers. Dan Graham at Uma certa falta de Coer\u00eancia &#8211; A*Desk\" \/>\n<meta property=\"og:description\" content=\"We head down the pronounced slope of the R\u00faa dos Caldeireiros, a hidden away street that has ended up isolated amidst the process of gentrifying the city of Porto. The...\" \/>\n<meta property=\"og:url\" content=\"https:\/\/a-desk.org\/en\/magazine\/come-on-down-to-the-sewers-dan\/\" \/>\n<meta property=\"og:site_name\" content=\"A*Desk\" \/>\n<meta property=\"article:published_time\" content=\"2013-11-16T13:32:51+00:00\" \/>\n<meta property=\"og:image\" content=\"https:\/\/a-desk.org\/wp-content\/uploads\/2013\/11\/21_IMAG1228.jpg\" \/>\n\t<meta property=\"og:image:width\" content=\"670\" \/>\n\t<meta property=\"og:image:height\" content=\"401\" \/>\n\t<meta property=\"og:image:type\" content=\"image\/jpeg\" \/>\n<meta name=\"author\" content=\"\u00c1ngel Calvo Ulloa\" \/>\n<meta name=\"twitter:card\" content=\"summary_large_image\" \/>\n<meta name=\"twitter:label1\" content=\"Written by\" \/>\n\t<meta name=\"twitter:data1\" content=\"\u00c1ngel Calvo Ulloa\" \/>\n\t<meta name=\"twitter:label2\" content=\"Est. reading time\" \/>\n\t<meta name=\"twitter:data2\" content=\"4 minutes\" \/>\n<script type=\"application\/ld+json\" class=\"yoast-schema-graph\">{\"@context\":\"https:\/\/schema.org\",\"@graph\":[{\"@type\":\"WebPage\",\"@id\":\"https:\/\/a-desk.org\/en\/magazine\/come-on-down-to-the-sewers-dan\/\",\"url\":\"https:\/\/a-desk.org\/en\/magazine\/come-on-down-to-the-sewers-dan\/\",\"name\":\"Come on down to the sewers. Dan Graham at Uma certa falta de Coer\u00eancia &#8211; A*Desk\",\"isPartOf\":{\"@id\":\"https:\/\/a-desk.org\/#website\"},\"primaryImageOfPage\":{\"@id\":\"https:\/\/a-desk.org\/en\/magazine\/come-on-down-to-the-sewers-dan\/#primaryimage\"},\"image\":{\"@id\":\"https:\/\/a-desk.org\/en\/magazine\/come-on-down-to-the-sewers-dan\/#primaryimage\"},\"thumbnailUrl\":\"https:\/\/a-desk.org\/wp-content\/uploads\/2013\/11\/21_IMAG1228.jpg\",\"datePublished\":\"2013-11-16T13:32:51+00:00\",\"dateModified\":\"2013-11-16T13:32:51+00:00\",\"author\":{\"@id\":\"https:\/\/a-desk.org\/#\/schema\/person\/aa5343d9283d358682ee0ccf2195a5ce\"},\"breadcrumb\":{\"@id\":\"https:\/\/a-desk.org\/en\/magazine\/come-on-down-to-the-sewers-dan\/#breadcrumb\"},\"inLanguage\":\"en-US\",\"potentialAction\":[{\"@type\":\"ReadAction\",\"target\":[\"https:\/\/a-desk.org\/en\/magazine\/come-on-down-to-the-sewers-dan\/\"]}]},{\"@type\":\"ImageObject\",\"inLanguage\":\"en-US\",\"@id\":\"https:\/\/a-desk.org\/en\/magazine\/come-on-down-to-the-sewers-dan\/#primaryimage\",\"url\":\"https:\/\/a-desk.org\/wp-content\/uploads\/2013\/11\/21_IMAG1228.jpg\",\"contentUrl\":\"https:\/\/a-desk.org\/wp-content\/uploads\/2013\/11\/21_IMAG1228.jpg\",\"width\":670,\"height\":401,\"caption\":\"21_IMAG1228.jpg\"},{\"@type\":\"BreadcrumbList\",\"@id\":\"https:\/\/a-desk.org\/en\/magazine\/come-on-down-to-the-sewers-dan\/#breadcrumb\",\"itemListElement\":[{\"@type\":\"ListItem\",\"position\":1,\"name\":\"Portada\",\"item\":\"https:\/\/a-desk.org\/en\/\"},{\"@type\":\"ListItem\",\"position\":2,\"name\":\"Come on down to the sewers. Dan Graham at Uma certa falta de Coer\u00eancia\"}]},{\"@type\":\"WebSite\",\"@id\":\"https:\/\/a-desk.org\/#website\",\"url\":\"https:\/\/a-desk.org\/\",\"name\":\"A*Desk\",\"description\":\"A*Desk Critical Thinking\",\"potentialAction\":[{\"@type\":\"SearchAction\",\"target\":{\"@type\":\"EntryPoint\",\"urlTemplate\":\"https:\/\/a-desk.org\/?s={search_term_string}\"},\"query-input\":\"required name=search_term_string\"}],\"inLanguage\":\"en-US\"},{\"@type\":\"Person\",\"@id\":\"https:\/\/a-desk.org\/#\/schema\/person\/aa5343d9283d358682ee0ccf2195a5ce\",\"name\":\"\u00c1ngel Calvo Ulloa\",\"image\":{\"@type\":\"ImageObject\",\"inLanguage\":\"en-US\",\"@id\":\"https:\/\/a-desk.org\/#\/schema\/person\/image\/5efcb3cc979dad39f823143cba45214c\",\"url\":\"https:\/\/secure.gravatar.com\/avatar\/18d27f5800ee49b0abb26eb9e5bfe8e6?s=96&d=mm&r=g\",\"contentUrl\":\"https:\/\/secure.gravatar.com\/avatar\/18d27f5800ee49b0abb26eb9e5bfe8e6?s=96&d=mm&r=g\",\"caption\":\"\u00c1ngel Calvo Ulloa\"},\"url\":\"https:\/\/a-desk.org\/en\/autor\/angel\/\"}]}<\/script>\n<!-- \/ Yoast SEO plugin. -->","yoast_head_json":{"title":"Come on down to the sewers. Dan Graham at Uma certa falta de Coer\u00eancia &#8211; A*Desk","robots":{"index":"index","follow":"follow","max-snippet":"max-snippet:-1","max-image-preview":"max-image-preview:large","max-video-preview":"max-video-preview:-1"},"canonical":"https:\/\/a-desk.org\/en\/magazine\/come-on-down-to-the-sewers-dan\/","og_locale":"en_US","og_type":"article","og_title":"Come on down to the sewers. Dan Graham at Uma certa falta de Coer\u00eancia &#8211; A*Desk","og_description":"We head down the pronounced slope of the R\u00faa dos Caldeireiros, a hidden away street that has ended up isolated amidst the process of gentrifying the city of Porto. The...","og_url":"https:\/\/a-desk.org\/en\/magazine\/come-on-down-to-the-sewers-dan\/","og_site_name":"A*Desk","article_published_time":"2013-11-16T13:32:51+00:00","og_image":[{"width":670,"height":401,"url":"https:\/\/a-desk.org\/wp-content\/uploads\/2013\/11\/21_IMAG1228.jpg","type":"image\/jpeg"}],"author":"\u00c1ngel Calvo Ulloa","twitter_card":"summary_large_image","twitter_misc":{"Written by":"\u00c1ngel Calvo Ulloa","Est. reading time":"4 minutes"},"schema":{"@context":"https:\/\/schema.org","@graph":[{"@type":"WebPage","@id":"https:\/\/a-desk.org\/en\/magazine\/come-on-down-to-the-sewers-dan\/","url":"https:\/\/a-desk.org\/en\/magazine\/come-on-down-to-the-sewers-dan\/","name":"Come on down to the sewers. Dan Graham at Uma certa falta de Coer\u00eancia &#8211; A*Desk","isPartOf":{"@id":"https:\/\/a-desk.org\/#website"},"primaryImageOfPage":{"@id":"https:\/\/a-desk.org\/en\/magazine\/come-on-down-to-the-sewers-dan\/#primaryimage"},"image":{"@id":"https:\/\/a-desk.org\/en\/magazine\/come-on-down-to-the-sewers-dan\/#primaryimage"},"thumbnailUrl":"https:\/\/a-desk.org\/wp-content\/uploads\/2013\/11\/21_IMAG1228.jpg","datePublished":"2013-11-16T13:32:51+00:00","dateModified":"2013-11-16T13:32:51+00:00","author":{"@id":"https:\/\/a-desk.org\/#\/schema\/person\/aa5343d9283d358682ee0ccf2195a5ce"},"breadcrumb":{"@id":"https:\/\/a-desk.org\/en\/magazine\/come-on-down-to-the-sewers-dan\/#breadcrumb"},"inLanguage":"en-US","potentialAction":[{"@type":"ReadAction","target":["https:\/\/a-desk.org\/en\/magazine\/come-on-down-to-the-sewers-dan\/"]}]},{"@type":"ImageObject","inLanguage":"en-US","@id":"https:\/\/a-desk.org\/en\/magazine\/come-on-down-to-the-sewers-dan\/#primaryimage","url":"https:\/\/a-desk.org\/wp-content\/uploads\/2013\/11\/21_IMAG1228.jpg","contentUrl":"https:\/\/a-desk.org\/wp-content\/uploads\/2013\/11\/21_IMAG1228.jpg","width":670,"height":401,"caption":"21_IMAG1228.jpg"},{"@type":"BreadcrumbList","@id":"https:\/\/a-desk.org\/en\/magazine\/come-on-down-to-the-sewers-dan\/#breadcrumb","itemListElement":[{"@type":"ListItem","position":1,"name":"Portada","item":"https:\/\/a-desk.org\/en\/"},{"@type":"ListItem","position":2,"name":"Come on down to the sewers. Dan Graham at Uma certa falta de Coer\u00eancia"}]},{"@type":"WebSite","@id":"https:\/\/a-desk.org\/#website","url":"https:\/\/a-desk.org\/","name":"A*Desk","description":"A*Desk Critical Thinking","potentialAction":[{"@type":"SearchAction","target":{"@type":"EntryPoint","urlTemplate":"https:\/\/a-desk.org\/?s={search_term_string}"},"query-input":"required name=search_term_string"}],"inLanguage":"en-US"},{"@type":"Person","@id":"https:\/\/a-desk.org\/#\/schema\/person\/aa5343d9283d358682ee0ccf2195a5ce","name":"\u00c1ngel Calvo Ulloa","image":{"@type":"ImageObject","inLanguage":"en-US","@id":"https:\/\/a-desk.org\/#\/schema\/person\/image\/5efcb3cc979dad39f823143cba45214c","url":"https:\/\/secure.gravatar.com\/avatar\/18d27f5800ee49b0abb26eb9e5bfe8e6?s=96&d=mm&r=g","contentUrl":"https:\/\/secure.gravatar.com\/avatar\/18d27f5800ee49b0abb26eb9e5bfe8e6?s=96&d=mm&r=g","caption":"\u00c1ngel Calvo Ulloa"},"url":"https:\/\/a-desk.org\/en\/autor\/angel\/"}]}},"_links":{"self":[{"href":"https:\/\/a-desk.org\/en\/wp-json\/wp\/v2\/posts\/8360"}],"collection":[{"href":"https:\/\/a-desk.org\/en\/wp-json\/wp\/v2\/posts"}],"about":[{"href":"https:\/\/a-desk.org\/en\/wp-json\/wp\/v2\/types\/post"}],"author":[{"embeddable":true,"href":"https:\/\/a-desk.org\/en\/wp-json\/wp\/v2\/users\/1268"}],"replies":[{"embeddable":true,"href":"https:\/\/a-desk.org\/en\/wp-json\/wp\/v2\/comments?post=8360"}],"version-history":[{"count":0,"href":"https:\/\/a-desk.org\/en\/wp-json\/wp\/v2\/posts\/8360\/revisions"}],"wp:featuredmedia":[{"embeddable":true,"href":"https:\/\/a-desk.org\/en\/wp-json\/wp\/v2\/media\/8323"}],"wp:attachment":[{"href":"https:\/\/a-desk.org\/en\/wp-json\/wp\/v2\/media?parent=8360"}],"wp:term":[{"taxonomy":"category","embeddable":true,"href":"https:\/\/a-desk.org\/en\/wp-json\/wp\/v2\/categories?post=8360"},{"taxonomy":"post_tag","embeddable":true,"href":"https:\/\/a-desk.org\/en\/wp-json\/wp\/v2\/tags?post=8360"},{"taxonomy":"author","embeddable":true,"href":"https:\/\/a-desk.org\/en\/wp-json\/wp\/v2\/coauthors?post=8360"}],"curies":[{"name":"wp","href":"https:\/\/api.w.org\/{rel}","templated":true}]}}